{"id":88314,"date":"2025-07-02T20:51:50","date_gmt":"2025-07-02T23:51:50","guid":{"rendered":"https:\/\/vocesparalelas.com.ar\/sitio\/?p=88314"},"modified":"2025-07-04T01:29:07","modified_gmt":"2025-07-04T04:29:07","slug":"12-edicion-premio-domingo-faustino-sarmiento-de-ciencia-e-innovacion-y-programa-de-apoyo-a-la-investigacion-y-difusion-cienti%ef%ac%81ca-en-san-juan","status":"publish","type":"post","link":"https:\/\/vocesparalelas.com.ar\/sitio\/12-edicion-premio-domingo-faustino-sarmiento-de-ciencia-e-innovacion-y-programa-de-apoyo-a-la-investigacion-y-difusion-cienti%ef%ac%81ca-en-san-juan\/","title":{"rendered":"12\u00b0 edici\u00f3n \u00abPremio Domingo Faustino Sarmiento de Ciencia e Innovaci\u00f3n\u00bb y Programa de Apoyo a la Investigaci\u00f3n y Difusi\u00f3n Cient\u00ed\ufb01ca. en San Juan"},"content":{"rendered":"<p>Renovando la apuesta del Gobierno de San Juan al desarrollo cient\u00edfico con la<\/p>\n<ul>\n<li>12\u00b0 edici\u00f3n \u00abPremio Domingo Faustino Sarmiento de Ciencia e Innovaci\u00f3n\u00bb<\/li>\n<li>Programa de Apoyo a la Investigaci\u00f3n y Difusi\u00f3n Cient\u00ed\ufb01ca.<\/li>\n<\/ul>\n<p>Coordinadas por el Ministerio de Producci\u00f3n, Trabajo e Innovaci\u00f3n del Gobierno de San Juan, entre ambas acciones ser\u00e1n invertidos directamente en el sistema cient\u00ed\ufb01co-tecnol\u00f3gico local un total de $78.500.000 de fondos provinciales. As\u00ed, mediante un enfoque transversal en \u00e1reas estrat\u00e9gicas, el Gobierno de San Juan refuerza una pol\u00edtica de innovaci\u00f3n productiva y de apoyo al talento local.<\/p>\n<p>La presentaci\u00f3n se desarroll\u00f3 en el Centro de Econom\u00eda del Conocimiento e Innovaci\u00f3n de San Juan &#8211; CECI -, fue presidido por el ministro de Producci\u00f3n, Trabajo e Innovaci\u00f3n, CPN Gustavo Fern\u00e1ndez; acompa\u00f1ado por el secretario de Ciencia, Tecnolog\u00eda e Innovaci\u00f3n, Dr. Germ\u00e1n Von Euw; y el director de Promoci\u00f3n de la Actividad Cient\u00edfica y Tecnol\u00f3gica, Dr. Federico Ramos. Tambi\u00e9n estuvieron presentes la rectora de la Universidad Cat\u00f3lica de Cuyo, Lic. Mar\u00eda Laura Simonacci y la vicerrectora de la Universidad Nacional de San Juan, Esp. Andrea Leceta, entre otras autoridades.<\/p>\n<p>En este contexto, el ministro de Producci\u00f3n, Trabajo e Innovaci\u00f3n, CPN Gustavo Fern\u00e1ndez resalt\u00f3 que \u00abes un mandato permanente del gobernador Marcelo Orrego que tiene que ver con la vinculaci\u00f3n entre la producci\u00f3n cient\u00edfica, entre la academia, y la b\u00fasqueda de soluciones para las necesidades de nuestros ciudadanos y de nuestro mundo productivo\u00bb.<\/p>\n<p>Tambi\u00e9n valor\u00f3 que \u00abtenemos una capacidad acad\u00e9mica y una capacidad de investigaci\u00f3n y desarrollo cient\u00edfico en la provincia de San Juan que tenemos que promover\u00bb.<\/p>\n<p>Sostuvo que \u00abnuestras empresas, particularmente de las actividades que desarrollamos en la provincia de San Juan, para sostenerse en este mundo competitivo, necesitan de mucha innovaci\u00f3n. Y esa innovaci\u00f3n se produce a partir de la investigaci\u00f3n. Por eso, quiero agradecer el acompa\u00f1amiento permanente de las distintas casas de estudio que est\u00e1n en la provincia\u00bb.<\/p>\n<p>Concluy\u00f3 que \u00aben el apoyo al sistema de econom\u00eda del conocimiento de la provincia, llevamos poniendo a disposici\u00f3n m\u00e1s de 800 millones de pesos, que han surgido todos de recursos provinciales exclusivamente. Desde hace alg\u00fan tiempo sabemos que no hay disponibilidad de recursos nacionales para estas actividades\u00bb.<\/p>\n<p>Por su parte, el secretario de Ciencia, Tecnolog\u00eda e Innovaci\u00f3n, Dr. Germ\u00e1n Von Euw destac\u00f3 que \u00abel Premio Domingo Faustino Sarmiento 2025 se procur\u00f3 mejorar los reconocimientos por lo que se aumentaron la cantidad de premios y el monto econ\u00f3mico, adem\u00e1s de que se desdobl\u00f3 el premio en m\u00e1s categor\u00edas. Resalt\u00f3 que \u00abtambi\u00e9n sabemos escuchar y uno de los pedidos fue que por favor ampliemos las categor\u00edas sobre el eje estrat\u00e9gico, as\u00ed que hemos sumado tambi\u00e9n Ciencias Sociales y Humanas con innovaci\u00f3n a las que ya ven\u00edan el a\u00f1o pasado\u00bb.<\/p>\n<p>Luego, el director de Promoci\u00f3n de la Actividad Cient\u00edfica y Tecnol\u00f3gica, Dr. Federico Ramos subray\u00f3 que \u00abestas acciones nos permiten pensar que creemos firmemente en una ciencia que dialoga permanentemente con la producci\u00f3n, en una ciencia que sea capaz de mejorar la calidad de vida de las personas, que tiene un efecto multiplicador en cada aula, en cada laboratorio, en cada centro de investigaci\u00f3n y en cada rinc\u00f3n donde haya una pregunta sin responder\u00bb.<\/p>\n<p>Respecto del Premio Domingo Faustino Sarmiento de Ciencia e Innovaci\u00f3n, se realiza por 12vo a\u00f1o, por lo que ya est\u00e1 consolidado como m\u00e1ximo reconocimiento acad\u00e9mico a nivel provincial. Refuerza la visi\u00f3n de un San Juan que valora la educaci\u00f3n, la ciencia y la innovaci\u00f3n como motores del desarrollo local, en l\u00ednea con el ideario de Sarmiento. Contempla el reconocimiento en varias categor\u00edas, con un total estimado en premios de $13.500.000.<\/p>\n<p>El Programa de Apoyo a la Investigaci\u00f3n y Difusi\u00f3n Cient\u00ed\ufb01ca muestra una decisi\u00f3n activa del Gobierno de San Juan de fortalecer el sistema cient\u00ed\ufb01co-tecnol\u00f3gico, con \ufb01nanciamiento propio. A su vez, se alinea con objetivos de internacionalizaci\u00f3n, visibilizaci\u00f3n del talento local y transferencia de conocimiento a la sociedad y al sector productivo. Adem\u00e1s, refuerza la pol\u00edtica de San Juan como sede de ciencia y eventos acad\u00e9micos, con impacto econ\u00f3mico, social y tur\u00edstico. El presupuesto total de este programa asciende a $65.000.000, distribuidos en tres subprogramas.<\/p>\n<h3><strong><span style=\"color: #ff6600;\">\u00bfC\u00f3mo participar?<\/span><\/strong><\/h3>\n<p><strong><span style=\"color: #ff6600;\">Premio Domingo Faustino Sarmiento<\/span><\/strong><\/p>\n<ul>\n<li>Fechas de postulaci\u00f3n: del 1 de julio al 11 de agosto de 2025, por expediente f\u00edsico y formulario online.<\/li>\n<li>Per\u00edodo de elegibilidad de trabajos: deben haber sido defendidos y aprobados entre el 1\/7\/2024 y el 30\/6\/2025.<\/li>\n<\/ul>\n<p><span style=\"color: #ff6600;\"><strong>Categor\u00edas y \ufb01nanciamiento:<\/strong><\/span><\/p>\n<p>1. 10 premios de $500.000 para trabajos \ufb01nales de grado.<br \/>\n2. 5 premios de $700.000 para tesis de maestr\u00eda.<br \/>\n3. 5 premios de $1.000.000 para tesis de doctorado.<br \/>\n4. Hasta 3 Menciones Honor\u00ed\ufb01cas con un adicional de $500.000.<\/p>\n<p><strong><span style=\"color: #ff6600;\">Ejes tem\u00e1ticos estrat\u00e9gicos:<\/span><\/strong><\/p>\n<p>1. Agregado de valor a la producci\u00f3n local.<br \/>\n2. Econom\u00eda del conocimiento.<br \/>\n3. Uso e\ufb01ciente de recursos naturales y sostenibilidad.<br \/>\n4. Nuevos sectores productivos.<br \/>\n5. Investigaciones STEM.<br \/>\n6. Ciencias Sociales y Humanas con innovaci\u00f3n.<\/p>\n<p><strong><span style=\"color: #ff6600;\">Programa de Apoyo a la Investigaci\u00f3n y Difusi\u00f3n Cient\u00ed\ufb01ca<\/span><\/strong><\/p>\n<p><strong><span style=\"color: #ff6600;\">Subprograma I: Apoyo a Estad\u00edas Cient\u00ed\ufb01cas<\/span><\/strong><\/p>\n<ul>\n<li>Convocatoria: 1\/2 al 30\/9 (ventanilla abierta).<\/li>\n<li>Monto m\u00e1ximo: hasta $2.000.000 para pasaje.<\/li>\n<li>\u00a0Ejes prioritarios: producci\u00f3n local, sostenibilidad, econom\u00eda del conocimiento, STEM.<\/li>\n<\/ul>\n<p><strong><span style=\"color: #ff6600;\">Subprograma II: Apoyo a Organizaci\u00f3n de Congresos*<\/span><\/strong><\/p>\n<ul>\n<li>Convocatoria: 1\/2 al 30\/9 (ventanilla abierta).<\/li>\n<li>Financiamiento: hasta $2.000.000 por evento.<\/li>\n<li>Apoya adem\u00e1s con infraestructura p\u00fablica y redes o\ufb01ciales.<\/li>\n<\/ul>\n<p><strong><span style=\"color: #ff6600;\">Subprograma III: Apoyo a Participaci\u00f3n en Congresos<\/span><\/strong><\/p>\n<ul>\n<li>Convocatoria: 1\/2 al 30\/9 (ventanilla abierta).<\/li>\n<li>Monto m\u00e1ximo: hasta $500.000 (s\u00f3lo para expositores).<\/li>\n<\/ul>\n<p><img loading=\"lazy\" decoding=\"async\" class=\"alignnone size-full wp-image-69483\" src=\"https:\/\/vocesparalelas.com.ar\/sitio\/wp-content\/uploads\/2024\/02\/CECI-SJ-02.jpg\" alt=\"\" width=\"800\" height=\"451\" srcset=\"https:\/\/vocesparalelas.com.ar\/sitio\/wp-content\/uploads\/2024\/02\/CECI-SJ-02.jpg 800w, https:\/\/vocesparalelas.com.ar\/sitio\/wp-content\/uploads\/2024\/02\/CECI-SJ-02-300x169.jpg 300w, https:\/\/vocesparalelas.com.ar\/sitio\/wp-content\/uploads\/2024\/02\/CECI-SJ-02-768x433.jpg 768w\" sizes=\"auto, (max-width: 800px) 100vw, 800px\" \/><\/p>\n","protected":false},"excerpt":{"rendered":"<p>Renovando la apuesta del Gobierno de San Juan al desarrollo cient\u00edfico con la 12\u00b0 edici\u00f3n \u00abPremio Domingo Faustino Sarmiento de<\/p>\n","protected":false},"author":3,"featured_media":88317,"comment_status":"closed","ping_status":"closed","sticky":false,"template":"","format":"standard","meta":{"_acf_changed":false,"_seopress_robots_primary_cat":"none","_seopress_titles_title":"","_seopress_titles_desc":"","_seopress_robots_index":"","colormag_page_container_layout":"default_layout","colormag_page_sidebar_layout":"default_layout","footnotes":""},"categories":[15],"tags":[],"class_list":["post-88314","post","type-post","status-publish","format-standard","has-post-thumbnail","hentry","category-posgrados"],"acf":[],"_links":{"self":[{"href":"https:\/\/vocesparalelas.com.ar\/sitio\/wp-json\/wp\/v2\/posts\/88314","targetHints":{"allow":["GET"]}}],"collection":[{"href":"https:\/\/vocesparalelas.com.ar\/sitio\/wp-json\/wp\/v2\/posts"}],"about":[{"href":"https:\/\/vocesparalelas.com.ar\/sitio\/wp-json\/wp\/v2\/types\/post"}],"author":[{"embeddable":true,"href":"https:\/\/vocesparalelas.com.ar\/sitio\/wp-json\/wp\/v2\/users\/3"}],"replies":[{"embeddable":true,"href":"https:\/\/vocesparalelas.com.ar\/sitio\/wp-json\/wp\/v2\/comments?post=88314"}],"version-history":[{"count":3,"href":"https:\/\/vocesparalelas.com.ar\/sitio\/wp-json\/wp\/v2\/posts\/88314\/revisions"}],"predecessor-version":[{"id":88320,"href":"https:\/\/vocesparalelas.com.ar\/sitio\/wp-json\/wp\/v2\/posts\/88314\/revisions\/88320"}],"wp:featuredmedia":[{"embeddable":true,"href":"https:\/\/vocesparalelas.com.ar\/sitio\/wp-json\/wp\/v2\/media\/88317"}],"wp:attachment":[{"href":"https:\/\/vocesparalelas.com.ar\/sitio\/wp-json\/wp\/v2\/media?parent=88314"}],"wp:term":[{"taxonomy":"category","embeddable":true,"href":"https:\/\/vocesparalelas.com.ar\/sitio\/wp-json\/wp\/v2\/categories?post=88314"},{"taxonomy":"post_tag","embeddable":true,"href":"https:\/\/vocesparalelas.com.ar\/sitio\/wp-json\/wp\/v2\/tags?post=88314"}],"curies":[{"name":"wp","href":"https:\/\/api.w.org\/{rel}","templated":true}]}}