{"id":88301,"date":"2025-07-02T20:11:00","date_gmt":"2025-07-02T23:11:00","guid":{"rendered":"https:\/\/vocesparalelas.com.ar\/sitio\/?p=88301"},"modified":"2025-07-02T20:35:29","modified_gmt":"2025-07-02T23:35:29","slug":"el-colectivo-de-la-linea-850-i-de-la-redtulum-circula-al-parque-provincial-ischigualasto-de-san-juan","status":"publish","type":"post","link":"https:\/\/vocesparalelas.com.ar\/sitio\/el-colectivo-de-la-linea-850-i-de-la-redtulum-circula-al-parque-provincial-ischigualasto-de-san-juan\/","title":{"rendered":"El Colectivo de la l\u00ednea 850-i de la RedTulum circula al Parque Provincial Ischigualasto de San Juan"},"content":{"rendered":"<p>El Ministerio de Gobierno de San Juan, a trav\u00e9s de su Direcci\u00f3n de Coordinaci\u00f3n de RedTulum, inform\u00f3 de los nuevos horarios del recorrido que realiza la l\u00ednea 850-i, la cual vincula la regi\u00f3n de San Agust\u00edn con el Parque Provincial Ischigualasto. Esta l\u00ednea tendr\u00e1 ahora mayores frecuencias, potenciando el turismo en el \u00e1rea y facilitando las conexiones de transporte de los vecinos del departamento.<\/p>\n<p><img loading=\"lazy\" decoding=\"async\" class=\"alignnone size-full wp-image-88312\" src=\"https:\/\/vocesparalelas.com.ar\/sitio\/wp-content\/uploads\/2025\/07\/REDTULUM-ISCHIGUALASTO.jpg\" alt=\"\" width=\"800\" height=\"533\" srcset=\"https:\/\/vocesparalelas.com.ar\/sitio\/wp-content\/uploads\/2025\/07\/REDTULUM-ISCHIGUALASTO.jpg 800w, https:\/\/vocesparalelas.com.ar\/sitio\/wp-content\/uploads\/2025\/07\/REDTULUM-ISCHIGUALASTO-300x200.jpg 300w, https:\/\/vocesparalelas.com.ar\/sitio\/wp-content\/uploads\/2025\/07\/REDTULUM-ISCHIGUALASTO-768x512.jpg 768w\" sizes=\"auto, (max-width: 800px) 100vw, 800px\" \/><\/p>\n<p><span style=\"color: #ff6600;\"><strong>Los horarios de la l\u00ednea 850-i son los siguientes:<\/strong><\/span><\/p>\n<ul>\n<li>Salidas desde San Agust\u00edn (terminal) 9:00hs.<\/li>\n<li>Llegada al parque Ischigualasto 10:00hs.<\/li>\n<li>Ingreso al circuito del parque, duraci\u00f3n aproximada de la vuelta 3:30 hrs.<\/li>\n<li>Regreso desde Ischigualasto 15:00hs.<\/li>\n<li>Llegada a San Agust\u00edn (terminal) 16:00hs.<\/li>\n<li>Posibilidad de conectar con San Juan capital, servicio hacia ETO a las 17:00hs.<\/li>\n<li>Servicio de Lunes a Domingo hasta el 3 de Agosto, luego solo d\u00edas s\u00e1bados y domingos.<\/li>\n<\/ul>\n<p><img loading=\"lazy\" decoding=\"async\" class=\"alignnone size-full wp-image-74417\" src=\"https:\/\/vocesparalelas.com.ar\/sitio\/wp-content\/uploads\/2024\/07\/REDTULUM-LOGO.jpg\" alt=\"\" width=\"800\" height=\"600\" srcset=\"https:\/\/vocesparalelas.com.ar\/sitio\/wp-content\/uploads\/2024\/07\/REDTULUM-LOGO.jpg 800w, https:\/\/vocesparalelas.com.ar\/sitio\/wp-content\/uploads\/2024\/07\/REDTULUM-LOGO-300x225.jpg 300w, https:\/\/vocesparalelas.com.ar\/sitio\/wp-content\/uploads\/2024\/07\/REDTULUM-LOGO-768x576.jpg 768w\" sizes=\"auto, (max-width: 800px) 100vw, 800px\" \/><\/p>\n","protected":false},"excerpt":{"rendered":"<p>El Ministerio de Gobierno de San Juan, a trav\u00e9s de su Direcci\u00f3n de Coordinaci\u00f3n de RedTulum, inform\u00f3 de los nuevos<\/p>\n","protected":false},"author":3,"featured_media":2951,"comment_status":"closed","ping_status":"closed","sticky":false,"template":"","format":"standard","meta":{"_acf_changed":false,"_seopress_robots_primary_cat":"none","_seopress_titles_title":"","_seopress_titles_desc":"","_seopress_robots_index":"","colormag_page_container_layout":"default_layout","colormag_page_sidebar_layout":"default_layout","footnotes":""},"categories":[1],"tags":[],"class_list":["post-88301","post","type-post","status-publish","format-standard","has-post-thumbnail","hentry","category-destacadas"],"acf":[],"_links":{"self":[{"href":"https:\/\/vocesparalelas.com.ar\/sitio\/wp-json\/wp\/v2\/posts\/88301","targetHints":{"allow":["GET"]}}],"collection":[{"href":"https:\/\/vocesparalelas.com.ar\/sitio\/wp-json\/wp\/v2\/posts"}],"about":[{"href":"https:\/\/vocesparalelas.com.ar\/sitio\/wp-json\/wp\/v2\/types\/post"}],"author":[{"embeddable":true,"href":"https:\/\/vocesparalelas.com.ar\/sitio\/wp-json\/wp\/v2\/users\/3"}],"replies":[{"embeddable":true,"href":"https:\/\/vocesparalelas.com.ar\/sitio\/wp-json\/wp\/v2\/comments?post=88301"}],"version-history":[{"count":3,"href":"https:\/\/vocesparalelas.com.ar\/sitio\/wp-json\/wp\/v2\/posts\/88301\/revisions"}],"predecessor-version":[{"id":88313,"href":"https:\/\/vocesparalelas.com.ar\/sitio\/wp-json\/wp\/v2\/posts\/88301\/revisions\/88313"}],"wp:featuredmedia":[{"embeddable":true,"href":"https:\/\/vocesparalelas.com.ar\/sitio\/wp-json\/wp\/v2\/media\/2951"}],"wp:attachment":[{"href":"https:\/\/vocesparalelas.com.ar\/sitio\/wp-json\/wp\/v2\/media?parent=88301"}],"wp:term":[{"taxonomy":"category","embeddable":true,"href":"https:\/\/vocesparalelas.com.ar\/sitio\/wp-json\/wp\/v2\/categories?post=88301"},{"taxonomy":"post_tag","embeddable":true,"href":"https:\/\/vocesparalelas.com.ar\/sitio\/wp-json\/wp\/v2\/tags?post=88301"}],"curies":[{"name":"wp","href":"https:\/\/api.w.org\/{rel}","templated":true}]}}