{"id":88295,"date":"2025-07-02T19:50:46","date_gmt":"2025-07-02T22:50:46","guid":{"rendered":"https:\/\/vocesparalelas.com.ar\/sitio\/?p=88295"},"modified":"2025-07-04T01:29:56","modified_gmt":"2025-07-04T04:29:56","slug":"veni-a-san-juan-en-las-vacaciones-de-invierno-2025","status":"publish","type":"post","link":"https:\/\/vocesparalelas.com.ar\/sitio\/veni-a-san-juan-en-las-vacaciones-de-invierno-2025\/","title":{"rendered":"Ven\u00ed a San Juan en las Vacaciones de Invierno 2025"},"content":{"rendered":"<p>El Ministerio de Turismo, Cultura y Deporte del Gobierno de San Juan invita a la oblaci\u00f3n local y turistas a disfrutar\u00a0 las actividades y la campa\u00f1a de promoci\u00f3n tur\u00edstica para esta temporada de invierno.<\/p>\n<p>La propuesta abarca los departamentos e involucra a municipios, prestadores tur\u00edsticos y espacios culturales en una red articulada de experiencias.<\/p>\n<p>La campa\u00f1a invita a\u00a0redescubrir San Juan en invierno\u00a0desde una perspectiva amplia, emocional, multisensorial y accesible. El enfoque est\u00e1 puesto en vivencias integrales, que combinan naturaleza, cultura, gastronom\u00eda, bienestar, tradici\u00f3n y aventura, dirigidas tanto a turistas como a residentes.<\/p>\n<p>Cabe destacar, que hay actividades que se realizan desde el Ministerio de Turismo, Cultura y Deporte en conjunto con otras instituciones o prestadores tur\u00edsticos como\u00a0Paseando por el Carrascal,\u00a0actividades en la\u00a0Difunta Correa, circuitos guiados en diferentes departamentos,\u00a0Turismo accesible\u00a0\u201cSan Juan sin Barreras\u201d y el cl\u00e1sico circuito nocturno de luna llena en el\u00a0Parque Provincial Ischigualasto\u00a0del 8 al 11 de julio.<\/p>\n<p><iframe loading=\"lazy\" title=\"SAN JUAN VACACIONES INVIERNO 2025\" width=\"800\" height=\"450\" src=\"https:\/\/www.youtube.com\/embed\/_msoUhSkmf4?feature=oembed\" frameborder=\"0\" allow=\"accelerometer; autoplay; clipboard-write; encrypted-media; gyroscope; picture-in-picture; web-share\" referrerpolicy=\"strict-origin-when-cross-origin\" allowfullscreen><\/iframe><\/p>\n<p>Tambi\u00e9n, hay actividades deportivas\u00a0como la Copa VISA \u2013 Los Pumas vs Inglaterra, el 12 de julio en el\u00a0Estadio del Bicentenario; la Marat\u00f3n Internacional de San Juan el 27 de julio con recorrido de 42K, 21K, 10K y 5K por toda la provincia y Cuidemos la Quebrada \u2013 Plogging Familiar, el 19 de julio en la\u00a0Quebrada de Zonda.<\/p>\n<p>Durante las vacaciones de invierno, los espacios culturales tambi\u00e9n brindar\u00e1n una amplia agenda de actividades como\u00a0Vacaciones en el Sarmiento\u00a0donde se presentar\u00e1n obras de teatro gratuitas para ni\u00f1os, conciertos y ferias en el\u00a0Auditorio Juan Victoria\u00a0en el marco del 55 aniversario del complejo, actividades l\u00fadicas en la\u00a0Biblioteca Echague y Astroturismo en el Museo Provincial de Bellas Artes Franklin Rawson, entre otros. Tambi\u00e9n se desarrollar\u00e1, del 6 al 20 de julio, el Festival Internacional de t\u00edteres y teatro Divertites en el\u00a0espacio teatral T\u00edteres en Serio, Departamento Rivadavia.<\/p>\n<p><strong><span style=\"color: #ff6600;\">Por otro lado, el Ministerio de Turismo, Cultura y Deporte junto al Ministerio de Producci\u00f3n, Trabajo e Innovaci\u00f3n, realizan en conjunto los siguientes eventos destacados: <\/span><\/strong><\/p>\n<ul>\n<li>Segunda edici\u00f3n de la Noche de las F\u00e1bricas en el Chalet Cantoni,<\/li>\n<li>Edici\u00f3n especial de Punta de Espalda de San Juan a la Mesa en El Omb\u00fa, Departamento Pocito;<\/li>\n<li>Olivida en la Plaza del Bicentenario y<\/li>\n<li>Ra\u00edces San Juan en el And\u00e9n de la Estaci\u00f3n San Mart\u00edn.<\/li>\n<\/ul>\n<p><strong><span style=\"color: #ff6600;\">Para m\u00e1s informaci\u00f3n<\/span><\/strong><\/p>\n<p><a href=\"http:\/\/www.sanjuan.tur.ar\/\">www.sanjuan.tur.ar<\/a><\/p>\n<p><a href=\"https:\/\/web.sanjuan.gob.ar\/cultura\/\">sanjuan.gob.ar\/cultura<\/a>\/<\/p>\n<p>En los sitios web se actualizan diariamente la informaci\u00f3n de la gu\u00eda de actividades.<\/p>\n<p>En redes sociales se puede consultar en @cultura.sanjuan y @sjturistico.<\/p>\n<p>&nbsp;<\/p>\n<p><img loading=\"lazy\" decoding=\"async\" class=\"alignnone size-full wp-image-65642\" src=\"https:\/\/vocesparalelas.com.ar\/sitio\/wp-content\/uploads\/2023\/11\/GOBIERNO-SAN-JUAN.jpg\" alt=\"\" width=\"800\" height=\"600\" srcset=\"https:\/\/vocesparalelas.com.ar\/sitio\/wp-content\/uploads\/2023\/11\/GOBIERNO-SAN-JUAN.jpg 800w, https:\/\/vocesparalelas.com.ar\/sitio\/wp-content\/uploads\/2023\/11\/GOBIERNO-SAN-JUAN-300x225.jpg 300w, https:\/\/vocesparalelas.com.ar\/sitio\/wp-content\/uploads\/2023\/11\/GOBIERNO-SAN-JUAN-768x576.jpg 768w\" sizes=\"auto, (max-width: 800px) 100vw, 800px\" \/><\/p>\n","protected":false},"excerpt":{"rendered":"<p>El Ministerio de Turismo, Cultura y Deporte del Gobierno de San Juan invita a la oblaci\u00f3n local y turistas a<\/p>\n","protected":false},"author":3,"featured_media":45511,"comment_status":"closed","ping_status":"closed","sticky":false,"template":"","format":"standard","meta":{"_acf_changed":false,"_seopress_robots_primary_cat":"none","_seopress_titles_title":"","_seopress_titles_desc":"","_seopress_robots_index":"","colormag_page_container_layout":"default_layout","colormag_page_sidebar_layout":"default_layout","footnotes":""},"categories":[2],"tags":[],"class_list":["post-88295","post","type-post","status-publish","format-standard","has-post-thumbnail","hentry","category-convocatorias"],"acf":[],"_links":{"self":[{"href":"https:\/\/vocesparalelas.com.ar\/sitio\/wp-json\/wp\/v2\/posts\/88295","targetHints":{"allow":["GET"]}}],"collection":[{"href":"https:\/\/vocesparalelas.com.ar\/sitio\/wp-json\/wp\/v2\/posts"}],"about":[{"href":"https:\/\/vocesparalelas.com.ar\/sitio\/wp-json\/wp\/v2\/types\/post"}],"author":[{"embeddable":true,"href":"https:\/\/vocesparalelas.com.ar\/sitio\/wp-json\/wp\/v2\/users\/3"}],"replies":[{"embeddable":true,"href":"https:\/\/vocesparalelas.com.ar\/sitio\/wp-json\/wp\/v2\/comments?post=88295"}],"version-history":[{"count":3,"href":"https:\/\/vocesparalelas.com.ar\/sitio\/wp-json\/wp\/v2\/posts\/88295\/revisions"}],"predecessor-version":[{"id":88300,"href":"https:\/\/vocesparalelas.com.ar\/sitio\/wp-json\/wp\/v2\/posts\/88295\/revisions\/88300"}],"wp:featuredmedia":[{"embeddable":true,"href":"https:\/\/vocesparalelas.com.ar\/sitio\/wp-json\/wp\/v2\/media\/45511"}],"wp:attachment":[{"href":"https:\/\/vocesparalelas.com.ar\/sitio\/wp-json\/wp\/v2\/media?parent=88295"}],"wp:term":[{"taxonomy":"category","embeddable":true,"href":"https:\/\/vocesparalelas.com.ar\/sitio\/wp-json\/wp\/v2\/categories?post=88295"},{"taxonomy":"post_tag","embeddable":true,"href":"https:\/\/vocesparalelas.com.ar\/sitio\/wp-json\/wp\/v2\/tags?post=88295"}],"curies":[{"name":"wp","href":"https:\/\/api.w.org\/{rel}","templated":true}]}}