{"id":88206,"date":"2025-06-30T23:14:50","date_gmt":"2025-07-01T02:14:50","guid":{"rendered":"https:\/\/vocesparalelas.com.ar\/sitio\/?p=88206"},"modified":"2025-06-30T23:18:27","modified_gmt":"2025-07-01T02:18:27","slug":"asumen-las-autoridades-electas-de-la-unsj","status":"publish","type":"post","link":"https:\/\/vocesparalelas.com.ar\/sitio\/asumen-las-autoridades-electas-de-la-unsj\/","title":{"rendered":"Asumen las autoridades electas de la UNSJ"},"content":{"rendered":"<div class=\"box-text\">\n<p>La Universidad Nacional de San Juan desarrolla distintos actos para la asunci\u00f3n de autoridades. En primer lugar,Rector y Vicerrectora, Decanos\/as y Vicedecanos\/as de la Facultades y Direcci\u00f3n y Vicedirecci\u00f3n de la Escuela Universitaria de Ciencias de la Salud\u00a0asumir\u00e1n este martes 1 de julio desde las 11 en el Centro de Convenciones \u201cGuillermo Barrena Guzm\u00e1n\u201d de calle Las Heras.<\/p>\n<p>Por otro lado, los Secretarios de Rectorado de la UNSJ asumen el Mi\u00e9rcoles, 2 de Julio, a las 11h en el Edificio Central de la UNSJ en Mitre y Jujuy.<\/p>\n<p>Adem\u00e1s, entre el Mi\u00e9rcoles, 2 y Jueves, 3 de julio asumen Secretarios y Secretarias de las Unidades Acad\u00e9micas.<\/p>\n<p><strong><span style=\"color: #0000ff;\">Calendario de asunci\u00f3n<\/span><\/strong><\/p>\n<ul>\n<li><span style=\"color: #0000ff;\"><b>Facultad de Ciencias Sociales de la UNSJ:<\/b> <\/span>Mi\u00e9rcoles, 2 de Julio, a las 16.45hs<\/li>\n<li><strong><span style=\"color: #0000ff;\">Facultad de Ciencias Exactas, F\u00edsicas y Naturales <b>de la UNSJ:<\/b> <\/span><\/strong>Mi\u00e9rcoles, 2 de Julio, a las 18.30hs<\/li>\n<li><b><span style=\"color: #0000ff;\">Facultad de Arquitectura, Urbanismo y Dise\u00f1o<\/span> <span style=\"color: #0000ff;\">de la UNSJ: <\/span><\/b>Mi\u00e9rcoles, 2 de Julio, a las 20hs<\/li>\n<li><span style=\"color: #0000ff;\"><b>Facultad de Ingenier\u00eda <strong>de la UNSJ:<\/strong><\/b>\u00a0<\/span>Jueves. 3 de Julio, a las 9 hs<\/li>\n<li><span style=\"color: #0000ff;\"><b>Facultad de Filosof\u00eda, Humanidades y Artes <strong>de la UNSJ:<\/strong><\/b><\/span> Jueves, 3 de Julio, a las 11 hs<\/li>\n<li><span style=\"color: #0000ff;\"><b>Escuela Universitaria de Ciencias de la Salud <strong>de la UNSJ:<\/strong><\/b><\/span> Jueves, 3 de Julio, a las 18 hs<\/li>\n<\/ul>\n<p><img loading=\"lazy\" decoding=\"async\" class=\"alignnone size-full wp-image-79515\" src=\"https:\/\/vocesparalelas.com.ar\/sitio\/wp-content\/uploads\/2024\/11\/UNSJ-LOGO-01.jpg\" alt=\"\" width=\"800\" height=\"459\" srcset=\"https:\/\/vocesparalelas.com.ar\/sitio\/wp-content\/uploads\/2024\/11\/UNSJ-LOGO-01.jpg 800w, https:\/\/vocesparalelas.com.ar\/sitio\/wp-content\/uploads\/2024\/11\/UNSJ-LOGO-01-300x172.jpg 300w, https:\/\/vocesparalelas.com.ar\/sitio\/wp-content\/uploads\/2024\/11\/UNSJ-LOGO-01-768x441.jpg 768w\" sizes=\"auto, (max-width: 800px) 100vw, 800px\" \/><\/p>\n<\/div>\n","protected":false},"excerpt":{"rendered":"<p>La Universidad Nacional de San Juan desarrolla distintos actos para la asunci\u00f3n de autoridades. En primer lugar,Rector y Vicerrectora, Decanos\/as<\/p>\n","protected":false},"author":3,"featured_media":54097,"comment_status":"closed","ping_status":"closed","sticky":false,"template":"","format":"standard","meta":{"_acf_changed":false,"_seopress_robots_primary_cat":"none","_seopress_titles_title":"","_seopress_titles_desc":"","_seopress_robots_index":"","colormag_page_container_layout":"default_layout","colormag_page_sidebar_layout":"default_layout","footnotes":""},"categories":[1],"tags":[],"class_list":["post-88206","post","type-post","status-publish","format-standard","has-post-thumbnail","hentry","category-destacadas"],"acf":[],"_links":{"self":[{"href":"https:\/\/vocesparalelas.com.ar\/sitio\/wp-json\/wp\/v2\/posts\/88206","targetHints":{"allow":["GET"]}}],"collection":[{"href":"https:\/\/vocesparalelas.com.ar\/sitio\/wp-json\/wp\/v2\/posts"}],"about":[{"href":"https:\/\/vocesparalelas.com.ar\/sitio\/wp-json\/wp\/v2\/types\/post"}],"author":[{"embeddable":true,"href":"https:\/\/vocesparalelas.com.ar\/sitio\/wp-json\/wp\/v2\/users\/3"}],"replies":[{"embeddable":true,"href":"https:\/\/vocesparalelas.com.ar\/sitio\/wp-json\/wp\/v2\/comments?post=88206"}],"version-history":[{"count":3,"href":"https:\/\/vocesparalelas.com.ar\/sitio\/wp-json\/wp\/v2\/posts\/88206\/revisions"}],"predecessor-version":[{"id":88211,"href":"https:\/\/vocesparalelas.com.ar\/sitio\/wp-json\/wp\/v2\/posts\/88206\/revisions\/88211"}],"wp:featuredmedia":[{"embeddable":true,"href":"https:\/\/vocesparalelas.com.ar\/sitio\/wp-json\/wp\/v2\/media\/54097"}],"wp:attachment":[{"href":"https:\/\/vocesparalelas.com.ar\/sitio\/wp-json\/wp\/v2\/media?parent=88206"}],"wp:term":[{"taxonomy":"category","embeddable":true,"href":"https:\/\/vocesparalelas.com.ar\/sitio\/wp-json\/wp\/v2\/categories?post=88206"},{"taxonomy":"post_tag","embeddable":true,"href":"https:\/\/vocesparalelas.com.ar\/sitio\/wp-json\/wp\/v2\/tags?post=88206"}],"curies":[{"name":"wp","href":"https:\/\/api.w.org\/{rel}","templated":true}]}}