{"id":88166,"date":"2025-06-29T19:22:34","date_gmt":"2025-06-29T22:22:34","guid":{"rendered":"https:\/\/vocesparalelas.com.ar\/sitio\/?p=88166"},"modified":"2025-07-01T00:19:44","modified_gmt":"2025-07-01T03:19:44","slug":"refugios-para-personas-en-situacion-de-calle-en-san-juan","status":"publish","type":"post","link":"https:\/\/vocesparalelas.com.ar\/sitio\/refugios-para-personas-en-situacion-de-calle-en-san-juan\/","title":{"rendered":"Refugios para personas en situaci\u00f3n de calle en San Juan"},"content":{"rendered":"<p>Frente a la Ola Polar, el Gobierno de San Juan a trav\u00e9s del Ministerio de la Familia y Desarrollo Human informa que se activ\u00f3 el protocolo para proteger de las bajas temperaturas a las personas en situaci\u00f3n de calle.<\/p>\n<ul>\n<li>Refugio\u00a0 Papa Francisco, Gral Paz y Estados Unidos,\u00a0 en el Edificio de la Ex servicio de Urgencia del Hospital Dr. Guillermo Rawson<\/li>\n<li>Refugio Madre Teresa de Calcuta, Avda. C\u00f3rdoba 150 &#8211; E &#8211; Capital.<\/li>\n<\/ul>\n<p>Estos refugios est\u00e1 destinado para varones de 18 a 59 a\u00f1os. El ingreso es voluntario y sin turno previo.<\/p>\n<ul>\n<li>Hogar de Tr\u00e1nsito Eva Duarte, exclusivos para mujeres, Avda. Sarmiento 1313 &#8211; E &#8211; Capital<\/li>\n<\/ul>\n<p><strong><span style=\"color: #ff0000;\">Qu\u00e9 ofrecen los refugios<\/span><\/strong><\/p>\n<ul>\n<li>Cama abrigada y ambiente calefaccionado<\/li>\n<li>Cena, Desayuno y merienda<\/li>\n<li>Ropa de abrigo e higiene personal<\/li>\n<li>Atenci\u00f3n M\u00e9dicas y seguimiento profesional<\/li>\n<\/ul>\n<p><strong><span style=\"color: #ff0000;\">Horarios de funcionamiento<\/span><\/strong><\/p>\n<ul>\n<li>Ingreso entre las 17 a 18 hs.<\/li>\n<li>Salida hasta las 10 hs. del d\u00eda siguiente<\/li>\n<li>Funciona todos los d\u00edas del a\u00f1o con refuerzos en el invierno<\/li>\n<li>Capacidad para 40 personas por refugio<\/li>\n<\/ul>\n<p><strong><span style=\"color: #ff0000;\">C\u00f3mo ayudar<\/span><\/strong><\/p>\n<p>Si ves alguien en situaci\u00f3n de calle<\/p>\n<ul>\n<li>llama al 264 412 3158<\/li>\n<li>Puede llamar a la Polic\u00eda, Bomberos o a la municipalidad m\u00e1s cercana<\/li>\n<li>L\u00edneas disponible las 24 hs.<\/li>\n<\/ul>\n<p>&nbsp;<\/p>\n<p><img loading=\"lazy\" decoding=\"async\" class=\"alignnone size-full wp-image-65642\" src=\"https:\/\/vocesparalelas.com.ar\/sitio\/wp-content\/uploads\/2023\/11\/GOBIERNO-SAN-JUAN.jpg\" alt=\"\" width=\"800\" height=\"600\" srcset=\"https:\/\/vocesparalelas.com.ar\/sitio\/wp-content\/uploads\/2023\/11\/GOBIERNO-SAN-JUAN.jpg 800w, https:\/\/vocesparalelas.com.ar\/sitio\/wp-content\/uploads\/2023\/11\/GOBIERNO-SAN-JUAN-300x225.jpg 300w, https:\/\/vocesparalelas.com.ar\/sitio\/wp-content\/uploads\/2023\/11\/GOBIERNO-SAN-JUAN-768x576.jpg 768w\" sizes=\"auto, (max-width: 800px) 100vw, 800px\" \/><\/p>\n<p>&nbsp;<\/p>\n<p>&nbsp;<\/p>\n","protected":false},"excerpt":{"rendered":"<p>Frente a la Ola Polar, el Gobierno de San Juan a trav\u00e9s del Ministerio de la Familia y Desarrollo Human<\/p>\n","protected":false},"author":3,"featured_media":88169,"comment_status":"closed","ping_status":"closed","sticky":false,"template":"","format":"standard","meta":{"_acf_changed":false,"_seopress_robots_primary_cat":"none","_seopress_titles_title":"","_seopress_titles_desc":"","_seopress_robots_index":"","colormag_page_container_layout":"default_layout","colormag_page_sidebar_layout":"default_layout","footnotes":""},"categories":[5],"tags":[],"class_list":["post-88166","post","type-post","status-publish","format-standard","has-post-thumbnail","hentry","category-ofrecimientos"],"acf":[],"_links":{"self":[{"href":"https:\/\/vocesparalelas.com.ar\/sitio\/wp-json\/wp\/v2\/posts\/88166","targetHints":{"allow":["GET"]}}],"collection":[{"href":"https:\/\/vocesparalelas.com.ar\/sitio\/wp-json\/wp\/v2\/posts"}],"about":[{"href":"https:\/\/vocesparalelas.com.ar\/sitio\/wp-json\/wp\/v2\/types\/post"}],"author":[{"embeddable":true,"href":"https:\/\/vocesparalelas.com.ar\/sitio\/wp-json\/wp\/v2\/users\/3"}],"replies":[{"embeddable":true,"href":"https:\/\/vocesparalelas.com.ar\/sitio\/wp-json\/wp\/v2\/comments?post=88166"}],"version-history":[{"count":1,"href":"https:\/\/vocesparalelas.com.ar\/sitio\/wp-json\/wp\/v2\/posts\/88166\/revisions"}],"predecessor-version":[{"id":88170,"href":"https:\/\/vocesparalelas.com.ar\/sitio\/wp-json\/wp\/v2\/posts\/88166\/revisions\/88170"}],"wp:featuredmedia":[{"embeddable":true,"href":"https:\/\/vocesparalelas.com.ar\/sitio\/wp-json\/wp\/v2\/media\/88169"}],"wp:attachment":[{"href":"https:\/\/vocesparalelas.com.ar\/sitio\/wp-json\/wp\/v2\/media?parent=88166"}],"wp:term":[{"taxonomy":"category","embeddable":true,"href":"https:\/\/vocesparalelas.com.ar\/sitio\/wp-json\/wp\/v2\/categories?post=88166"},{"taxonomy":"post_tag","embeddable":true,"href":"https:\/\/vocesparalelas.com.ar\/sitio\/wp-json\/wp\/v2\/tags?post=88166"}],"curies":[{"name":"wp","href":"https:\/\/api.w.org\/{rel}","templated":true}]}}