{"id":88087,"date":"2025-06-27T19:58:27","date_gmt":"2025-06-27T22:58:27","guid":{"rendered":"https:\/\/vocesparalelas.com.ar\/sitio\/?p=88087"},"modified":"2025-06-29T19:28:55","modified_gmt":"2025-06-29T22:28:55","slug":"emotiva-proclamacion-de-autoridades-electas-en-las-elecciones-2025-de-la-unsj","status":"publish","type":"post","link":"https:\/\/vocesparalelas.com.ar\/sitio\/emotiva-proclamacion-de-autoridades-electas-en-las-elecciones-2025-de-la-unsj\/","title":{"rendered":"Emotiva Proclamaci\u00f3n de autoridades electas en las \u00abElecciones 2025\u00bb de la UNSJ"},"content":{"rendered":"<p>En el Hall del Edificio del Rectorado de la Universidad Nacional de San Juan y dando cumplimiento a lo que dispone el Estatuto Universitario en lo que se refiere a la elecci\u00f3n de autoridades, la Junta Electoral realiz\u00f3 la proclamaci\u00f3n de autoridades electas, entregando los correspondientes documentos que lo acreditan.<\/p>\n<p>La presidenta de la Junta Electoral 2025, Dra. Ana Laura Garc\u00eda se\u00f1al\u00f3 que \u00abeste proceso ha sido la expresi\u00f3n vida del compromiso democr\u00e1tico, que esta Junta garantiz\u00f3 con responsabilidad, transparencia, equidad, legalidad y participaci\u00f3n efectiva. Por primera vez, implementamos acciones que podemos considerar hitos en el fortalecimiento institucional. Se realiz\u00f3 una capacitaci\u00f3n espec\u00edfica para autoridades de mesa, se llev\u00f3 adelante la digitalizaci\u00f3n de las listas de candidatos, se certific\u00f3 mediante escribano p\u00fablico la legalidad de los padrones. Democratizar no solo es contar votos, sino contar con todos y todas. Por eso, tomamos la decisi\u00f3n orientada a ampliar la participaci\u00f3n universitaria, habilitando la participaci\u00f3n de egresados en las localidades J\u00e1chal y Calingasta, y facilitar as\u00ed el voto en la Delegaci\u00f3n Valles Sanjuaninos\u201d.<\/p>\n<p>Tambi\u00e9n habl\u00f3, invitada por la presidenta de la Junta, la decana de la Facultad de Ingenier\u00eda de la UNSJ, Dra. Andrea D\u00edaz, quien agradeci\u00f3 y felicit\u00f3 al cuerpo por el trabajo realizado. \u201cReconozco que es importante que este hecho de asumir al frente de la Facultad de Ingenier\u00eda, lo siento en representaci\u00f3n de muchas mujeres que han acompa\u00f1ado en el resultado de estas elecciones\u201d.<\/p>\n<p>Finalmente habl\u00f3 el rector de la UNSJ, Ing. Tadeo Berenguer quien resalt\u00f3 que \u00aben estos momentos estamos asistiendo a uno de los actos m\u00e1s trascendentes de la vida democr\u00e1tica del sistema universitario. Agradezco la labor de la Junta Electoral y las candidatas y candidatos que participaron. La tarea no fue f\u00e1cil, pero lo m\u00e1s valioso fue que prim\u00f3 el respeto por el pluralismo ideol\u00f3gico, aprendiendo que las opiniones contrapuestas no generan enemigos sino adversarios y que aqu\u00ed se manifestaron distintas visiones y tensiones propias del \u00e1mbito universitario\u201d.<\/p>\n<p>Como hecho destacado, la Junta Electoral remarc\u00f3 la tarea de la vicerrectora de la UNSJ saliente, Dra. Anal\u00eda Ponce, poniendo de relieve las distintas acciones que llev\u00f3 adelante durante su gesti\u00f3n.<\/p>\n<figure id=\"attachment_88096\" aria-describedby=\"caption-attachment-88096\" style=\"width: 800px\" class=\"wp-caption alignnone\"><img loading=\"lazy\" decoding=\"async\" class=\"size-full wp-image-88096\" src=\"https:\/\/vocesparalelas.com.ar\/sitio\/wp-content\/uploads\/2025\/06\/UNSJ-ANALIA-PONCE.jpg\" alt=\"\" width=\"800\" height=\"533\" srcset=\"https:\/\/vocesparalelas.com.ar\/sitio\/wp-content\/uploads\/2025\/06\/UNSJ-ANALIA-PONCE.jpg 800w, https:\/\/vocesparalelas.com.ar\/sitio\/wp-content\/uploads\/2025\/06\/UNSJ-ANALIA-PONCE-300x200.jpg 300w, https:\/\/vocesparalelas.com.ar\/sitio\/wp-content\/uploads\/2025\/06\/UNSJ-ANALIA-PONCE-768x512.jpg 768w\" sizes=\"auto, (max-width: 800px) 100vw, 800px\" \/><figcaption id=\"caption-attachment-88096\" class=\"wp-caption-text\">Vicerrectora de la UNSJ saliente, Dra. Anal\u00eda Ponce<\/figcaption><\/figure>\n<p><span style=\"color: #0000ff;\"><strong>Recibieron sus certificaciones las\u00a0 autoridades:<\/strong><\/span><\/p>\n<ul>\n<li>Rectorado de la UNSJ, Rector Ing. Tadeo Berenguer y Vicerrectora Esp. Andrea Leceta 2025 &#8211; 2029<\/li>\n<li>Facultad de Ingenier\u00eda de la UNSJ,\u00a0 Decana Dra. Andrea D\u00edaz y Vicedecano Dr. Eric Laciar 2025 &#8211; 2029<\/li>\n<li>Facultad de Ciencias Exactas, F\u00edsicas y Naturales de la UNSJ,\u00a0 Decano Lic. Jorge Castro y Vicedecana Dra. Georgina Coldwell 2025 &#8211; 2029<\/li>\n<li>Facultad de Filosof\u00eda, Humanidades y Artes de la UNSJ,\u00a0 Decana Mg. Myriam Arrabal y Vicedecano Prof. Marcelo Vasquez 2025 &#8211; 2029<\/li>\n<li>Facultad de Ciencias Sociales: de la UNSJ, Decano Dr. Marcelo Lucero y Vicedecana CPN Mar\u00eda del Carmen Zorrilla 2025 &#8211; 2029<\/li>\n<li>Facultad de Arquitectura, Urbanismo y Dise\u00f1o de la UNSJ,\u00a0 Decano Arq. Carlos Herrera y Vicedecana Arq. A\u00edda Caliz 2025 &#8211; 2029<\/li>\n<li>Escuela Universitaria de Ciencias de la Salud de la UNSJ,\u00a0 Director Lic. \u00c1ngel Pinto y Vicedirector Oscar Quintero 2025 &#8211; 2029<\/li>\n<\/ul>\n<p><span style=\"color: #0000ff;\"><strong>Tambi\u00e9n recibieron su certificaci\u00f3n los integrantes del Consejo Superior de la UNSJ 2025 &#8211; 2029<\/strong><\/span><\/p>\n<p><strong><span style=\"color: #0000ff;\">Estamento docente<\/span><\/strong><\/p>\n<ul>\n<li>Avila, Enrique Mario; Jofr\u00e9, Adriana Vanina; Benavente, Mar\u00eda Ver\u00f3nica; Leiva, Alfredo; Paroldi, H\u00e9ctor; Masanety, Mar\u00eda Isabel; Gim\u00e9nez, Myriam; Barcelona; Jaime: Castro, Patricia; Vilas, Cecilia; De los R\u00edos, Cecilia; Bridge, Grace; Soria, Marcelo; Vives, Horacio; Vedia, Marisol; Chancay, Carlos Marcelo.<\/li>\n<\/ul>\n<p><strong><span style=\"color: #0000ff;\">Representante CAES<\/span><\/strong><\/p>\n<ul>\n<li>Ana Mar\u00eda Graffigna<\/li>\n<\/ul>\n<p><strong><span style=\"color: #0000ff;\">Estamento Nodocente<\/span><\/strong><\/p>\n<ul>\n<li>Rodr\u00edguez, Paula; D\u00edaz, V\u00edctor; Ocampo, Mario; Molina, Lucas.<\/li>\n<\/ul>\n<p><strong><span style=\"color: #0000ff;\">Estamento Estudiantil<\/span><\/strong><\/p>\n<ul>\n<li>Juan Ignacio Pe\u00f1a; Yohana Rey; Marvis Funes; Baz\u00e1n, B\u00e1rbara; Vaca, Jonathan; Pereira, Sof\u00eda; Almarch, Ayel\u00e9n; Zapata, Roc\u00edo ; Lucardi, Franco.<\/li>\n<\/ul>\n<p><span style=\"color: #0000ff;\"><b>Ceremonias<\/b><\/span><\/p>\n<p>El Martes, 01 de Julio, a las 11 hs.; en el Centro de Convenciones Guillermo Barrena Guzm\u00e1n se desarrolla la asunci\u00f3n de autoridades electas , en tanto que el Mi\u00e9rcoles, 02 de Julio asumen los integrantes del gabinete del Rector de la UNSJ, Rector Ing. Tadeo Berenguer y la vicerrectora, Esp. Andrea Leceta.<\/p>\n<ul>\n<li>Secretar\u00eda Administrativo Financiero de la UNSJ: Mg. Ricardo Coca<\/li>\n<li>Secretar\u00eda de Bienestar Universitario de la UNSJ: Lic. Florencia Ficcardi<\/li>\n<li>Secretar\u00eda de Extensi\u00f3n Universitaria de la UNSJ: Dra. Laura Garc\u00e9s<\/li>\n<li>Secretar\u00eda de Comunicaci\u00f3n de la UNSJ: Mg. Mariela Miranda<\/li>\n<li>Secretar\u00eda Acad\u00e9mica de la UNSJ: Mg. Rosa Ferrer<\/li>\n<li>Secretaria de Obras y Servicios de la UNSJ: Arq. Fernando G\u00f3mez<\/li>\n<li>Secretar\u00eda de Ciencia y T\u00e9cnica de la UNSJ: Dr. Pablo Diez<\/li>\n<li>Secretar\u00eda de Posgrado y Relaciones Internacionales de la UNSJ: Mg. Sergio Zapata<\/li>\n<\/ul>\n<p><img loading=\"lazy\" decoding=\"async\" class=\"alignnone size-full wp-image-79515\" src=\"https:\/\/vocesparalelas.com.ar\/sitio\/wp-content\/uploads\/2024\/11\/UNSJ-LOGO-01.jpg\" alt=\"\" width=\"800\" height=\"459\" srcset=\"https:\/\/vocesparalelas.com.ar\/sitio\/wp-content\/uploads\/2024\/11\/UNSJ-LOGO-01.jpg 800w, https:\/\/vocesparalelas.com.ar\/sitio\/wp-content\/uploads\/2024\/11\/UNSJ-LOGO-01-300x172.jpg 300w, https:\/\/vocesparalelas.com.ar\/sitio\/wp-content\/uploads\/2024\/11\/UNSJ-LOGO-01-768x441.jpg 768w\" sizes=\"auto, (max-width: 800px) 100vw, 800px\" \/><\/p>\n","protected":false},"excerpt":{"rendered":"<p>En el Hall del Edificio del Rectorado de la Universidad Nacional de San Juan y dando cumplimiento a lo que<\/p>\n","protected":false},"author":3,"featured_media":88095,"comment_status":"closed","ping_status":"closed","sticky":false,"template":"","format":"standard","meta":{"_acf_changed":false,"_seopress_robots_primary_cat":"none","_seopress_titles_title":"","_seopress_titles_desc":"","_seopress_robots_index":"","colormag_page_container_layout":"default_layout","colormag_page_sidebar_layout":"default_layout","footnotes":""},"categories":[10],"tags":[],"class_list":["post-88087","post","type-post","status-publish","format-standard","has-post-thumbnail","hentry","category-opiniones"],"acf":[],"_links":{"self":[{"href":"https:\/\/vocesparalelas.com.ar\/sitio\/wp-json\/wp\/v2\/posts\/88087","targetHints":{"allow":["GET"]}}],"collection":[{"href":"https:\/\/vocesparalelas.com.ar\/sitio\/wp-json\/wp\/v2\/posts"}],"about":[{"href":"https:\/\/vocesparalelas.com.ar\/sitio\/wp-json\/wp\/v2\/types\/post"}],"author":[{"embeddable":true,"href":"https:\/\/vocesparalelas.com.ar\/sitio\/wp-json\/wp\/v2\/users\/3"}],"replies":[{"embeddable":true,"href":"https:\/\/vocesparalelas.com.ar\/sitio\/wp-json\/wp\/v2\/comments?post=88087"}],"version-history":[{"count":5,"href":"https:\/\/vocesparalelas.com.ar\/sitio\/wp-json\/wp\/v2\/posts\/88087\/revisions"}],"predecessor-version":[{"id":88101,"href":"https:\/\/vocesparalelas.com.ar\/sitio\/wp-json\/wp\/v2\/posts\/88087\/revisions\/88101"}],"wp:featuredmedia":[{"embeddable":true,"href":"https:\/\/vocesparalelas.com.ar\/sitio\/wp-json\/wp\/v2\/media\/88095"}],"wp:attachment":[{"href":"https:\/\/vocesparalelas.com.ar\/sitio\/wp-json\/wp\/v2\/media?parent=88087"}],"wp:term":[{"taxonomy":"category","embeddable":true,"href":"https:\/\/vocesparalelas.com.ar\/sitio\/wp-json\/wp\/v2\/categories?post=88087"},{"taxonomy":"post_tag","embeddable":true,"href":"https:\/\/vocesparalelas.com.ar\/sitio\/wp-json\/wp\/v2\/tags?post=88087"}],"curies":[{"name":"wp","href":"https:\/\/api.w.org\/{rel}","templated":true}]}}