{"id":88060,"date":"2025-06-26T23:00:36","date_gmt":"2025-06-27T02:00:36","guid":{"rendered":"https:\/\/vocesparalelas.com.ar\/sitio\/?p=88060"},"modified":"2025-06-27T21:56:24","modified_gmt":"2025-06-28T00:56:24","slug":"yo-apoyo-la-ley-de-financiamiento-universitario-de-la-republica-argentina","status":"publish","type":"post","link":"https:\/\/vocesparalelas.com.ar\/sitio\/yo-apoyo-la-ley-de-financiamiento-universitario-de-la-republica-argentina\/","title":{"rendered":"Yo apoyo la Ley de Financiamiento Universitario de la Rep\u00fablica Argentina"},"content":{"rendered":"<p>En el Rectorado de la Universidad Nacional de San Juan se desarroll\u00f3 primero una conferencia de prensa\u00a0 con la participaci\u00f3n de los referentes de cada uno que integra la Multisectorial en defensa de la Universidad P\u00fablica.<\/p>\n<p><img loading=\"lazy\" decoding=\"async\" class=\"alignnone size-full wp-image-88063\" src=\"https:\/\/vocesparalelas.com.ar\/sitio\/wp-content\/uploads\/2025\/06\/UNSJ-LEY-01.jpg\" alt=\"\" width=\"800\" height=\"520\" srcset=\"https:\/\/vocesparalelas.com.ar\/sitio\/wp-content\/uploads\/2025\/06\/UNSJ-LEY-01.jpg 800w, https:\/\/vocesparalelas.com.ar\/sitio\/wp-content\/uploads\/2025\/06\/UNSJ-LEY-01-300x195.jpg 300w, https:\/\/vocesparalelas.com.ar\/sitio\/wp-content\/uploads\/2025\/06\/UNSJ-LEY-01-768x499.jpg 768w\" sizes=\"auto, (max-width: 800px) 100vw, 800px\" \/><\/p>\n<p>Luego en este contexto cuando finaliz\u00f3 la misma Voces Paralelas desarroll\u00f3 la entrevista period\u00edstica al secretario general del gremio ADICUS, Dr. Jaime Barcelona quien explic\u00f3 dos temas\u00a0 centrales de este reclamo de la Multisectorial que defiende a la Universidad P\u00fablica, Gratuita, Laica e Inclusiva.<\/p>\n<ul>\n<li>Ley de Financiamiento Universitario<\/li>\n<li>Sueldo digno para la Comunidad Universitaria<\/li>\n<\/ul>\n<p><iframe loading=\"lazy\" title=\"UNSJ ADICUS DR JAIME BARCELONA\" width=\"800\" height=\"450\" src=\"https:\/\/www.youtube.com\/embed\/19NcxrW0nHo?feature=oembed\" frameborder=\"0\" allow=\"accelerometer; autoplay; clipboard-write; encrypted-media; gyroscope; picture-in-picture; web-share\" referrerpolicy=\"strict-origin-when-cross-origin\" allowfullscreen><\/iframe><\/p>\n<p>Posteriormente, fue la voz del Rector de la UNSJ, Ing. Tadeo Berenguer que se enfrenta a una segunda gesti\u00f3n despu\u00e9s de ganar las Elecciones 2025 de la UNSJ.<\/p>\n<p><iframe loading=\"lazy\" title=\"UNSJ RECTOR ING TADEO BERENGUER\" width=\"800\" height=\"450\" src=\"https:\/\/www.youtube.com\/embed\/Tlkq1CC-5pQ?feature=oembed\" frameborder=\"0\" allow=\"accelerometer; autoplay; clipboard-write; encrypted-media; gyroscope; picture-in-picture; web-share\" referrerpolicy=\"strict-origin-when-cross-origin\" allowfullscreen><\/iframe><\/p>\n<p>Fue el momento de salir del edifico y abrazar la Universidad Nacional de San Juan y caminar hacia el Cruce de Peatonales para sumar adhesiones a la Ley de Financiamiento Universitario.<\/p>\n<p><img loading=\"lazy\" decoding=\"async\" class=\"alignnone size-full wp-image-88064\" src=\"https:\/\/vocesparalelas.com.ar\/sitio\/wp-content\/uploads\/2025\/06\/UNSJ-LEY-02.jpg\" alt=\"\" width=\"800\" height=\"533\" srcset=\"https:\/\/vocesparalelas.com.ar\/sitio\/wp-content\/uploads\/2025\/06\/UNSJ-LEY-02.jpg 800w, https:\/\/vocesparalelas.com.ar\/sitio\/wp-content\/uploads\/2025\/06\/UNSJ-LEY-02-300x200.jpg 300w, https:\/\/vocesparalelas.com.ar\/sitio\/wp-content\/uploads\/2025\/06\/UNSJ-LEY-02-768x512.jpg 768w\" sizes=\"auto, (max-width: 800px) 100vw, 800px\" \/><\/p>\n<p>El recorrido fue acompa\u00f1ado por cantos, aplausos, carteles y la emoci\u00f3n del p\u00fablico que acompa\u00f1\u00f3 con aplausos como expresi\u00f3n de apoyo y defensa de los reclamos universitarios.<\/p>\n<p><iframe loading=\"lazy\" title=\"UNSJ LEY FINANCIAMENTO UNIVERSITARIO\" width=\"800\" height=\"450\" src=\"https:\/\/www.youtube.com\/embed\/C1GMGhvWQ54?feature=oembed\" frameborder=\"0\" allow=\"accelerometer; autoplay; clipboard-write; encrypted-media; gyroscope; picture-in-picture; web-share\" referrerpolicy=\"strict-origin-when-cross-origin\" allowfullscreen><\/iframe><\/p>\n<p>La secretaria General de UDA San Juan, Prof. Karina Navarro, quien destac\u00f3 la preocupaci\u00f3n de la necesidad de seguir reclamando los derechos de una educaci\u00f3n universitaria para los que quieran superarse con una Ley de Financiamiento Universitario, sueldos dignos que permitan crecer como como trabajadores que contribuyen a la sociedad.<\/p>\n<p><img loading=\"lazy\" decoding=\"async\" class=\"alignnone size-full wp-image-88068\" src=\"https:\/\/vocesparalelas.com.ar\/sitio\/wp-content\/uploads\/2025\/06\/UNSJ-LEY-06.jpg\" alt=\"\" width=\"800\" height=\"533\" srcset=\"https:\/\/vocesparalelas.com.ar\/sitio\/wp-content\/uploads\/2025\/06\/UNSJ-LEY-06.jpg 800w, https:\/\/vocesparalelas.com.ar\/sitio\/wp-content\/uploads\/2025\/06\/UNSJ-LEY-06-300x200.jpg 300w, https:\/\/vocesparalelas.com.ar\/sitio\/wp-content\/uploads\/2025\/06\/UNSJ-LEY-06-768x512.jpg 768w\" sizes=\"auto, (max-width: 800px) 100vw, 800px\" \/><\/p>\n<p><iframe loading=\"lazy\" title=\"UNSJ UDA SAN JUAN PROF KARINA NAVARRO\" width=\"800\" height=\"450\" src=\"https:\/\/www.youtube.com\/embed\/gU1xRFGE86I?feature=oembed\" frameborder=\"0\" allow=\"accelerometer; autoplay; clipboard-write; encrypted-media; gyroscope; picture-in-picture; web-share\" referrerpolicy=\"strict-origin-when-cross-origin\" allowfullscreen><\/iframe><\/p>\n<p><img loading=\"lazy\" decoding=\"async\" class=\"alignnone size-full wp-image-88066\" src=\"https:\/\/vocesparalelas.com.ar\/sitio\/wp-content\/uploads\/2025\/06\/UNSJ-LEY-04.jpg\" alt=\"\" width=\"800\" height=\"533\" srcset=\"https:\/\/vocesparalelas.com.ar\/sitio\/wp-content\/uploads\/2025\/06\/UNSJ-LEY-04.jpg 800w, https:\/\/vocesparalelas.com.ar\/sitio\/wp-content\/uploads\/2025\/06\/UNSJ-LEY-04-300x200.jpg 300w, https:\/\/vocesparalelas.com.ar\/sitio\/wp-content\/uploads\/2025\/06\/UNSJ-LEY-04-768x512.jpg 768w\" sizes=\"auto, (max-width: 800px) 100vw, 800px\" \/><\/p>\n<p>La Comunidad de la UNSJ lleg\u00f3 al cruce de las peatonales y se enton\u00f3 el Himno Nacional de San Juan con los sentires a flor de piel.<\/p>\n<p><iframe loading=\"lazy\" title=\"UNSJ HIMNO NACIONAL ARGENTINO\" width=\"800\" height=\"450\" src=\"https:\/\/www.youtube.com\/embed\/8GWTofFMnZc?feature=oembed\" frameborder=\"0\" allow=\"accelerometer; autoplay; clipboard-write; encrypted-media; gyroscope; picture-in-picture; web-share\" referrerpolicy=\"strict-origin-when-cross-origin\" allowfullscreen><\/iframe><\/p>\n<p><img loading=\"lazy\" decoding=\"async\" class=\"alignnone size-full wp-image-88067\" src=\"https:\/\/vocesparalelas.com.ar\/sitio\/wp-content\/uploads\/2025\/06\/UNSJ-LEY-05.jpg\" alt=\"\" width=\"800\" height=\"533\" srcset=\"https:\/\/vocesparalelas.com.ar\/sitio\/wp-content\/uploads\/2025\/06\/UNSJ-LEY-05.jpg 800w, https:\/\/vocesparalelas.com.ar\/sitio\/wp-content\/uploads\/2025\/06\/UNSJ-LEY-05-300x200.jpg 300w, https:\/\/vocesparalelas.com.ar\/sitio\/wp-content\/uploads\/2025\/06\/UNSJ-LEY-05-768x512.jpg 768w\" sizes=\"auto, (max-width: 800px) 100vw, 800px\" \/><\/p>\n<p><img loading=\"lazy\" decoding=\"async\" class=\"alignnone size-full wp-image-88069\" src=\"https:\/\/vocesparalelas.com.ar\/sitio\/wp-content\/uploads\/2025\/06\/UNSJ-LEY-07.jpg\" alt=\"\" width=\"800\" height=\"533\" srcset=\"https:\/\/vocesparalelas.com.ar\/sitio\/wp-content\/uploads\/2025\/06\/UNSJ-LEY-07.jpg 800w, https:\/\/vocesparalelas.com.ar\/sitio\/wp-content\/uploads\/2025\/06\/UNSJ-LEY-07-300x200.jpg 300w, https:\/\/vocesparalelas.com.ar\/sitio\/wp-content\/uploads\/2025\/06\/UNSJ-LEY-07-768x512.jpg 768w\" sizes=\"auto, (max-width: 800px) 100vw, 800px\" \/><\/p>\n<p><span style=\"color: #993300;\"><strong>Convocaron<\/strong><\/span><\/p>\n<ul>\n<li>Universidad Nacional de San Juan<\/li>\n<li>Federaci\u00f3n Universitaria de San Juan<\/li>\n<li>UDA San Juan<\/li>\n<li>SIDUNSJ<\/li>\n<li>ADICUS<\/li>\n<\/ul>\n<blockquote class=\"wp-embedded-content\" data-secret=\"no88Ntd7Zf\"><p><a href=\"https:\/\/vocesparalelas.com.ar\/sitio\/yo-apoyo-la-ley-de-financiamiento-universitario-de-argentina\/\">Yo apoyo la Ley de Financiamiento Universitario de Argentina<\/a><\/p><\/blockquote>\n<p><iframe loading=\"lazy\" class=\"wp-embedded-content\" sandbox=\"allow-scripts\" security=\"restricted\" style=\"position: absolute; visibility: hidden;\" title=\"\u00abYo apoyo la Ley de Financiamiento Universitario de Argentina\u00bb \u2014 Voces Paralelas\" src=\"https:\/\/vocesparalelas.com.ar\/sitio\/yo-apoyo-la-ley-de-financiamiento-universitario-de-argentina\/embed\/#?secret=M3pIR6ovk1#?secret=no88Ntd7Zf\" data-secret=\"no88Ntd7Zf\" width=\"600\" height=\"338\" frameborder=\"0\" marginwidth=\"0\" marginheight=\"0\" scrolling=\"no\"><\/iframe><\/p>\n<p><img loading=\"lazy\" decoding=\"async\" class=\"alignnone size-full wp-image-79515\" src=\"https:\/\/vocesparalelas.com.ar\/sitio\/wp-content\/uploads\/2024\/11\/UNSJ-LOGO-01.jpg\" alt=\"\" width=\"800\" height=\"459\" srcset=\"https:\/\/vocesparalelas.com.ar\/sitio\/wp-content\/uploads\/2024\/11\/UNSJ-LOGO-01.jpg 800w, https:\/\/vocesparalelas.com.ar\/sitio\/wp-content\/uploads\/2024\/11\/UNSJ-LOGO-01-300x172.jpg 300w, https:\/\/vocesparalelas.com.ar\/sitio\/wp-content\/uploads\/2024\/11\/UNSJ-LOGO-01-768x441.jpg 768w\" sizes=\"auto, (max-width: 800px) 100vw, 800px\" \/><\/p>\n","protected":false},"excerpt":{"rendered":"<p>En el Rectorado de la Universidad Nacional de San Juan se desarroll\u00f3 primero una conferencia de prensa\u00a0 con la participaci\u00f3n<\/p>\n","protected":false},"author":3,"featured_media":88065,"comment_status":"closed","ping_status":"closed","sticky":false,"template":"","format":"standard","meta":{"_acf_changed":false,"_seopress_robots_primary_cat":"none","_seopress_titles_title":"","_seopress_titles_desc":"","_seopress_robots_index":"","colormag_page_container_layout":"default_layout","colormag_page_sidebar_layout":"default_layout","footnotes":""},"categories":[10,7],"tags":[],"class_list":["post-88060","post","type-post","status-publish","format-standard","has-post-thumbnail","hentry","category-opiniones","category-videos"],"acf":[],"_links":{"self":[{"href":"https:\/\/vocesparalelas.com.ar\/sitio\/wp-json\/wp\/v2\/posts\/88060","targetHints":{"allow":["GET"]}}],"collection":[{"href":"https:\/\/vocesparalelas.com.ar\/sitio\/wp-json\/wp\/v2\/posts"}],"about":[{"href":"https:\/\/vocesparalelas.com.ar\/sitio\/wp-json\/wp\/v2\/types\/post"}],"author":[{"embeddable":true,"href":"https:\/\/vocesparalelas.com.ar\/sitio\/wp-json\/wp\/v2\/users\/3"}],"replies":[{"embeddable":true,"href":"https:\/\/vocesparalelas.com.ar\/sitio\/wp-json\/wp\/v2\/comments?post=88060"}],"version-history":[{"count":1,"href":"https:\/\/vocesparalelas.com.ar\/sitio\/wp-json\/wp\/v2\/posts\/88060\/revisions"}],"predecessor-version":[{"id":88070,"href":"https:\/\/vocesparalelas.com.ar\/sitio\/wp-json\/wp\/v2\/posts\/88060\/revisions\/88070"}],"wp:featuredmedia":[{"embeddable":true,"href":"https:\/\/vocesparalelas.com.ar\/sitio\/wp-json\/wp\/v2\/media\/88065"}],"wp:attachment":[{"href":"https:\/\/vocesparalelas.com.ar\/sitio\/wp-json\/wp\/v2\/media?parent=88060"}],"wp:term":[{"taxonomy":"category","embeddable":true,"href":"https:\/\/vocesparalelas.com.ar\/sitio\/wp-json\/wp\/v2\/categories?post=88060"},{"taxonomy":"post_tag","embeddable":true,"href":"https:\/\/vocesparalelas.com.ar\/sitio\/wp-json\/wp\/v2\/tags?post=88060"}],"curies":[{"name":"wp","href":"https:\/\/api.w.org\/{rel}","templated":true}]}}