{"id":88049,"date":"2025-06-26T22:46:21","date_gmt":"2025-06-27T01:46:21","guid":{"rendered":"https:\/\/vocesparalelas.com.ar\/sitio\/?p=88049"},"modified":"2025-06-26T22:46:21","modified_gmt":"2025-06-27T01:46:21","slug":"honrar-a-los-heroes-de-malvinas-es-no-olvidar-en-rivadavia-de-san-juan","status":"publish","type":"post","link":"https:\/\/vocesparalelas.com.ar\/sitio\/honrar-a-los-heroes-de-malvinas-es-no-olvidar-en-rivadavia-de-san-juan\/","title":{"rendered":"Honrar a los H\u00e9roes de Malvinas es no olvidar en Rivadavia de San Juan"},"content":{"rendered":"<p>El Concejo Deliberante de la Municipalidad de la Ciudad de Rivadavia de San Juan, en la S\u00e9ptima Sesi\u00f3n del periodo ordinario ingres\u00f3 una ordenanza del Concejal Cristian Morales, que establece la colocaci\u00f3n de placas conmemorativas en los domicilios de ex combatientes de la Guerra de Malvinas que vivan o hayan vivido en el Departamento Rivadavia.<\/p>\n<p>Esta iniciativa busca honrar en forma permanente a los veteranos locales, reconociendo su entrega y valor en la defensa de la soberan\u00eda nacional.<\/p>\n<p>Las placas llevar\u00e1n inscripciones que identifiquen al ex combatiente o al h\u00e9roe ca\u00eddo, con la leyenda: \u00abAqu\u00ed vive y\/o vivi\u00f3 un ciudadano ilustre de Rivadavia, H\u00e9roe de Malvinas.\u00bb<\/p>\n<p>La ordenanza incluye a soldados, oficiales, suboficiales y civiles que hayan participado directamente en el conflicto entre el 2 de Abril y el 14 de Junio de 1982.<\/p>\n<p><img loading=\"lazy\" decoding=\"async\" class=\"alignnone size-full wp-image-58674\" src=\"https:\/\/vocesparalelas.com.ar\/sitio\/wp-content\/uploads\/2023\/05\/VETERANO-MALVINAS.jpg\" alt=\"\" width=\"800\" height=\"534\" srcset=\"https:\/\/vocesparalelas.com.ar\/sitio\/wp-content\/uploads\/2023\/05\/VETERANO-MALVINAS.jpg 800w, https:\/\/vocesparalelas.com.ar\/sitio\/wp-content\/uploads\/2023\/05\/VETERANO-MALVINAS-300x200.jpg 300w, https:\/\/vocesparalelas.com.ar\/sitio\/wp-content\/uploads\/2023\/05\/VETERANO-MALVINAS-768x513.jpg 768w\" sizes=\"auto, (max-width: 800px) 100vw, 800px\" \/><\/p>\n<p>Adem\u00e1s, convoca a organizaciones de ex combatientes y familiares para colaborar en la identificaci\u00f3n de los veteranos que ser\u00e1n homenajeados.<\/p>\n<p>Este reconocimiento busca acercar a nuestros h\u00e9roes a los vecinos del departamento, manteniendo viva la memoria y el agradecimiento de todo un pueblo.<\/p>\n<p>Tambi\u00e9n, present\u00f3 un proyecto de declaraci\u00f3n donde destaca a 8 j\u00f3venes de Rivadavia que fueron seleccionados para representar la provincia en la selecci\u00f3n Sanjuanina de hockey social Sub 12, dicho torneo se disputar\u00e1 en Alta Gracia, Provincia de C\u00f3rdoba. Estos adolescentes forman parte del equipo municipal del Polideportivo del Barrio Rivadavia Norte.<\/p>\n<p>&nbsp;<\/p>\n<p><img loading=\"lazy\" decoding=\"async\" class=\"alignnone size-full wp-image-66896\" src=\"https:\/\/vocesparalelas.com.ar\/sitio\/wp-content\/uploads\/2023\/12\/RIVADAVIA-LOGO-NUEVO.jpg\" alt=\"\" width=\"800\" height=\"533\" srcset=\"https:\/\/vocesparalelas.com.ar\/sitio\/wp-content\/uploads\/2023\/12\/RIVADAVIA-LOGO-NUEVO.jpg 800w, https:\/\/vocesparalelas.com.ar\/sitio\/wp-content\/uploads\/2023\/12\/RIVADAVIA-LOGO-NUEVO-300x200.jpg 300w, https:\/\/vocesparalelas.com.ar\/sitio\/wp-content\/uploads\/2023\/12\/RIVADAVIA-LOGO-NUEVO-768x512.jpg 768w\" sizes=\"auto, (max-width: 800px) 100vw, 800px\" \/><\/p>\n","protected":false},"excerpt":{"rendered":"<p>El Concejo Deliberante de la Municipalidad de la Ciudad de Rivadavia de San Juan, en la S\u00e9ptima Sesi\u00f3n del periodo<\/p>\n","protected":false},"author":3,"featured_media":88052,"comment_status":"closed","ping_status":"closed","sticky":false,"template":"","format":"standard","meta":{"_acf_changed":false,"_seopress_robots_primary_cat":"none","_seopress_titles_title":"","_seopress_titles_desc":"","_seopress_robots_index":"","colormag_page_container_layout":"default_layout","colormag_page_sidebar_layout":"default_layout","footnotes":""},"categories":[1],"tags":[],"class_list":["post-88049","post","type-post","status-publish","format-standard","has-post-thumbnail","hentry","category-destacadas"],"acf":[],"_links":{"self":[{"href":"https:\/\/vocesparalelas.com.ar\/sitio\/wp-json\/wp\/v2\/posts\/88049","targetHints":{"allow":["GET"]}}],"collection":[{"href":"https:\/\/vocesparalelas.com.ar\/sitio\/wp-json\/wp\/v2\/posts"}],"about":[{"href":"https:\/\/vocesparalelas.com.ar\/sitio\/wp-json\/wp\/v2\/types\/post"}],"author":[{"embeddable":true,"href":"https:\/\/vocesparalelas.com.ar\/sitio\/wp-json\/wp\/v2\/users\/3"}],"replies":[{"embeddable":true,"href":"https:\/\/vocesparalelas.com.ar\/sitio\/wp-json\/wp\/v2\/comments?post=88049"}],"version-history":[{"count":1,"href":"https:\/\/vocesparalelas.com.ar\/sitio\/wp-json\/wp\/v2\/posts\/88049\/revisions"}],"predecessor-version":[{"id":88053,"href":"https:\/\/vocesparalelas.com.ar\/sitio\/wp-json\/wp\/v2\/posts\/88049\/revisions\/88053"}],"wp:featuredmedia":[{"embeddable":true,"href":"https:\/\/vocesparalelas.com.ar\/sitio\/wp-json\/wp\/v2\/media\/88052"}],"wp:attachment":[{"href":"https:\/\/vocesparalelas.com.ar\/sitio\/wp-json\/wp\/v2\/media?parent=88049"}],"wp:term":[{"taxonomy":"category","embeddable":true,"href":"https:\/\/vocesparalelas.com.ar\/sitio\/wp-json\/wp\/v2\/categories?post=88049"},{"taxonomy":"post_tag","embeddable":true,"href":"https:\/\/vocesparalelas.com.ar\/sitio\/wp-json\/wp\/v2\/tags?post=88049"}],"curies":[{"name":"wp","href":"https:\/\/api.w.org\/{rel}","templated":true}]}}