{"id":88035,"date":"2025-06-26T20:40:07","date_gmt":"2025-06-26T23:40:07","guid":{"rendered":"https:\/\/vocesparalelas.com.ar\/sitio\/?p=88035"},"modified":"2025-06-26T20:40:07","modified_gmt":"2025-06-26T23:40:07","slug":"analizaron-proyectos-en-comisiones-de-la-camara-de-diputados-de-san-juan","status":"publish","type":"post","link":"https:\/\/vocesparalelas.com.ar\/sitio\/analizaron-proyectos-en-comisiones-de-la-camara-de-diputados-de-san-juan\/","title":{"rendered":"Analizaron Proyectos en Comisiones de la C\u00e1mara de Diputados de San Juan"},"content":{"rendered":"<div class=\"com-content-article__body\">\n<p>Los diputados integrantes de las comisiones de Educaci\u00f3n, Ciencia, T\u00e9cnica y Cultura, y Peticiones y Poderes se reunieron para avanzar en el tratamiento de diversos proyectos que tienen estado parlamentario.<\/p>\n<p><span style=\"color: #800080;\"><strong>Comisi\u00f3n de Educaci\u00f3n<\/strong><\/span><\/p>\n<p>En primer lugar, fue desarrollada la reuni\u00f3n de la comisi\u00f3n de Educaci\u00f3n que estuvo presidida por su titular, diputada Alejandra Leonardo. Participaron, adem\u00e1s, los legisladores Omar Ortiz, Miguel Vega, M\u00f3nica Gonz\u00e1lez, Gabriel S\u00e1nchez, Cristina L\u00f3pez y Rosana Luque.<\/p>\n<p>Durante el encuentro dieron tratamiento y emitieron despacho favorable a un proyecto de Ley presentado por el interbloque Cambia San Juan que propone instituir el d\u00eda 21 de abril de cada a\u00f1o como \u00abUn d\u00eda por Francisco\u00bb, en homenaje al Papa Francisco.<\/p>\n<p>El objeto de esta iniciativa es la promoci\u00f3n en el \u00e1mbito educativo de acciones y actividades pedag\u00f3gicas, comunitarias y de reflexi\u00f3n, llevadas a cabo por las instituciones educativas de todos los niveles, tanto de gesti\u00f3n p\u00fablica como privada.<\/p>\n<p>En este sentido, la conmemoraci\u00f3n ser\u00e1 incorporado al calendario oficial de efem\u00e9rides de la Provincia, sin que constituya obligatoriedad de feriado o asueto administrativo.<\/p>\n<p>Asimismo, firmaron despacho de dos proyectos de Ley que proponen imponer los siguientes nombres a instituciones educativas:<\/p>\n<ul>\n<li><span style=\"color: #800080;\"><strong>\u201cWuasi Kusi<\/strong>\u201d,<\/span> a la Escuela de Nivel Inicial N\u00ba58 creada el 1 de marzo de 2017 por resoluci\u00f3n N\u00ba 0633 \u2014ME- del departamento J\u00e1chal dependiente de la Direcci\u00f3n de Educaci\u00f3n Inicial del Ministerio de Educaci\u00f3n de la provincia de San Juan. (Autor: diputado Miguel Vega)<\/li>\n<li><strong>\u201c<span style=\"color: #800080;\">Semillitas de mi Valle\u00bb<\/span><\/strong>\u00a0a la Escuela de Nivel Inicial N\u00b068, ubicada en calle proyectada S\/N, Barrio Valle Grande, del departamento Rawson, dependiente de la Direcci\u00f3n de Educaci\u00f3n Inicial del Ministerio de Educaci\u00f3n de la Provincia de San Juan. (Autor: Sonia Ferreyra)<\/li>\n<\/ul>\n<p>Por \u00faltimo, dieron despacho favorable a un proyecto de Resoluci\u00f3n presentado por el interbloque Cambia San Juan que propone declarar de inter\u00e9s \u201cecon\u00f3mico, social, empresarial a la II Conferencia Internacional ArgentinaCobre, que se llevar\u00e1 a cabo los d\u00edas 4 y 5 de agosto del corriente a\u00f1o en el sal\u00f3n Grazia\u201d.<\/p>\n<p><span style=\"color: #800080;\"><strong>Comisi\u00f3n de Peticiones<\/strong><\/span><\/p>\n<p>M\u00e1s tarde, la comisi\u00f3n de Peticiones y Poderes analiz\u00f3 diferentes proyectos presentados. La reuni\u00f3n estuvo encabezada por su presidente, diputado Carlos Jaime Quiroga. Participaron, adem\u00e1s, los legisladores Pedro Albagli, Mar\u00eda Lascano, Juan de la Cruz C\u00f3rdoba, Gabriel S\u00e1nchez, Gustavo Us\u00edn, Emilio Escudero y Omar Ortiz.<\/p>\n<p>En la ocasi\u00f3n, trataron tres expedientes que tienen que ver con proyectos de Ley que proponen imponer nombre a diferentes escuelas. Dos de ellos son los que fueron tratados en la Comisi\u00f3n de Educaci\u00f3n (\u201cWuasi Kusi\u201d y \u201cSemillitas de mi Valle\u00bb) y el tercero propone imponer el nombre \u00abGraciela Montes\u00bb, a la Escuela de Nivel Inicial N\u00b0 55, ubicada en calle El Paisano y Mancini s\/n, Barrio Los Pinos, Departamento Chimbas, dependiente de la Direcci\u00f3n de Educaci\u00f3n Inicial del Ministerio de Educaci\u00f3n de la Provincia de San Juan.<\/p>\n<\/div>\n<figure id=\"attachment_37951\" aria-describedby=\"caption-attachment-37951\" style=\"width: 800px\" class=\"wp-caption alignnone\"><img loading=\"lazy\" decoding=\"async\" class=\"size-full wp-image-37951\" src=\"https:\/\/vocesparalelas.com.ar\/sitio\/wp-content\/uploads\/2021\/05\/CAMARA-EDIFICIO.jpg\" alt=\"\" width=\"800\" height=\"515\" srcset=\"https:\/\/vocesparalelas.com.ar\/sitio\/wp-content\/uploads\/2021\/05\/CAMARA-EDIFICIO.jpg 800w, https:\/\/vocesparalelas.com.ar\/sitio\/wp-content\/uploads\/2021\/05\/CAMARA-EDIFICIO-300x193.jpg 300w, https:\/\/vocesparalelas.com.ar\/sitio\/wp-content\/uploads\/2021\/05\/CAMARA-EDIFICIO-768x494.jpg 768w\" sizes=\"auto, (max-width: 800px) 100vw, 800px\" \/><figcaption id=\"caption-attachment-37951\" class=\"wp-caption-text\">Legislatura Provincial de San Juan, Rep\u00fablica Argentina<\/figcaption><\/figure>\n","protected":false},"excerpt":{"rendered":"<p>Los diputados integrantes de las comisiones de Educaci\u00f3n, Ciencia, T\u00e9cnica y Cultura, y Peticiones y Poderes se reunieron para avanzar<\/p>\n","protected":false},"author":3,"featured_media":88038,"comment_status":"closed","ping_status":"closed","sticky":false,"template":"","format":"standard","meta":{"_acf_changed":false,"_seopress_robots_primary_cat":"none","_seopress_titles_title":"","_seopress_titles_desc":"","_seopress_robots_index":"","colormag_page_container_layout":"default_layout","colormag_page_sidebar_layout":"default_layout","footnotes":""},"categories":[1],"tags":[],"class_list":["post-88035","post","type-post","status-publish","format-standard","has-post-thumbnail","hentry","category-destacadas"],"acf":[],"_links":{"self":[{"href":"https:\/\/vocesparalelas.com.ar\/sitio\/wp-json\/wp\/v2\/posts\/88035","targetHints":{"allow":["GET"]}}],"collection":[{"href":"https:\/\/vocesparalelas.com.ar\/sitio\/wp-json\/wp\/v2\/posts"}],"about":[{"href":"https:\/\/vocesparalelas.com.ar\/sitio\/wp-json\/wp\/v2\/types\/post"}],"author":[{"embeddable":true,"href":"https:\/\/vocesparalelas.com.ar\/sitio\/wp-json\/wp\/v2\/users\/3"}],"replies":[{"embeddable":true,"href":"https:\/\/vocesparalelas.com.ar\/sitio\/wp-json\/wp\/v2\/comments?post=88035"}],"version-history":[{"count":1,"href":"https:\/\/vocesparalelas.com.ar\/sitio\/wp-json\/wp\/v2\/posts\/88035\/revisions"}],"predecessor-version":[{"id":88039,"href":"https:\/\/vocesparalelas.com.ar\/sitio\/wp-json\/wp\/v2\/posts\/88035\/revisions\/88039"}],"wp:featuredmedia":[{"embeddable":true,"href":"https:\/\/vocesparalelas.com.ar\/sitio\/wp-json\/wp\/v2\/media\/88038"}],"wp:attachment":[{"href":"https:\/\/vocesparalelas.com.ar\/sitio\/wp-json\/wp\/v2\/media?parent=88035"}],"wp:term":[{"taxonomy":"category","embeddable":true,"href":"https:\/\/vocesparalelas.com.ar\/sitio\/wp-json\/wp\/v2\/categories?post=88035"},{"taxonomy":"post_tag","embeddable":true,"href":"https:\/\/vocesparalelas.com.ar\/sitio\/wp-json\/wp\/v2\/tags?post=88035"}],"curies":[{"name":"wp","href":"https:\/\/api.w.org\/{rel}","templated":true}]}}