{"id":87959,"date":"2025-06-24T21:35:29","date_gmt":"2025-06-25T00:35:29","guid":{"rendered":"https:\/\/vocesparalelas.com.ar\/sitio\/?p=87959"},"modified":"2025-06-25T22:50:51","modified_gmt":"2025-06-26T01:50:51","slug":"convocatoria-para-proyectos-de-conservacion-de-bosques-nativos-en-san-juan","status":"publish","type":"post","link":"https:\/\/vocesparalelas.com.ar\/sitio\/convocatoria-para-proyectos-de-conservacion-de-bosques-nativos-en-san-juan\/","title":{"rendered":"Convocatoria para proyectos de conservaci\u00f3n de bosques nativos en San Juan"},"content":{"rendered":"<p>La Secretar\u00eda de Estado de Ambiente y Desarrollo Sustentable del Gobierno de San Juan, a trav\u00e9s de la Direcci\u00f3n de Bosques Nativos, informa la apertura de una nueva convocatoria para la presentaci\u00f3n de proyectos de preservaci\u00f3n de bosques nativos, en el marco de la Ley Nacional N.\u00ba 26.331 y la Ley Provincial N.\u00ba 1094-L.<\/p>\n<p>La convocatoria est\u00e1 vigente desde el 19 de Agosto hasta el \u00faltimo d\u00eda h\u00e1bil de Septiembre de 2025, y est\u00e1 destinada a titulares de tierras que posean bosques nativos en una superficie m\u00ednima de 10 hect\u00e1reas.<\/p>\n<p>El bosque nativo es aquel compuesto por especies aut\u00f3ctonas, ya sea por generaci\u00f3n natural, regeneraci\u00f3n natural o plantaci\u00f3n con las mismas especies existentes en el \u00e1rea. Su preservaci\u00f3n es clave para proteger la biodiversidad, conservar los suelos, regular el ciclo h\u00eddrico y mitigar los efectos del cambio clim\u00e1tico.<\/p>\n<p>Los proyectos que se presenten deben proponer el desarrollo de actividades econ\u00f3micas sustentables, compatibles con la conservaci\u00f3n del ecosistema. Algunos ejemplos incluyen el ecoturismo, la producci\u00f3n ap\u00edcola, la ganader\u00eda de bajo impacto, la recolecci\u00f3n de frutos nativos y otros usos forestales no madereros.<\/p>\n<p>Las iniciativas seleccionadas recibir\u00e1n fondos no reintegrables provenientes del Fondo Nacional para la Conservaci\u00f3n de los Bosques Nativos, que se destinan a financiar tanto la ejecuci\u00f3n de nuevos proyectos como la continuidad de los ya existentes.<\/p>\n<p>Adem\u00e1s, la convocatoria valora especialmente aquellos proyectos que generen empleo local o que fomenten la actividad entre peque\u00f1os productores, fortaleciendo el desarrollo econ\u00f3mico sustentable en las zonas rurales de la provincia.<\/p>\n<p>Este programa es una herramienta estrat\u00e9gica que refleja el compromiso de San Juan con el manejo responsable del territorio, la sustentabilidad productiva y la conservaci\u00f3n del patrimonio natural.<\/p>\n<p><img loading=\"lazy\" decoding=\"async\" class=\"alignnone size-large wp-image-18375\" src=\"https:\/\/vocesparalelas.com.ar\/sitio\/wp-content\/uploads\/2019\/01\/AMBIENTE-CARTEL-800x496.jpg\" alt=\"\" width=\"800\" height=\"496\" srcset=\"https:\/\/vocesparalelas.com.ar\/sitio\/wp-content\/uploads\/2019\/01\/AMBIENTE-CARTEL-800x496.jpg 800w, https:\/\/vocesparalelas.com.ar\/sitio\/wp-content\/uploads\/2019\/01\/AMBIENTE-CARTEL-300x186.jpg 300w, https:\/\/vocesparalelas.com.ar\/sitio\/wp-content\/uploads\/2019\/01\/AMBIENTE-CARTEL-768x476.jpg 768w, https:\/\/vocesparalelas.com.ar\/sitio\/wp-content\/uploads\/2019\/01\/AMBIENTE-CARTEL.jpg 1000w\" sizes=\"auto, (max-width: 800px) 100vw, 800px\" \/><\/p>\n<p>&nbsp;<\/p>\n","protected":false},"excerpt":{"rendered":"<p>La Secretar\u00eda de Estado de Ambiente y Desarrollo Sustentable del Gobierno de San Juan, a trav\u00e9s de la Direcci\u00f3n de<\/p>\n","protected":false},"author":3,"featured_media":68440,"comment_status":"closed","ping_status":"closed","sticky":false,"template":"","format":"standard","meta":{"_acf_changed":false,"_seopress_robots_primary_cat":"none","_seopress_titles_title":"","_seopress_titles_desc":"","_seopress_robots_index":"","colormag_page_container_layout":"default_layout","colormag_page_sidebar_layout":"default_layout","footnotes":""},"categories":[2],"tags":[],"class_list":["post-87959","post","type-post","status-publish","format-standard","has-post-thumbnail","hentry","category-convocatorias"],"acf":[],"_links":{"self":[{"href":"https:\/\/vocesparalelas.com.ar\/sitio\/wp-json\/wp\/v2\/posts\/87959","targetHints":{"allow":["GET"]}}],"collection":[{"href":"https:\/\/vocesparalelas.com.ar\/sitio\/wp-json\/wp\/v2\/posts"}],"about":[{"href":"https:\/\/vocesparalelas.com.ar\/sitio\/wp-json\/wp\/v2\/types\/post"}],"author":[{"embeddable":true,"href":"https:\/\/vocesparalelas.com.ar\/sitio\/wp-json\/wp\/v2\/users\/3"}],"replies":[{"embeddable":true,"href":"https:\/\/vocesparalelas.com.ar\/sitio\/wp-json\/wp\/v2\/comments?post=87959"}],"version-history":[{"count":1,"href":"https:\/\/vocesparalelas.com.ar\/sitio\/wp-json\/wp\/v2\/posts\/87959\/revisions"}],"predecessor-version":[{"id":87962,"href":"https:\/\/vocesparalelas.com.ar\/sitio\/wp-json\/wp\/v2\/posts\/87959\/revisions\/87962"}],"wp:featuredmedia":[{"embeddable":true,"href":"https:\/\/vocesparalelas.com.ar\/sitio\/wp-json\/wp\/v2\/media\/68440"}],"wp:attachment":[{"href":"https:\/\/vocesparalelas.com.ar\/sitio\/wp-json\/wp\/v2\/media?parent=87959"}],"wp:term":[{"taxonomy":"category","embeddable":true,"href":"https:\/\/vocesparalelas.com.ar\/sitio\/wp-json\/wp\/v2\/categories?post=87959"},{"taxonomy":"post_tag","embeddable":true,"href":"https:\/\/vocesparalelas.com.ar\/sitio\/wp-json\/wp\/v2\/tags?post=87959"}],"curies":[{"name":"wp","href":"https:\/\/api.w.org\/{rel}","templated":true}]}}