{"id":87932,"date":"2025-06-27T13:46:29","date_gmt":"2025-06-27T16:46:29","guid":{"rendered":"https:\/\/vocesparalelas.com.ar\/sitio\/?p=87932"},"modified":"2025-06-27T21:58:10","modified_gmt":"2025-06-28T00:58:10","slug":"se-acredita-el-sueldo-junio-2025-para-los-empleados-de-la-administracion-publica-de-san-juan","status":"publish","type":"post","link":"https:\/\/vocesparalelas.com.ar\/sitio\/se-acredita-el-sueldo-junio-2025-para-los-empleados-de-la-administracion-publica-de-san-juan\/","title":{"rendered":"Se acredita el sueldo \u00abJunio 2025\u00bb para los Empleados de la Administraci\u00f3n P\u00fablica de San Juan"},"content":{"rendered":"<p>El Ministerio de Econom\u00eda, Finanzas y Hacienda del Gobierno de San Juan informa que el <span style=\"color: #ff6600;\"><strong>S\u00e1bado, 28 de\u00a0 Junio<\/strong><\/span> se acredita el sueldo \u00abJunio 2025\u00bb para los Empleados de la Administraci\u00f3n P\u00fablica de San Juan. Se adelant\u00f3 el d\u00eda de acreditaci\u00f3n. Bienvenido sea.<\/p>\n<ul>\n<li>Valor \u00cdndice (VI), aplicando el IPC de Mayo publicado por el INDEC de 1,5%<\/li>\n<\/ul>\n<p><strong><span style=\"color: #ff6600;\">Para los Docentes de San Juan<\/span><\/strong><\/p>\n<p>Incremento de:<\/p>\n<ul>\n<li>Valor \u00cdndice (VI), aplicando el IPC de Mayo publicado por el INDEC de 1,5%<\/li>\n<li>5 puntos a todo el nomenclador docente<\/li>\n<li>Valor \u00cdndice 760,2619<\/li>\n<li>Cargo Testigo $358.843.62<\/li>\n<li>Horas C\u00e1tedras Nivel Medio &#8211; HCNM &#8211; $23,922.91<\/li>\n<li>Horas C\u00e1tedras Nivel Superior &#8211; HCNS &#8211; $29,903.63<\/li>\n<\/ul>\n<p>Se recuerda que los cajeros autom\u00e1ticos funcionan las 24 horas y que est\u00e1n vigentes las extracciones con tarjeta de d\u00e9bito en los principales supermercados y estaciones de servicio de la provincia, entre otros comercios identificados con el logo de Visa \u2013 Extra cash.<\/p>\n<p><img loading=\"lazy\" decoding=\"async\" class=\"alignnone size-full wp-image-65642\" src=\"https:\/\/vocesparalelas.com.ar\/sitio\/wp-content\/uploads\/2023\/11\/GOBIERNO-SAN-JUAN.jpg\" alt=\"\" width=\"800\" height=\"600\" srcset=\"https:\/\/vocesparalelas.com.ar\/sitio\/wp-content\/uploads\/2023\/11\/GOBIERNO-SAN-JUAN.jpg 800w, https:\/\/vocesparalelas.com.ar\/sitio\/wp-content\/uploads\/2023\/11\/GOBIERNO-SAN-JUAN-300x225.jpg 300w, https:\/\/vocesparalelas.com.ar\/sitio\/wp-content\/uploads\/2023\/11\/GOBIERNO-SAN-JUAN-768x576.jpg 768w\" sizes=\"auto, (max-width: 800px) 100vw, 800px\" \/><\/p>\n","protected":false},"excerpt":{"rendered":"<p>El Ministerio de Econom\u00eda, Finanzas y Hacienda del Gobierno de San Juan informa que el S\u00e1bado, 28 de\u00a0 Junio se<\/p>\n","protected":false},"author":3,"featured_media":5039,"comment_status":"closed","ping_status":"closed","sticky":false,"template":"","format":"standard","meta":{"_acf_changed":false,"_seopress_robots_primary_cat":"none","_seopress_titles_title":"","_seopress_titles_desc":"","_seopress_robots_index":"","colormag_page_container_layout":"default_layout","colormag_page_sidebar_layout":"default_layout","footnotes":""},"categories":[6],"tags":[],"class_list":["post-87932","post","type-post","status-publish","format-standard","has-post-thumbnail","hentry","category-eventos"],"acf":[],"_links":{"self":[{"href":"https:\/\/vocesparalelas.com.ar\/sitio\/wp-json\/wp\/v2\/posts\/87932","targetHints":{"allow":["GET"]}}],"collection":[{"href":"https:\/\/vocesparalelas.com.ar\/sitio\/wp-json\/wp\/v2\/posts"}],"about":[{"href":"https:\/\/vocesparalelas.com.ar\/sitio\/wp-json\/wp\/v2\/types\/post"}],"author":[{"embeddable":true,"href":"https:\/\/vocesparalelas.com.ar\/sitio\/wp-json\/wp\/v2\/users\/3"}],"replies":[{"embeddable":true,"href":"https:\/\/vocesparalelas.com.ar\/sitio\/wp-json\/wp\/v2\/comments?post=87932"}],"version-history":[{"count":6,"href":"https:\/\/vocesparalelas.com.ar\/sitio\/wp-json\/wp\/v2\/posts\/87932\/revisions"}],"predecessor-version":[{"id":87971,"href":"https:\/\/vocesparalelas.com.ar\/sitio\/wp-json\/wp\/v2\/posts\/87932\/revisions\/87971"}],"wp:featuredmedia":[{"embeddable":true,"href":"https:\/\/vocesparalelas.com.ar\/sitio\/wp-json\/wp\/v2\/media\/5039"}],"wp:attachment":[{"href":"https:\/\/vocesparalelas.com.ar\/sitio\/wp-json\/wp\/v2\/media?parent=87932"}],"wp:term":[{"taxonomy":"category","embeddable":true,"href":"https:\/\/vocesparalelas.com.ar\/sitio\/wp-json\/wp\/v2\/categories?post=87932"},{"taxonomy":"post_tag","embeddable":true,"href":"https:\/\/vocesparalelas.com.ar\/sitio\/wp-json\/wp\/v2\/tags?post=87932"}],"curies":[{"name":"wp","href":"https:\/\/api.w.org\/{rel}","templated":true}]}}