{"id":87883,"date":"2025-06-24T18:30:32","date_gmt":"2025-06-24T21:30:32","guid":{"rendered":"https:\/\/vocesparalelas.com.ar\/sitio\/?p=87883"},"modified":"2025-06-25T00:47:47","modified_gmt":"2025-06-25T03:47:47","slug":"jueves-26-y-viernes-27-de-junio-paro-nacional-de-la-docencia-universitaria-y-preuniversitaria-en-argentina","status":"publish","type":"post","link":"https:\/\/vocesparalelas.com.ar\/sitio\/jueves-26-y-viernes-27-de-junio-paro-nacional-de-la-docencia-universitaria-y-preuniversitaria-en-argentina\/","title":{"rendered":"Jueves, 26 y Viernes, 27 de Junio Paro Nacional de la Docencia Universitaria y Preuniversitaria en Argentina"},"content":{"rendered":"<p>En una conferencia de prensa realizada en la sede del Consejo Interuniversitario Nacional &#8211;\u00a0 CIN -, Francisca Staiti, secretaria general de CONADU Hist\u00f3rica, expuso la alarmante situaci\u00f3n que atraviesan los docentes universitarios destacando que <a>la p\u00e9rdida salarial se aproxima al 100%<\/a>, con un 35% de disminuci\u00f3n en el poder adquisitivo en comparaci\u00f3n con noviembre de 2023.<\/p>\n<p>La conferencia fue convocada por el CIN, el Frente Sindical de Universidades Nacionales y la FUA. Por CONADU Hist\u00f3rica estuvieron presentes Staiti y el secretario adjunto, Oscar Vallejos.<\/p>\n<p>Durante su intervenci\u00f3n, la l\u00edder sindical enfatiz\u00f3 la gravedad de la crisis que enfrentan los trabajadores de la educaci\u00f3n superior y el impacto en sus econom\u00edas familiares. \u00abNuestros compa\u00f1eros atraviesan una situaci\u00f3n familiar muy grave, que lamentablemente est\u00e1 llevando a un vaciamiento en el sentido de las renuncias y licencias, afectando directamente el funcionamiento de las universidades\u201d.<\/p>\n<p>Recordamos que esta semana CONADU Hist\u00f3rica llevar\u00e1 a cabo un paro de 48 horas, los d\u00edas 26 y 27 de junio, coincidiendo el jueves con la Marcha Federal Universitaria convocada de manera unitaria.<\/p>\n<p>En la conferencia tambi\u00e9n tomaron la palabra Oscar Alpa, presidente del CIN, y referentes de las restantes federaciones docentes, no docente y de la Federaci\u00f3n Universitaria Argentina, quienes sumaron sus voces en la demanda de una soluci\u00f3n urgente a la crisis. Desde los distintos sectores se enfatiz\u00f3 en la necesidad de que el Congreso Nacional de tratamiento urgente al proyecto de Ley de Financiamiento universitario.<\/p>\n<p>\u00abEste 26 de junio, debemos movilizarnos en cada universidad y en cada rinc\u00f3n del pa\u00eds, en defensa de la educaci\u00f3n p\u00fablica y de una universidad que tenga el lugar que merece en la construcci\u00f3n de un pa\u00eds libre y soberano\u00bb, finaliz\u00f3 Staiti.<\/p>\n<p><strong><span style=\"color: #ff6600;\">En San Juan<\/span><\/strong><\/p>\n<p><iframe loading=\"lazy\" title=\"ADICUS PROF JAIME BARCELONA\" width=\"800\" height=\"450\" src=\"https:\/\/www.youtube.com\/embed\/gj2t3zgNmyA?feature=oembed\" frameborder=\"0\" allow=\"accelerometer; autoplay; clipboard-write; encrypted-media; gyroscope; picture-in-picture; web-share\" referrerpolicy=\"strict-origin-when-cross-origin\" allowfullscreen><\/iframe><\/p>\n<p>&nbsp;<\/p>\n<p>ADICUS el gremio Asociaci\u00f3n de Docentes, Investigadores y Creadores Universitarios Sanjuanino informa que el 26 y 27 de Junio se desarrolla un paro Nacional de la Docencia Universitaria y Preuniversitaria.<\/p>\n<p><img loading=\"lazy\" decoding=\"async\" class=\"alignnone size-full wp-image-71000\" src=\"https:\/\/vocesparalelas.com.ar\/sitio\/wp-content\/uploads\/2024\/04\/ADICUS-UNSJ-02.jpg\" alt=\"\" width=\"800\" height=\"533\" srcset=\"https:\/\/vocesparalelas.com.ar\/sitio\/wp-content\/uploads\/2024\/04\/ADICUS-UNSJ-02.jpg 800w, https:\/\/vocesparalelas.com.ar\/sitio\/wp-content\/uploads\/2024\/04\/ADICUS-UNSJ-02-300x200.jpg 300w, https:\/\/vocesparalelas.com.ar\/sitio\/wp-content\/uploads\/2024\/04\/ADICUS-UNSJ-02-768x512.jpg 768w\" sizes=\"auto, (max-width: 800px) 100vw, 800px\" \/><\/p>\n<p>&nbsp;<\/p>\n<p>&nbsp;<\/p>\n","protected":false},"excerpt":{"rendered":"<p>En una conferencia de prensa realizada en la sede del Consejo Interuniversitario Nacional &#8211;\u00a0 CIN -, Francisca Staiti, secretaria general<\/p>\n","protected":false},"author":3,"featured_media":87886,"comment_status":"closed","ping_status":"closed","sticky":false,"template":"","format":"standard","meta":{"_acf_changed":false,"_seopress_robots_primary_cat":"none","_seopress_titles_title":"","_seopress_titles_desc":"","_seopress_robots_index":"","colormag_page_container_layout":"default_layout","colormag_page_sidebar_layout":"default_layout","footnotes":""},"categories":[6,7],"tags":[],"class_list":["post-87883","post","type-post","status-publish","format-standard","has-post-thumbnail","hentry","category-eventos","category-videos"],"acf":[],"_links":{"self":[{"href":"https:\/\/vocesparalelas.com.ar\/sitio\/wp-json\/wp\/v2\/posts\/87883","targetHints":{"allow":["GET"]}}],"collection":[{"href":"https:\/\/vocesparalelas.com.ar\/sitio\/wp-json\/wp\/v2\/posts"}],"about":[{"href":"https:\/\/vocesparalelas.com.ar\/sitio\/wp-json\/wp\/v2\/types\/post"}],"author":[{"embeddable":true,"href":"https:\/\/vocesparalelas.com.ar\/sitio\/wp-json\/wp\/v2\/users\/3"}],"replies":[{"embeddable":true,"href":"https:\/\/vocesparalelas.com.ar\/sitio\/wp-json\/wp\/v2\/comments?post=87883"}],"version-history":[{"count":4,"href":"https:\/\/vocesparalelas.com.ar\/sitio\/wp-json\/wp\/v2\/posts\/87883\/revisions"}],"predecessor-version":[{"id":87917,"href":"https:\/\/vocesparalelas.com.ar\/sitio\/wp-json\/wp\/v2\/posts\/87883\/revisions\/87917"}],"wp:featuredmedia":[{"embeddable":true,"href":"https:\/\/vocesparalelas.com.ar\/sitio\/wp-json\/wp\/v2\/media\/87886"}],"wp:attachment":[{"href":"https:\/\/vocesparalelas.com.ar\/sitio\/wp-json\/wp\/v2\/media?parent=87883"}],"wp:term":[{"taxonomy":"category","embeddable":true,"href":"https:\/\/vocesparalelas.com.ar\/sitio\/wp-json\/wp\/v2\/categories?post=87883"},{"taxonomy":"post_tag","embeddable":true,"href":"https:\/\/vocesparalelas.com.ar\/sitio\/wp-json\/wp\/v2\/tags?post=87883"}],"curies":[{"name":"wp","href":"https:\/\/api.w.org\/{rel}","templated":true}]}}