{"id":87863,"date":"2025-06-24T21:00:40","date_gmt":"2025-06-25T00:00:40","guid":{"rendered":"https:\/\/vocesparalelas.com.ar\/sitio\/?p=87863"},"modified":"2025-06-25T23:42:00","modified_gmt":"2025-06-26T02:42:00","slug":"36-cargos-se-agregan-a-los-equipos-de-los-gabinetes-tecnicos-interdisciplinarios-de-san-juan","status":"publish","type":"post","link":"https:\/\/vocesparalelas.com.ar\/sitio\/36-cargos-se-agregan-a-los-equipos-de-los-gabinetes-tecnicos-interdisciplinarios-de-san-juan\/","title":{"rendered":"36 cargos se agregan a los equipos de los Gabinetes T\u00e9cnicos Interdisciplinarios de San Juan"},"content":{"rendered":"<p>El Ministerio de Educaci\u00f3n del Gobierno de San Juan llama a Psic\u00f3logos, Pedagogos, Trabajadores Sociales y Fonoaudi\u00f3logos a cubrir cargos creados especialmente para los Gabinetes T\u00e9cnicos Interdisciplinarios.<\/p>\n<p>Es otro logro de la gesti\u00f3n, el Ministerio de Educaci\u00f3n cre\u00f3 36 cargos para sumar profesionales destinados a integrar los equipos de Gabinetes T\u00e9cnicos Interdisciplinarios. Esta iniciativa busca reforzar el apoyo especializado en las escuelas con el prop\u00f3sito de optimizar la atenci\u00f3n integral y la calidad de los procesos de ense\u00f1anza-aprendizaje. Los llamados inician a partir del Martes, 23 de Junio de 2025.<\/p>\n<p>En este contexto, la Secretaria de Educaci\u00f3n, Lic. Mariela Lueje, explic\u00f3 lo que significa incorporar profesionales que se integren al equipo interdisciplinarios.<\/p>\n<p><iframe loading=\"lazy\" title=\"SAN JUAN EDUCACI\u00d3N LIC MARIELA LUEJE\" width=\"800\" height=\"450\" src=\"https:\/\/www.youtube.com\/embed\/dd2BExNq7v4?feature=oembed\" frameborder=\"0\" allow=\"accelerometer; autoplay; clipboard-write; encrypted-media; gyroscope; picture-in-picture; web-share\" referrerpolicy=\"strict-origin-when-cross-origin\" allowfullscreen><\/iframe><\/p>\n<p>Por ello, la ministra de Educaci\u00f3n, Lic. Silvia Fuentes explic\u00f3 que \u00abla incorporaci\u00f3n de estos 36 profesionales representa un nuevo avance en la consolidaci\u00f3n de nuestros equipos interdisciplinarios, lo que permitir\u00e1 robustecer la capacidad de intervenci\u00f3n y acompa\u00f1amiento en la totalidad de los niveles y modalidades\u201d,.<\/p>\n<p>La convocatoria para la cobertura de estas nuevas posiciones se desarrolla el Martes, 24 de Junio. Los interesados pueden acceder al listado brindado por la Junta de Clasificaci\u00f3n de Gabinetes Interdisciplinarios 2025, con cargos, instituciones y horarios, en la p\u00e1gina web del Ministerio de Educaci\u00f3n.<\/p>\n<p>Por su parte, la distribuci\u00f3n de los cargos ha sido dise\u00f1ada para responder a las diversas necesidades de la comunidad educativa, considerando tanto la especializaci\u00f3n profesional como la cobertura geogr\u00e1fica.<\/p>\n<p><strong><span style=\"color: #ff6600;\">En cuanto a la distribuci\u00f3n por profesi\u00f3n, los llamados son los siguientes<\/span><\/strong><\/p>\n<ul>\n<li>13 cargos de Psic\u00f3logos.<\/li>\n<li>9 cargos de Psicopedagogos.<\/li>\n<li>9 cargos de Trabajadores Sociales.<\/li>\n<li>5 cargos de Fonoaudi\u00f3logo.<\/li>\n<\/ul>\n<p><strong><span style=\"color: #ff6600;\">La distribuci\u00f3n por nivel y modalidad educativa abarca<\/span><\/strong><\/p>\n<ul>\n<li>19 cargos para el Nivel Secundario.<\/li>\n<li>15 cargos para el Nivel Inicial y Primario.<\/li>\n<li>2 cargos para la modalidad de Educaci\u00f3n Especial.<\/li>\n<\/ul>\n<p>&nbsp;<\/p>\n<p><img loading=\"lazy\" decoding=\"async\" class=\"alignnone size-full wp-image-28629\" src=\"https:\/\/vocesparalelas.com.ar\/sitio\/wp-content\/uploads\/2020\/05\/MINISTERIO-EDUCACION-SJ.jpg\" alt=\"\" width=\"800\" height=\"533\" srcset=\"https:\/\/vocesparalelas.com.ar\/sitio\/wp-content\/uploads\/2020\/05\/MINISTERIO-EDUCACION-SJ.jpg 800w, https:\/\/vocesparalelas.com.ar\/sitio\/wp-content\/uploads\/2020\/05\/MINISTERIO-EDUCACION-SJ-300x200.jpg 300w, https:\/\/vocesparalelas.com.ar\/sitio\/wp-content\/uploads\/2020\/05\/MINISTERIO-EDUCACION-SJ-768x512.jpg 768w\" sizes=\"auto, (max-width: 800px) 100vw, 800px\" \/><\/p>\n","protected":false},"excerpt":{"rendered":"<p>El Ministerio de Educaci\u00f3n del Gobierno de San Juan llama a Psic\u00f3logos, Pedagogos, Trabajadores Sociales y Fonoaudi\u00f3logos a cubrir cargos<\/p>\n","protected":false},"author":3,"featured_media":87957,"comment_status":"closed","ping_status":"closed","sticky":false,"template":"","format":"standard","meta":{"_acf_changed":false,"_seopress_robots_primary_cat":"none","_seopress_titles_title":"","_seopress_titles_desc":"","_seopress_robots_index":"","colormag_page_container_layout":"default_layout","colormag_page_sidebar_layout":"default_layout","footnotes":""},"categories":[5,7],"tags":[],"class_list":["post-87863","post","type-post","status-publish","format-standard","has-post-thumbnail","hentry","category-ofrecimientos","category-videos"],"acf":[],"_links":{"self":[{"href":"https:\/\/vocesparalelas.com.ar\/sitio\/wp-json\/wp\/v2\/posts\/87863","targetHints":{"allow":["GET"]}}],"collection":[{"href":"https:\/\/vocesparalelas.com.ar\/sitio\/wp-json\/wp\/v2\/posts"}],"about":[{"href":"https:\/\/vocesparalelas.com.ar\/sitio\/wp-json\/wp\/v2\/types\/post"}],"author":[{"embeddable":true,"href":"https:\/\/vocesparalelas.com.ar\/sitio\/wp-json\/wp\/v2\/users\/3"}],"replies":[{"embeddable":true,"href":"https:\/\/vocesparalelas.com.ar\/sitio\/wp-json\/wp\/v2\/comments?post=87863"}],"version-history":[{"count":3,"href":"https:\/\/vocesparalelas.com.ar\/sitio\/wp-json\/wp\/v2\/posts\/87863\/revisions"}],"predecessor-version":[{"id":87958,"href":"https:\/\/vocesparalelas.com.ar\/sitio\/wp-json\/wp\/v2\/posts\/87863\/revisions\/87958"}],"wp:featuredmedia":[{"embeddable":true,"href":"https:\/\/vocesparalelas.com.ar\/sitio\/wp-json\/wp\/v2\/media\/87957"}],"wp:attachment":[{"href":"https:\/\/vocesparalelas.com.ar\/sitio\/wp-json\/wp\/v2\/media?parent=87863"}],"wp:term":[{"taxonomy":"category","embeddable":true,"href":"https:\/\/vocesparalelas.com.ar\/sitio\/wp-json\/wp\/v2\/categories?post=87863"},{"taxonomy":"post_tag","embeddable":true,"href":"https:\/\/vocesparalelas.com.ar\/sitio\/wp-json\/wp\/v2\/tags?post=87863"}],"curies":[{"name":"wp","href":"https:\/\/api.w.org\/{rel}","templated":true}]}}