{"id":87849,"date":"2025-06-23T15:31:17","date_gmt":"2025-06-23T18:31:17","guid":{"rendered":"https:\/\/vocesparalelas.com.ar\/sitio\/?p=87849"},"modified":"2025-06-23T15:31:17","modified_gmt":"2025-06-23T18:31:17","slug":"se-fortalecen-los-trabajos-de-renovacion-del-boulevard-de-la-avda-ignacio-de-la-roza-en-rivadavia-de-san-juan","status":"publish","type":"post","link":"https:\/\/vocesparalelas.com.ar\/sitio\/se-fortalecen-los-trabajos-de-renovacion-del-boulevard-de-la-avda-ignacio-de-la-roza-en-rivadavia-de-san-juan\/","title":{"rendered":"Se fortalecen los trabajos de renovaci\u00f3n del Boulevard de la Avda. Ignacio de la Roza en Rivadavia de San Juan"},"content":{"rendered":"<p>La Municipalidad de la Ciudad de Rivadavia en colaboraci\u00f3n con Vialidad Provincial de San Juan y la Secretar\u00eda de Ambiente y Desarrollo Sustentable del Gobierno de San Juan, contin\u00faa trabajando en la renovaci\u00f3n del Boulevard de la Avda. Ignacio de la Roza, en el tramo comprendido entre las v\u00edas Comercio y el Jard\u00edn de los Poetas.<\/p>\n<p>Este ambicioso proyecto busca transformar el espacio en un corredor urbano moderno, seguro y amigable con el ambiente.<\/p>\n<p>Las obras incluyen una renovaci\u00f3n integral que contempla la reforestaci\u00f3n con especies aut\u00f3ctonas, un nuevo tendido el\u00e9ctrico subterr\u00e1neo, luminarias de \u00faltima generaci\u00f3n, pintura, mejora de cordones y banquinas, entre otras intervenciones que garantizar\u00e1n una mejora sustancial en la calidad de vida de los vecinos y en la est\u00e9tica del lugar.<\/p>\n<p>El trabajo conjunto refleja el compromiso de la Municipalidad de la Ciudad de Rivadavia y el Gobierno de San Juan en priorizar el desarrollo sostenible y en fortalecer la infraestructura del departamento.<\/p>\n<p>El boulevard no solo embellece la zona, sino que tambi\u00e9n, se convierte en un espacio funcional y atractivo que potencia la circulaci\u00f3n y la seguridad vehicular y los deportistas que practican ciclismo.<\/p>\n<p><img loading=\"lazy\" decoding=\"async\" class=\"alignnone size-full wp-image-87853\" src=\"https:\/\/vocesparalelas.com.ar\/sitio\/wp-content\/uploads\/2025\/06\/RIVADAVIA-BULEVAR-02.jpg\" alt=\"\" width=\"800\" height=\"533\" srcset=\"https:\/\/vocesparalelas.com.ar\/sitio\/wp-content\/uploads\/2025\/06\/RIVADAVIA-BULEVAR-02.jpg 800w, https:\/\/vocesparalelas.com.ar\/sitio\/wp-content\/uploads\/2025\/06\/RIVADAVIA-BULEVAR-02-300x200.jpg 300w, https:\/\/vocesparalelas.com.ar\/sitio\/wp-content\/uploads\/2025\/06\/RIVADAVIA-BULEVAR-02-768x512.jpg 768w\" sizes=\"auto, (max-width: 800px) 100vw, 800px\" \/><\/p>\n<p>El intendente Sergio Miodowsky destac\u00f3 la importancia de esta obra como un paso m\u00e1s en la construcci\u00f3n de un Rivadavia m\u00e1s moderno, integrado y preparado para el futuro, reafirmando el compromiso de la gesti\u00f3n con el progreso y el bienestar de los vecinos.<\/p>\n<p>Rivadavia sigue creciendo, y este proyecto es una muestra clara de que el desarrollo y el cuidado del entorno natural pueden ir de la mano.<\/p>\n<p style=\"text-align: right;\">Trabajemos Juntos<br \/>\nRivadavia Ciudad<br \/>\nSergio Miodowsky Intendente<\/p>\n<p><img loading=\"lazy\" decoding=\"async\" class=\"alignnone size-full wp-image-66896\" src=\"https:\/\/vocesparalelas.com.ar\/sitio\/wp-content\/uploads\/2023\/12\/RIVADAVIA-LOGO-NUEVO.jpg\" alt=\"\" width=\"800\" height=\"533\" srcset=\"https:\/\/vocesparalelas.com.ar\/sitio\/wp-content\/uploads\/2023\/12\/RIVADAVIA-LOGO-NUEVO.jpg 800w, https:\/\/vocesparalelas.com.ar\/sitio\/wp-content\/uploads\/2023\/12\/RIVADAVIA-LOGO-NUEVO-300x200.jpg 300w, https:\/\/vocesparalelas.com.ar\/sitio\/wp-content\/uploads\/2023\/12\/RIVADAVIA-LOGO-NUEVO-768x512.jpg 768w\" sizes=\"auto, (max-width: 800px) 100vw, 800px\" \/><\/p>\n<p>&nbsp;<\/p>\n","protected":false},"excerpt":{"rendered":"<p>La Municipalidad de la Ciudad de Rivadavia en colaboraci\u00f3n con Vialidad Provincial de San Juan y la Secretar\u00eda de Ambiente<\/p>\n","protected":false},"author":3,"featured_media":87852,"comment_status":"closed","ping_status":"closed","sticky":false,"template":"","format":"standard","meta":{"_acf_changed":false,"_seopress_robots_primary_cat":"none","_seopress_titles_title":"","_seopress_titles_desc":"","_seopress_robots_index":"","colormag_page_container_layout":"default_layout","colormag_page_sidebar_layout":"default_layout","footnotes":""},"categories":[1],"tags":[],"class_list":["post-87849","post","type-post","status-publish","format-standard","has-post-thumbnail","hentry","category-destacadas"],"acf":[],"_links":{"self":[{"href":"https:\/\/vocesparalelas.com.ar\/sitio\/wp-json\/wp\/v2\/posts\/87849","targetHints":{"allow":["GET"]}}],"collection":[{"href":"https:\/\/vocesparalelas.com.ar\/sitio\/wp-json\/wp\/v2\/posts"}],"about":[{"href":"https:\/\/vocesparalelas.com.ar\/sitio\/wp-json\/wp\/v2\/types\/post"}],"author":[{"embeddable":true,"href":"https:\/\/vocesparalelas.com.ar\/sitio\/wp-json\/wp\/v2\/users\/3"}],"replies":[{"embeddable":true,"href":"https:\/\/vocesparalelas.com.ar\/sitio\/wp-json\/wp\/v2\/comments?post=87849"}],"version-history":[{"count":1,"href":"https:\/\/vocesparalelas.com.ar\/sitio\/wp-json\/wp\/v2\/posts\/87849\/revisions"}],"predecessor-version":[{"id":87854,"href":"https:\/\/vocesparalelas.com.ar\/sitio\/wp-json\/wp\/v2\/posts\/87849\/revisions\/87854"}],"wp:featuredmedia":[{"embeddable":true,"href":"https:\/\/vocesparalelas.com.ar\/sitio\/wp-json\/wp\/v2\/media\/87852"}],"wp:attachment":[{"href":"https:\/\/vocesparalelas.com.ar\/sitio\/wp-json\/wp\/v2\/media?parent=87849"}],"wp:term":[{"taxonomy":"category","embeddable":true,"href":"https:\/\/vocesparalelas.com.ar\/sitio\/wp-json\/wp\/v2\/categories?post=87849"},{"taxonomy":"post_tag","embeddable":true,"href":"https:\/\/vocesparalelas.com.ar\/sitio\/wp-json\/wp\/v2\/tags?post=87849"}],"curies":[{"name":"wp","href":"https:\/\/api.w.org\/{rel}","templated":true}]}}