{"id":87835,"date":"2025-06-22T20:40:19","date_gmt":"2025-06-22T23:40:19","guid":{"rendered":"https:\/\/vocesparalelas.com.ar\/sitio\/?p=87835"},"modified":"2025-06-24T00:01:52","modified_gmt":"2025-06-24T03:01:52","slug":"abrio-el-llamado-a-licitacion-publica-para-la-construccion-del-caps-vallecitos-departamento-caucete-de-san-juan","status":"publish","type":"post","link":"https:\/\/vocesparalelas.com.ar\/sitio\/abrio-el-llamado-a-licitacion-publica-para-la-construccion-del-caps-vallecitos-departamento-caucete-de-san-juan\/","title":{"rendered":"Abri\u00f3 el llamado a Licitaci\u00f3n P\u00fablica para la construcci\u00f3n del CAPS Vallecitos, Departamento Caucete de San Juan"},"content":{"rendered":"<p>El Ministerio de Infraestructura, Agua y Energ\u00eda del Gobierno de San Juan abri\u00f3 el llamado a Licitaci\u00f3n P\u00fablica para la construcci\u00f3n del nuevo Centro de Atenci\u00f3n Primaria de la Salud &#8211; CAPS &#8211; Vallecitos, en el Paraje Difunta Correa, departamento Caucete.<\/p>\n<p>Esta intervenci\u00f3n tiene como objetivo mejorar el acceso a servicios m\u00e9dicos esenciales en una zona con fuerte identidad comunitaria y gran afluencia tur\u00edstica.<\/p>\n<p>El futuro CAPS Vallecitos se proyecta como un espacio de atenci\u00f3n integral y prevenci\u00f3n, pensado para ofrecer respuestas sanitarias efectivas a la poblaci\u00f3n local y a quienes visitan el tradicional paraje.<\/p>\n<p>Su dise\u00f1o contempla servicios fundamentales, con una infraestructura adaptada a las necesidades del entorno y con accesos optimizados para garantizar la circulaci\u00f3n vehicular y peatonal.<\/p>\n<p>Estar\u00e1 ubicado sobre la v\u00eda principal del paraje, el centro contar\u00e1 con una nueva calle de retorno con doble carril, lo que facilitar\u00e1 el ingreso y egreso al establecimiento.<\/p>\n<p>Esta mejora vial beneficiar\u00e1 tanto a los vecinos de la zona como a los visitantes. Adem\u00e1s, se construir\u00e1 una vereda perimetral de hormig\u00f3n, pensada para brindar mayor seguridad a los peatones.<\/p>\n<p>El nuevo edificio tendr\u00e1 una superficie total cercana a los 965 metros cuadrados, e incluir\u00e1 consultorios para atenci\u00f3n ambulatoria, odontolog\u00eda y ginecolog\u00eda, junto con \u00e1reas espec\u00edficas para farmacia, enfermer\u00eda, triage, guardia y recepci\u00f3n.<\/p>\n<p>Tambi\u00e9n, contar\u00e1 con espacios administrativos, sanitarios p\u00fablicos y para personal, sector de servicios, sala de m\u00e1quinas, estacionamiento y un \u00e1rea de estar para los equipos de salud.<\/p>\n<p>El dise\u00f1o busca facilitar la atenci\u00f3n primaria con instalaciones modernas, accesibles y funcionales, y promover h\u00e1bitos saludables a trav\u00e9s de actividades preventivas y educativas.<\/p>\n<p><span style=\"color: #ff0000;\"><b>Un punto de encuentro para el cuidado de la salud<\/b><\/span><\/p>\n<p>El proyecto no solo busca brindar atenci\u00f3n m\u00e9dica, sino tambi\u00e9n fortalecer el sentido de pertenencia y el trabajo colaborativo con la comunidad.<\/p>\n<p>La propuesta fue pensada en articulaci\u00f3n con autoridades locales, profesionales del \u00e1rea de salud y en consonancia con las caracter\u00edsticas geogr\u00e1ficas y sociales del paraje.<\/p>\n<p>La construcci\u00f3n del CAPS Vallecitos representa un nuevo paso hacia una red sanitaria m\u00e1s amplia, equitativa y cercana.<\/p>\n<p>Esta obra es parte de una pol\u00edtica de infraestructura orientada a garantizar servicios p\u00fablicos de calidad para todas los visitantes, incluso en los lugares m\u00e1s alejados del territorio de la Provincia de San Juan.<\/p>\n<p>Se comparte el link donde se encuentran las Licitaciones del Ministerio de Infraestructura, Agua y Energ\u00eda del Gobierno de San Juan.<\/p>\n<p><a href=\"https:\/\/licitaciones.sanjuan.gob.ar\/\">https:\/\/licitaciones.sanjuan.gob.ar\/<\/a><\/p>\n<p>&nbsp;<\/p>\n<p><img loading=\"lazy\" decoding=\"async\" class=\"alignnone size-full wp-image-65642\" src=\"https:\/\/vocesparalelas.com.ar\/sitio\/wp-content\/uploads\/2023\/11\/GOBIERNO-SAN-JUAN.jpg\" alt=\"\" width=\"800\" height=\"600\" srcset=\"https:\/\/vocesparalelas.com.ar\/sitio\/wp-content\/uploads\/2023\/11\/GOBIERNO-SAN-JUAN.jpg 800w, https:\/\/vocesparalelas.com.ar\/sitio\/wp-content\/uploads\/2023\/11\/GOBIERNO-SAN-JUAN-300x225.jpg 300w, https:\/\/vocesparalelas.com.ar\/sitio\/wp-content\/uploads\/2023\/11\/GOBIERNO-SAN-JUAN-768x576.jpg 768w\" sizes=\"auto, (max-width: 800px) 100vw, 800px\" \/><\/p>\n","protected":false},"excerpt":{"rendered":"<p>El Ministerio de Infraestructura, Agua y Energ\u00eda del Gobierno de San Juan abri\u00f3 el llamado a Licitaci\u00f3n P\u00fablica para la<\/p>\n","protected":false},"author":3,"featured_media":87838,"comment_status":"closed","ping_status":"closed","sticky":false,"template":"","format":"standard","meta":{"_acf_changed":false,"_seopress_robots_primary_cat":"none","_seopress_titles_title":"","_seopress_titles_desc":"","_seopress_robots_index":"","colormag_page_container_layout":"default_layout","colormag_page_sidebar_layout":"default_layout","footnotes":""},"categories":[8],"tags":[],"class_list":["post-87835","post","type-post","status-publish","format-standard","has-post-thumbnail","hentry","category-concursos"],"acf":[],"_links":{"self":[{"href":"https:\/\/vocesparalelas.com.ar\/sitio\/wp-json\/wp\/v2\/posts\/87835","targetHints":{"allow":["GET"]}}],"collection":[{"href":"https:\/\/vocesparalelas.com.ar\/sitio\/wp-json\/wp\/v2\/posts"}],"about":[{"href":"https:\/\/vocesparalelas.com.ar\/sitio\/wp-json\/wp\/v2\/types\/post"}],"author":[{"embeddable":true,"href":"https:\/\/vocesparalelas.com.ar\/sitio\/wp-json\/wp\/v2\/users\/3"}],"replies":[{"embeddable":true,"href":"https:\/\/vocesparalelas.com.ar\/sitio\/wp-json\/wp\/v2\/comments?post=87835"}],"version-history":[{"count":4,"href":"https:\/\/vocesparalelas.com.ar\/sitio\/wp-json\/wp\/v2\/posts\/87835\/revisions"}],"predecessor-version":[{"id":87848,"href":"https:\/\/vocesparalelas.com.ar\/sitio\/wp-json\/wp\/v2\/posts\/87835\/revisions\/87848"}],"wp:featuredmedia":[{"embeddable":true,"href":"https:\/\/vocesparalelas.com.ar\/sitio\/wp-json\/wp\/v2\/media\/87838"}],"wp:attachment":[{"href":"https:\/\/vocesparalelas.com.ar\/sitio\/wp-json\/wp\/v2\/media?parent=87835"}],"wp:term":[{"taxonomy":"category","embeddable":true,"href":"https:\/\/vocesparalelas.com.ar\/sitio\/wp-json\/wp\/v2\/categories?post=87835"},{"taxonomy":"post_tag","embeddable":true,"href":"https:\/\/vocesparalelas.com.ar\/sitio\/wp-json\/wp\/v2\/tags?post=87835"}],"curies":[{"name":"wp","href":"https:\/\/api.w.org\/{rel}","templated":true}]}}