{"id":87829,"date":"2025-06-22T19:21:23","date_gmt":"2025-06-22T22:21:23","guid":{"rendered":"https:\/\/vocesparalelas.com.ar\/sitio\/?p=87829"},"modified":"2025-06-23T21:37:10","modified_gmt":"2025-06-24T00:37:10","slug":"inscribirte-en-el-sorteo-san-juan-2025-del-ipv-para-lograr-tu-casa-propia","status":"publish","type":"post","link":"https:\/\/vocesparalelas.com.ar\/sitio\/inscribirte-en-el-sorteo-san-juan-2025-del-ipv-para-lograr-tu-casa-propia\/","title":{"rendered":"Inscribirte en el sorteo \u00abSan Juan 2025\u00bb del IPV para lograr tu casa propia"},"content":{"rendered":"<p>Desde el 23 de Junio de 2025 est\u00e1 habilitada la inscripci\u00f3n al primer sorteo p\u00fablico de viviendas de esta gesti\u00f3n del Gobierno de San Juan. El Instituto Provincial de la Vivienda (IPV) sortea 219 unidades habitacionales distribuidas en seis departamentos de San Juan. Quienes cumplan con los requisitos, pueden postularse hasta el 9 de Julio a trav\u00e9s de la web oficial del organismo.<\/p>\n<p><span style=\"color: #ff6600;\"><strong>\u00bfC\u00f3mo inscribirse en 3 pasos?<\/strong><\/span><\/p>\n<ol>\n<li>Ingresar a la web oficial del IPV: El primer paso para la inscripci\u00f3n es ingresar a<a href=\"https:\/\/ipv.sanjuan.gob.ar\/\" target=\"_blank\" rel=\"noopener noreferrer\">\u00a0ipv.sanjuan.gob.ar<\/a>\u00a0y hacer clic en el bot\u00f3n \u201cSorteo Provincial de Viviendas\u201d.<\/li>\n<li>Completar los datos solicitados: El segundo paso, consiste en cargar<b> el\u00a0<\/b>DNI del titular y el de un integrante de su grupo familiar. All\u00ed, hay que verificar la informaci\u00f3n, elegir el barrio al que se quieren postular.<\/li>\n<li>Cierre de la inscripci\u00f3n<\/li>\n<\/ol>\n<p>Posteriormente, se abre una nueva pesta\u00f1a en la que deben aceptar las condiciones y registrar un n\u00famero de celular. A ese contacto se enviar\u00e1 un c\u00f3digo que servir\u00e1 para realizar modificaciones si fuera necesario. Con eso, el grupo familiar ya est\u00e1 inscripto en el sorteo.<\/p>\n<p>La inscripci\u00f3n es gratuita y cada grupo familiar puede seleccionar un solo barrio.<\/p>\n<p><a class=\"button\" href=\"https:\/\/ipv.sanjuan.gob.ar\/\" target=\"_blank\" rel=\"noopener noreferrer\">Quiero inscribirme<\/a><\/p>\n<p><span style=\"color: #ff6600;\"><strong>Calendario de actividades<\/strong><\/span><\/p>\n<ul>\n<li>Del 23 de junio al 9 de julio: Inscripci\u00f3n y elecci\u00f3n de barrio en la web oficial del IPV.<\/li>\n<li>Del 10 al 13 de julio: Publicaci\u00f3n y consulta de padrones provisorios por barrio.<\/li>\n<li>Del 14 al 16 de julio: Ajuste o correcci\u00f3n de datos en padrones. El tr\u00e1mite debe realizarse de forma presencial en la Mesa de Entrada del IPV, en el Centro C\u00edvico.<\/li>\n<li>17 de julio: Cierre definitivo de padrones.<\/li>\n<li>Del 18 al 22 de julio; Publicaci\u00f3n de padrones definitivos por barrio en la web.<\/li>\n<\/ul>\n<p><strong><span style=\"color: #ff6600;\">El sorteo<\/span><\/strong><\/p>\n<p>El\u00a023 de Julio se realiza el sorteo p\u00fablico en la Caja de Acci\u00f3n Social de la Provincia de San Juan. En esta instancia se adjudican 219 viviendas\u00a0que no fueron entregadas en convocatorias anteriores, debido al incumplimiento de requisitos, falta de documentaci\u00f3n o ausencia de postulantes.<\/p>\n<p>Las unidades est\u00e1n distribuidas en seis barrios ubicados en los departamentos de:<\/p>\n<ul>\n<li>Capital,<\/li>\n<li>Rawson,<\/li>\n<li>Chimbas,<\/li>\n<li>Ullum,<\/li>\n<li>J\u00e1chal y<\/li>\n<li>9 de Julio.<\/li>\n<\/ul>\n<p>Pueden postularse personas con domicilio en los departamentos Capital, Rawson, Rivadavia, Chimbas, Santa Luc\u00eda, Ullum, J\u00e1chal y 9 de Julio, de acuerdo con el barrio elegido y cumpliendo con los requisitos establecidos por el IPV(ver <a href=\"https:\/\/sisanjuan.gob.ar\/23-infraestructura\/2025-06-13\/62447-ipv-quienes-pueden-participar-del-sorteo-y-como-se-organizan-los-grupos\">\u00bfQui\u00e9nes pueden participar del sorteo y c\u00f3mo se organizan los grupos?<\/a>.<\/p>\n<p>Este proceso forma parte del programa Sorteo Provincial de Vivienda \u2013 San Juan 2025 y es posible gracias a una gesti\u00f3n responsable que prioriza el derecho a la vivienda para las familias sanjuaninas.<\/p>\n<p><strong><span style=\"color: #ff6600;\">Para m\u00e1s informaci\u00f3n, visita<\/span><\/strong><\/p>\n<p><a href=\"https:\/\/ipv.sanjuan.gob.ar\/\" target=\"_blank\" rel=\"noopener noreferrer\">ipv.sanjuan.gob.ar<\/a><\/p>\n<p>&nbsp;<\/p>\n<p><iframe loading=\"lazy\" title=\"Instructivo Sorteo del IPV\" width=\"800\" height=\"450\" src=\"https:\/\/www.youtube.com\/embed\/Vlr4M-dr4PI?start=38&#038;feature=oembed\" frameborder=\"0\" allow=\"accelerometer; autoplay; clipboard-write; encrypted-media; gyroscope; picture-in-picture; web-share\" referrerpolicy=\"strict-origin-when-cross-origin\" allowfullscreen><\/iframe><\/p>\n<p>&nbsp;<\/p>\n<p><img loading=\"lazy\" decoding=\"async\" class=\"alignnone size-full wp-image-65642\" src=\"https:\/\/vocesparalelas.com.ar\/sitio\/wp-content\/uploads\/2023\/11\/GOBIERNO-SAN-JUAN.jpg\" alt=\"\" width=\"800\" height=\"600\" srcset=\"https:\/\/vocesparalelas.com.ar\/sitio\/wp-content\/uploads\/2023\/11\/GOBIERNO-SAN-JUAN.jpg 800w, https:\/\/vocesparalelas.com.ar\/sitio\/wp-content\/uploads\/2023\/11\/GOBIERNO-SAN-JUAN-300x225.jpg 300w, https:\/\/vocesparalelas.com.ar\/sitio\/wp-content\/uploads\/2023\/11\/GOBIERNO-SAN-JUAN-768x576.jpg 768w\" sizes=\"auto, (max-width: 800px) 100vw, 800px\" \/><\/p>\n","protected":false},"excerpt":{"rendered":"<p>Desde el 23 de Junio de 2025 est\u00e1 habilitada la inscripci\u00f3n al primer sorteo p\u00fablico de viviendas de esta gesti\u00f3n<\/p>\n","protected":false},"author":3,"featured_media":54194,"comment_status":"closed","ping_status":"closed","sticky":false,"template":"","format":"standard","meta":{"_acf_changed":false,"_seopress_robots_primary_cat":"none","_seopress_titles_title":"","_seopress_titles_desc":"","_seopress_robots_index":"","colormag_page_container_layout":"default_layout","colormag_page_sidebar_layout":"default_layout","footnotes":""},"categories":[2,7],"tags":[],"class_list":["post-87829","post","type-post","status-publish","format-standard","has-post-thumbnail","hentry","category-convocatorias","category-videos"],"acf":[],"_links":{"self":[{"href":"https:\/\/vocesparalelas.com.ar\/sitio\/wp-json\/wp\/v2\/posts\/87829","targetHints":{"allow":["GET"]}}],"collection":[{"href":"https:\/\/vocesparalelas.com.ar\/sitio\/wp-json\/wp\/v2\/posts"}],"about":[{"href":"https:\/\/vocesparalelas.com.ar\/sitio\/wp-json\/wp\/v2\/types\/post"}],"author":[{"embeddable":true,"href":"https:\/\/vocesparalelas.com.ar\/sitio\/wp-json\/wp\/v2\/users\/3"}],"replies":[{"embeddable":true,"href":"https:\/\/vocesparalelas.com.ar\/sitio\/wp-json\/wp\/v2\/comments?post=87829"}],"version-history":[{"count":3,"href":"https:\/\/vocesparalelas.com.ar\/sitio\/wp-json\/wp\/v2\/posts\/87829\/revisions"}],"predecessor-version":[{"id":87834,"href":"https:\/\/vocesparalelas.com.ar\/sitio\/wp-json\/wp\/v2\/posts\/87829\/revisions\/87834"}],"wp:featuredmedia":[{"embeddable":true,"href":"https:\/\/vocesparalelas.com.ar\/sitio\/wp-json\/wp\/v2\/media\/54194"}],"wp:attachment":[{"href":"https:\/\/vocesparalelas.com.ar\/sitio\/wp-json\/wp\/v2\/media?parent=87829"}],"wp:term":[{"taxonomy":"category","embeddable":true,"href":"https:\/\/vocesparalelas.com.ar\/sitio\/wp-json\/wp\/v2\/categories?post=87829"},{"taxonomy":"post_tag","embeddable":true,"href":"https:\/\/vocesparalelas.com.ar\/sitio\/wp-json\/wp\/v2\/tags?post=87829"}],"curies":[{"name":"wp","href":"https:\/\/api.w.org\/{rel}","templated":true}]}}