{"id":87824,"date":"2025-06-22T11:22:59","date_gmt":"2025-06-22T14:22:59","guid":{"rendered":"https:\/\/vocesparalelas.com.ar\/sitio\/?p=87824"},"modified":"2025-06-23T20:36:33","modified_gmt":"2025-06-23T23:36:33","slug":"fiesta-del-cuerpo-y-la-sangre-de-jesus-se-quedo-con-nosotros","status":"publish","type":"post","link":"https:\/\/vocesparalelas.com.ar\/sitio\/fiesta-del-cuerpo-y-la-sangre-de-jesus-se-quedo-con-nosotros\/","title":{"rendered":"Fiesta del Cuerpo y la Sangre de Jes\u00fas: \u201cSe qued\u00f3 con nosotros\u201d"},"content":{"rendered":"<p>Por el Arzobispo de San Juan de Cuyo, monse\u00f1or Jorge Lozano<\/p>\n<p>Cada a\u00f1o, la solemnidad del Cuerpo y la Sangre de Cristo (Corpus Christi) nos invita a detenernos con asombro ante el don m\u00e1s grande que Jes\u00fas nos dej\u00f3: su presencia viva y real en la Eucarist\u00eda. No es solo un s\u00edmbolo o un rito repetido por costumbre. Es el mismo Jes\u00fas, Pan de Vida, que se parte para nosotros, que se nos da en alimento, que nos convoca a ser uno solo con \u00c9l y en \u00c9l. Al comulgar, no solo nos acercamos individualmente a Dios: tambi\u00e9n nos unimos entre nosotros como Iglesia, como un solo cuerpo animado por un solo Esp\u00edritu.<\/p>\n<p>San Pablo lo expresa con claridad: \u201cEl pan que partimos, \u00bfno es comuni\u00f3n con el Cuerpo de Cristo? Porque aun siendo muchos, un solo pan y un solo cuerpo somos, pues todos participamos de ese \u00fanico pan\u201d (1 Cor 10,16-17). Esta unidad eclesial no borra la diversidad, al contrario, la enriquece. En la Eucarist\u00eda se alimentan todos los carismas y ministerios: los catequistas, los voluntarios de Caritas, los que acompa\u00f1an en la oraci\u00f3n, los miembros de los Movimientos, los misioneros. Todos bebemos del mismo c\u00e1liz y comemos del mismo pan. Jes\u00fas no se da m\u00e1s a uno que a otro: se entrega entero a cada uno y a todos por igual.<\/p>\n<p>Este a\u00f1o en la misa leemos el relato de la multiplicaci\u00f3n de los panes y los pescados seg\u00fan San Lucas (Lc 9,11-17). Jes\u00fas acoge a la multitud, les habla del Reino de Dios y sana a los que lo necesitaban. Son los tres verbos que delinean su estilo misionero: acoger, hablar, sanar. \u00c9l no improvisa ni act\u00faa con prisa. Se detiene, escucha, mira con compasi\u00f3n. Sabe que esa gente no es una masa an\u00f3nima, sino un conjunto de rostros, historias, heridas y b\u00fasquedas. Antes de multiplicar el pan, les pide a los disc\u00edpulos que los organicen en grupos de cincuenta. En tiempos donde todo tiende a la masificaci\u00f3n, Jes\u00fas vuelve a recordarnos el valor de lo comunitario, del encuentro cara a cara, del nombre y la historia de cada persona. Es una imagen muy gr\u00e1fica de la Iglesia que se re\u00fane en las diversas comunidades esparcidas en el campo del mundo.<\/p>\n<p>Por eso elegimos esta celebraci\u00f3n para que los representantes sinodales de las diversas comunidades y carismas realicen hoy su profesi\u00f3n de fe y compromiso de participaci\u00f3n en el Tercer S\u00ednodo de San Juan. Como nos ense\u00f1\u00f3 el Buen Pastor de Cuyo, \u201ceste s\u00ednodo es la obra de todos\u201d (Siervo de Dios Monse\u00f1or Jos\u00e9 Am\u00e9rico Orzali).<\/p>\n<p>Cinco panes y dos pescados. Eso es todo lo que hay. Pero \u201cpara el amor no hay nada peque\u00f1o\u201d (Siervo de Dios Monse\u00f1or Jos\u00e9 Am\u00e9rico Orzali) aunque para tantos, parece insignificante. Pero Jes\u00fas no desprecia lo poco; lo toma, lo bendice, lo parte y lo entrega. As\u00ed tambi\u00e9n act\u00faa con nuestras vidas: lo que en nuestras manos es poco \u2014nuestra energ\u00eda, nuestro<\/p>\n<p>tiempo, nuestro saber limitado\u2014, en las suyas se vuelve fecundo, se multiplica. El milagro no es solo una multiplicaci\u00f3n material, sino una transformaci\u00f3n del coraz\u00f3n: los disc\u00edpulos aprenden a confiar, la multitud se siente cuidada y todos comen hasta saciarse.<\/p>\n<p>Los gestos que realiza Jes\u00fas son los mismos que repetir\u00e1 en la \u00daltima Cena y en el encuentro con los disc\u00edpulos de Ema\u00fas. Los que renovamos en cada misa.<\/p>\n<p>Participar del Cuerpo y la Sangre de Jes\u00fas es dejarnos modelar por su estilo. Es sabernos enviados a acoger, hablar y sanar como \u00c9l. Las doce canastas que sobran muestran la sobreabundancia de la mesa del Reino, y la misi\u00f3n que contin\u00faa hoy.<\/p>\n<p>Salimos de la misa con la certeza de que no hemos estado en una celebraci\u00f3n privada, sino en una asamblea de hermanos convocados por el amor de Dios. El \u201cAm\u00e9n\u201d que decimos al recibir a Jes\u00fas en la comuni\u00f3n no es solo una afirmaci\u00f3n de fe, sino tambi\u00e9n un compromiso de vida: \u201cAm\u00e9n, quiero ser pan partido para otros. Am\u00e9n, quiero ser comuni\u00f3n donde haya divisi\u00f3n. Am\u00e9n, quiero que lo poco que tengo, lo poco que soy, se multiplique en las manos del Se\u00f1or\u201d.<\/p>\n<p>En la fiesta del Cuerpo y la Sangre de Jes\u00fas, contemplemos el misterio de un Dios que se nos da por entero. Acerqu\u00e9monos al altar con gratitud y fe, con hambre de vida y de comuni\u00f3n. Y salgamos al mundo como disc\u00edpulos misioneros, dispuestos a seguir el camino de Jes\u00fas: acogiendo, anunciando y sanando. Porque el Pan que recibimos nos une, nos transforma y nos env\u00eda. Y porque el Cuerpo de Cristo no est\u00e1 solo en la hostia consagrada, sino tambi\u00e9n en cada hermano y hermana que encontramos en el camino.<\/p>\n<p><iframe loading=\"lazy\" title=\"SAN JUAN MONSE\u00d1OR JORGE LOZANO\" width=\"800\" height=\"600\" src=\"https:\/\/www.youtube.com\/embed\/Wv0CAlibQTQ?feature=oembed\" frameborder=\"0\" allow=\"accelerometer; autoplay; clipboard-write; encrypted-media; gyroscope; picture-in-picture; web-share\" referrerpolicy=\"strict-origin-when-cross-origin\" allowfullscreen><\/iframe><\/p>\n<p>&nbsp;<\/p>\n<p><img loading=\"lazy\" decoding=\"async\" class=\"alignnone size-full wp-image-61416\" src=\"https:\/\/vocesparalelas.com.ar\/sitio\/wp-content\/uploads\/2023\/07\/ARZOBISPADO-EDIFICIO.jpg\" alt=\"\" width=\"800\" height=\"600\" srcset=\"https:\/\/vocesparalelas.com.ar\/sitio\/wp-content\/uploads\/2023\/07\/ARZOBISPADO-EDIFICIO.jpg 800w, https:\/\/vocesparalelas.com.ar\/sitio\/wp-content\/uploads\/2023\/07\/ARZOBISPADO-EDIFICIO-300x225.jpg 300w, https:\/\/vocesparalelas.com.ar\/sitio\/wp-content\/uploads\/2023\/07\/ARZOBISPADO-EDIFICIO-768x576.jpg 768w\" sizes=\"auto, (max-width: 800px) 100vw, 800px\" \/><\/p>\n","protected":false},"excerpt":{"rendered":"<p>Por el Arzobispo de San Juan de Cuyo, monse\u00f1or Jorge Lozano Cada a\u00f1o, la solemnidad del Cuerpo y la Sangre<\/p>\n","protected":false},"author":3,"featured_media":81112,"comment_status":"closed","ping_status":"closed","sticky":false,"template":"","format":"standard","meta":{"_acf_changed":false,"_seopress_robots_primary_cat":"none","_seopress_titles_title":"","_seopress_titles_desc":"","_seopress_robots_index":"","colormag_page_container_layout":"default_layout","colormag_page_sidebar_layout":"default_layout","footnotes":""},"categories":[10,7],"tags":[],"class_list":["post-87824","post","type-post","status-publish","format-standard","has-post-thumbnail","hentry","category-opiniones","category-videos"],"acf":[],"_links":{"self":[{"href":"https:\/\/vocesparalelas.com.ar\/sitio\/wp-json\/wp\/v2\/posts\/87824","targetHints":{"allow":["GET"]}}],"collection":[{"href":"https:\/\/vocesparalelas.com.ar\/sitio\/wp-json\/wp\/v2\/posts"}],"about":[{"href":"https:\/\/vocesparalelas.com.ar\/sitio\/wp-json\/wp\/v2\/types\/post"}],"author":[{"embeddable":true,"href":"https:\/\/vocesparalelas.com.ar\/sitio\/wp-json\/wp\/v2\/users\/3"}],"replies":[{"embeddable":true,"href":"https:\/\/vocesparalelas.com.ar\/sitio\/wp-json\/wp\/v2\/comments?post=87824"}],"version-history":[{"count":1,"href":"https:\/\/vocesparalelas.com.ar\/sitio\/wp-json\/wp\/v2\/posts\/87824\/revisions"}],"predecessor-version":[{"id":87827,"href":"https:\/\/vocesparalelas.com.ar\/sitio\/wp-json\/wp\/v2\/posts\/87824\/revisions\/87827"}],"wp:featuredmedia":[{"embeddable":true,"href":"https:\/\/vocesparalelas.com.ar\/sitio\/wp-json\/wp\/v2\/media\/81112"}],"wp:attachment":[{"href":"https:\/\/vocesparalelas.com.ar\/sitio\/wp-json\/wp\/v2\/media?parent=87824"}],"wp:term":[{"taxonomy":"category","embeddable":true,"href":"https:\/\/vocesparalelas.com.ar\/sitio\/wp-json\/wp\/v2\/categories?post=87824"},{"taxonomy":"post_tag","embeddable":true,"href":"https:\/\/vocesparalelas.com.ar\/sitio\/wp-json\/wp\/v2\/tags?post=87824"}],"curies":[{"name":"wp","href":"https:\/\/api.w.org\/{rel}","templated":true}]}}