{"id":87816,"date":"2025-06-21T21:00:41","date_gmt":"2025-06-22T00:00:41","guid":{"rendered":"https:\/\/vocesparalelas.com.ar\/sitio\/?p=87816"},"modified":"2025-06-21T21:01:25","modified_gmt":"2025-06-22T00:01:25","slug":"se-reestablecio-el-servicio-electrico-en-la-ciudad-de-san-juan","status":"publish","type":"post","link":"https:\/\/vocesparalelas.com.ar\/sitio\/se-reestablecio-el-servicio-electrico-en-la-ciudad-de-san-juan\/","title":{"rendered":"Se reestableci\u00f3 el servicio el\u00e9ctrico en la Ciudad de San Juan"},"content":{"rendered":"<p>El EPRE informa que el S\u00e1bado, 21 de Junio de 2025, en la Estaci\u00f3n Transformadora \u00abBrasil\u00bb que alimenta gran parte del casco c\u00e9ntrico y Sur de la Ciudad de San Juan existi\u00f3 una falla que la dejo sin servicio.<\/p>\n<p>Luego, en la etapa de maniobras para restablecer el servicio hubo un inconveniente en la Estaci\u00f3n Transformadora \u00abPueyrred\u00f3n\u00bb que abastece la zona Este de la Ciudad de San Juan.<\/p>\n<p>En esta ultima se resolvi\u00f3 r\u00e1pidamente y a las 19:57 hs.; ya esta con servicio.<\/p>\n<p>En la Estaci\u00f3n Transformadora \u00abBrasil\u00bb se est\u00e1n haciendo maniobras para restablecerlo. En un tiempo prudencial de media hora se emitir\u00e1 un nuevo comunicado en caso de persistir el inconveniente<\/p>\n<p>A este momento esta todo el servicio restablecido en la Ciudad de San Juan<\/p>\n<p><img loading=\"lazy\" decoding=\"async\" class=\"alignnone size-full wp-image-85438\" src=\"https:\/\/vocesparalelas.com.ar\/sitio\/wp-content\/uploads\/2025\/04\/EPRE-FRENTE.jpg\" alt=\"\" width=\"800\" height=\"600\" srcset=\"https:\/\/vocesparalelas.com.ar\/sitio\/wp-content\/uploads\/2025\/04\/EPRE-FRENTE.jpg 800w, https:\/\/vocesparalelas.com.ar\/sitio\/wp-content\/uploads\/2025\/04\/EPRE-FRENTE-300x225.jpg 300w, https:\/\/vocesparalelas.com.ar\/sitio\/wp-content\/uploads\/2025\/04\/EPRE-FRENTE-768x576.jpg 768w\" sizes=\"auto, (max-width: 800px) 100vw, 800px\" \/><\/p>\n","protected":false},"excerpt":{"rendered":"<p>El EPRE informa que el S\u00e1bado, 21 de Junio de 2025, en la Estaci\u00f3n Transformadora \u00abBrasil\u00bb que alimenta gran parte<\/p>\n","protected":false},"author":3,"featured_media":13177,"comment_status":"closed","ping_status":"closed","sticky":false,"template":"","format":"standard","meta":{"_acf_changed":false,"_seopress_robots_primary_cat":"none","_seopress_titles_title":"","_seopress_titles_desc":"","_seopress_robots_index":"","colormag_page_container_layout":"default_layout","colormag_page_sidebar_layout":"default_layout","footnotes":""},"categories":[1],"tags":[],"class_list":["post-87816","post","type-post","status-publish","format-standard","has-post-thumbnail","hentry","category-destacadas"],"acf":[],"_links":{"self":[{"href":"https:\/\/vocesparalelas.com.ar\/sitio\/wp-json\/wp\/v2\/posts\/87816","targetHints":{"allow":["GET"]}}],"collection":[{"href":"https:\/\/vocesparalelas.com.ar\/sitio\/wp-json\/wp\/v2\/posts"}],"about":[{"href":"https:\/\/vocesparalelas.com.ar\/sitio\/wp-json\/wp\/v2\/types\/post"}],"author":[{"embeddable":true,"href":"https:\/\/vocesparalelas.com.ar\/sitio\/wp-json\/wp\/v2\/users\/3"}],"replies":[{"embeddable":true,"href":"https:\/\/vocesparalelas.com.ar\/sitio\/wp-json\/wp\/v2\/comments?post=87816"}],"version-history":[{"count":2,"href":"https:\/\/vocesparalelas.com.ar\/sitio\/wp-json\/wp\/v2\/posts\/87816\/revisions"}],"predecessor-version":[{"id":87820,"href":"https:\/\/vocesparalelas.com.ar\/sitio\/wp-json\/wp\/v2\/posts\/87816\/revisions\/87820"}],"wp:featuredmedia":[{"embeddable":true,"href":"https:\/\/vocesparalelas.com.ar\/sitio\/wp-json\/wp\/v2\/media\/13177"}],"wp:attachment":[{"href":"https:\/\/vocesparalelas.com.ar\/sitio\/wp-json\/wp\/v2\/media?parent=87816"}],"wp:term":[{"taxonomy":"category","embeddable":true,"href":"https:\/\/vocesparalelas.com.ar\/sitio\/wp-json\/wp\/v2\/categories?post=87816"},{"taxonomy":"post_tag","embeddable":true,"href":"https:\/\/vocesparalelas.com.ar\/sitio\/wp-json\/wp\/v2\/tags?post=87816"}],"curies":[{"name":"wp","href":"https:\/\/api.w.org\/{rel}","templated":true}]}}