{"id":87809,"date":"2025-06-21T19:55:01","date_gmt":"2025-06-21T22:55:01","guid":{"rendered":"https:\/\/vocesparalelas.com.ar\/sitio\/?p=87809"},"modified":"2025-06-23T20:35:49","modified_gmt":"2025-06-23T23:35:49","slug":"predicacion-en-la-solemnidad-del-cuerpo-y-la-sangre-de-cristo","status":"publish","type":"post","link":"https:\/\/vocesparalelas.com.ar\/sitio\/predicacion-en-la-solemnidad-del-cuerpo-y-la-sangre-de-cristo\/","title":{"rendered":"Predicaci\u00f3n en la Solemnidad del Cuerpo y la Sangre de Cristo"},"content":{"rendered":"<p>Por el Arzobispo de San Juan de Cuyo, Monse\u00f1or Jorge Lozano<\/p>\n<p>Predicaci\u00f3n en la Solemnidad del Cuerpo y la Sangre de Cristo Inicio del III S\u00ednodo Arquidiocesano de San Juan de Cuyo<\/p>\n<p>Queridos hermanos y hermanas en Cristo:<\/p>\n<p>Celebramos hoy la solemnidad del Cuerpo y la Sangre del Se\u00f1or, misterio central de nuestra fe, pan partido para la vida del mundo, alimento de comuni\u00f3n, signo visible del amor invisible de Dios. Y lo hacemos con el coraz\u00f3n dispuesto a iniciar juntos el camino del III S\u00ednodo Arquidiocesano de San Juan. No estamos aqu\u00ed por una simple motivaci\u00f3n organizativa, sino porque Jes\u00fas nos convoca, nos re\u00fane, nos alimenta y nos env\u00eda.<\/p>\n<p>El Evangelio de San Lucas que hemos proclamado, nos presenta una escena que refleja el coraz\u00f3n pastoral de Jes\u00fas. \u00c9l se hab\u00eda retirado a un lugar tranquilo para descansar y conversar con los 12 Ap\u00f3stoles que regresaban de misionar; ven\u00edan embalados con ganas de contar sus experiencias. La gente se entera y los busca. Ante una multitud hambrienta, Jes\u00fas acoge, predica, y sana. Esos tres verbos nos muestran su estilo pastoral (\u00bfel nuestro puede ser otro distinto?). La multitud acude a \u00c9l, y el Pastor no pasa de largo, no se desentiende. Detiene sus pasos, se compadece con cada uno. Acoge con ternura, predica con sencillez y claridad, y sana con misericordia. El amor de Jes\u00fas no es abstracto, \u201ca vuelo de p\u00e1jaro\u201d, sino concreto, personal.<\/p>\n<p>Jes\u00fas predicaba el Reino de Dios. No era una ense\u00f1anza te\u00f3rica, sino un anuncio con poder transformador. Un Reino que empieza aqu\u00ed, que se hace visible en la comunidad, en la fraternidad, en el pan compartido. Jes\u00fas ve a la multitud, y se preocupa por su hambre espiritual y tambi\u00e9n por su hambre corporal. No separa cuerpo y alma. \u00c9l quiere la vida plena, el bien integral de la persona.<\/p>\n<p>Y entonces, los organiza en grupos de cincuenta, como hab\u00eda hecho Mois\u00e9s en el desierto. All\u00ed tambi\u00e9n se form\u00f3 un pueblo, no una masa sin rostro, sino una comunidad de comunidades. \u00a1Qu\u00e9 hermosa imagen de la identidad de una di\u00f3cesis!<\/p>\n<p>Notemos que San Lucas nos presenta grupos de personas muy bien diferenciados: la multitud, los disc\u00edpulos, los doce y Jes\u00fas. As\u00ed tambi\u00e9n son los pasos del proceso que vamos desarrollando: todos, algunos, uno. Es el dinamismo del camino sinodal. Jes\u00fas es el centro, el que parte el pan, el que nos ense\u00f1a a repartirlo, el que nos forma como pueblo. \u00c9l derrama en nuestros corazones la fuerza del Esp\u00edritu Santo como protagonista del s\u00ednodo.<\/p>\n<p>Los cinco panes y dos pescados en nuestras manos parecen poco. Pero en las manos de Jes\u00fas, se multiplican. \u201cPara el amor no hay nada peque\u00f1o\u201d (Siervo de Dios Jos\u00e9 Am\u00e9rico Orzali) La l\u00f3gica del Reino no es la l\u00f3gica de la escasez, sino de la abundancia que nace de la entrega. Todos comieron y se saciaron, y a\u00fan sobr\u00f3. As\u00ed es el pan de la Eucarist\u00eda: pan para el camino, pan para los peregrinos, pan que nos une como un solo Cuerpo, que es la Iglesia.<\/p>\n<p>Todos comemos del mismo Pan de Vida, todos somos enviados por el mismo Esp\u00edritu, que conjuntamente suscita la diversidad (que no es dispersi\u00f3n o anarqu\u00eda) y la comuni\u00f3n (que no es uniformidad). Todos los carismas y ministerios, todas las comunidades. Catequistas, misioneros, voluntarios de caritas, grupos de oraci\u00f3n, laicos varones y mujeres, edades diversas, movimientos y \u00e1reas pastorales, vida consagrada y religiosa, di\u00e1conos sacerdotes y obispos. Es el Jubileo de la Iglesia Diocesana en la novena de nuestro Patrono, San Juan Bautista. \u00c9l vuelve a se\u00f1alarnos al Cordero de Dios, que quita los pecados del mundo.<\/p>\n<p>Hoy, como Iglesia diocesana, nos renovamos con alegr\u00eda como Peregrinos de Esperanza, en comuni\u00f3n. El S\u00ednodo es eso: caminar juntos, en comuni\u00f3n, con Jes\u00fas en medio y animados por el Esp\u00edritu Santo. Como haremos dentro de un rato en la procesi\u00f3n con el Sant\u00edsimo Sacramento, caminamos juntos con Jes\u00fas que va en el centro, en el coraz\u00f3n, en el alma de su pueblo.<\/p>\n<p>Este d\u00eda nos habla de una Iglesia que escucha, que vive una profunda espiritualidad, y que sale en misi\u00f3n. Estos son los tres desaf\u00edos que discerniremos juntos en las sesiones sinodales: escucha, espiritualidad y misi\u00f3n. Hoy, los sinodales hacen su promesa, pero todos somos parte. \u201cEste S\u00ednodo es la obra de todos\u201d, dec\u00eda el Buen Pastor de Cuyo, el Siervo de Dios Monse\u00f1or Jos\u00e9 Am\u00e9rico Orzali. Todos estamos invitados a participar, a orar, a dejar que el Esp\u00edritu nos modele como comunidad.<\/p>\n<p>No es un camino de especialistas, sino del pueblo santo de Dios. Todos caminamos, todos ofrecemos los panes que tenemos, aunque sean pocos. Y si los entregamos a Jes\u00fas, \u00c9l har\u00e1 el milagro de la multiplicaci\u00f3n, de la comuni\u00f3n, de la fraternidad.<\/p>\n<p>Que esta fiesta del Cuerpo y la Sangre de Cristo nos renueve en la alegr\u00eda de ser Iglesia, de ser comunidad, de ser un pueblo que camina, anuncia y sirve.<\/p>\n<p>\u00a1Bendito y alabado sea Jes\u00fas en el Sant\u00edsimo Sacramento del altar!!!<\/p>\n<p style=\"text-align: right;\">Am\u00e9n.<\/p>\n<p style=\"text-align: right;\">+ P Jorge Eduardo Lozano<\/p>\n<p style=\"text-align: right;\">Arzobispo de San Juan de Cuyo<\/p>\n<p>&nbsp;<\/p>\n<p><img loading=\"lazy\" decoding=\"async\" class=\"alignnone size-full wp-image-87814\" src=\"https:\/\/vocesparalelas.com.ar\/sitio\/wp-content\/uploads\/2025\/06\/CORPOS-CRISTO-01.jpg\" alt=\"\" width=\"800\" height=\"477\" srcset=\"https:\/\/vocesparalelas.com.ar\/sitio\/wp-content\/uploads\/2025\/06\/CORPOS-CRISTO-01.jpg 800w, https:\/\/vocesparalelas.com.ar\/sitio\/wp-content\/uploads\/2025\/06\/CORPOS-CRISTO-01-300x179.jpg 300w, https:\/\/vocesparalelas.com.ar\/sitio\/wp-content\/uploads\/2025\/06\/CORPOS-CRISTO-01-768x458.jpg 768w\" sizes=\"auto, (max-width: 800px) 100vw, 800px\" \/><\/p>\n","protected":false},"excerpt":{"rendered":"<p>Por el Arzobispo de San Juan de Cuyo, Monse\u00f1or Jorge Lozano Predicaci\u00f3n en la Solemnidad del Cuerpo y la Sangre<\/p>\n","protected":false},"author":3,"featured_media":87813,"comment_status":"closed","ping_status":"closed","sticky":false,"template":"","format":"standard","meta":{"_acf_changed":false,"_seopress_robots_primary_cat":"none","_seopress_titles_title":"","_seopress_titles_desc":"","_seopress_robots_index":"","colormag_page_container_layout":"default_layout","colormag_page_sidebar_layout":"default_layout","footnotes":""},"categories":[10],"tags":[],"class_list":["post-87809","post","type-post","status-publish","format-standard","has-post-thumbnail","hentry","category-opiniones"],"acf":[],"_links":{"self":[{"href":"https:\/\/vocesparalelas.com.ar\/sitio\/wp-json\/wp\/v2\/posts\/87809","targetHints":{"allow":["GET"]}}],"collection":[{"href":"https:\/\/vocesparalelas.com.ar\/sitio\/wp-json\/wp\/v2\/posts"}],"about":[{"href":"https:\/\/vocesparalelas.com.ar\/sitio\/wp-json\/wp\/v2\/types\/post"}],"author":[{"embeddable":true,"href":"https:\/\/vocesparalelas.com.ar\/sitio\/wp-json\/wp\/v2\/users\/3"}],"replies":[{"embeddable":true,"href":"https:\/\/vocesparalelas.com.ar\/sitio\/wp-json\/wp\/v2\/comments?post=87809"}],"version-history":[{"count":1,"href":"https:\/\/vocesparalelas.com.ar\/sitio\/wp-json\/wp\/v2\/posts\/87809\/revisions"}],"predecessor-version":[{"id":87815,"href":"https:\/\/vocesparalelas.com.ar\/sitio\/wp-json\/wp\/v2\/posts\/87809\/revisions\/87815"}],"wp:featuredmedia":[{"embeddable":true,"href":"https:\/\/vocesparalelas.com.ar\/sitio\/wp-json\/wp\/v2\/media\/87813"}],"wp:attachment":[{"href":"https:\/\/vocesparalelas.com.ar\/sitio\/wp-json\/wp\/v2\/media?parent=87809"}],"wp:term":[{"taxonomy":"category","embeddable":true,"href":"https:\/\/vocesparalelas.com.ar\/sitio\/wp-json\/wp\/v2\/categories?post=87809"},{"taxonomy":"post_tag","embeddable":true,"href":"https:\/\/vocesparalelas.com.ar\/sitio\/wp-json\/wp\/v2\/tags?post=87809"}],"curies":[{"name":"wp","href":"https:\/\/api.w.org\/{rel}","templated":true}]}}