{"id":87776,"date":"2025-06-19T23:21:32","date_gmt":"2025-06-20T02:21:32","guid":{"rendered":"https:\/\/vocesparalelas.com.ar\/sitio\/?p=87776"},"modified":"2025-06-20T00:21:52","modified_gmt":"2025-06-20T03:21:52","slug":"acto-del-izamiento-de-la-bandera-argentina-en-rivadavia-de-san-juan","status":"publish","type":"post","link":"https:\/\/vocesparalelas.com.ar\/sitio\/acto-del-izamiento-de-la-bandera-argentina-en-rivadavia-de-san-juan\/","title":{"rendered":"Acto del izamiento de la Bandera Argentina en Rivadavia de San Juan"},"content":{"rendered":"<p>La Municipalidad de la Ciudad de Rivadavia de San Juan organiz\u00f3 y desarroll\u00f3 el acto del izamiento de la Bandera Argentina en el m\u00e1stil emplazado en el bulevar frente a edificio municipal.<\/p>\n<p>En la previa, el intendente municipal, Sergio Miodowsky respondi\u00f3 preguntas de los Periodistas San Juan.<\/p>\n<p><iframe loading=\"lazy\" title=\"RIVADAVIA INTENDENTE SERGIO MIODOWSKY\" width=\"800\" height=\"450\" src=\"https:\/\/www.youtube.com\/embed\/eCv3QzYQFz8?feature=oembed\" frameborder=\"0\" allow=\"accelerometer; autoplay; clipboard-write; encrypted-media; gyroscope; picture-in-picture; web-share\" referrerpolicy=\"strict-origin-when-cross-origin\" allowfullscreen><\/iframe><\/p>\n<p>Posteriormente,\u00a0 comenz\u00f3 el izamiento de la Bandera Argentina, testigo del sentir en el marco del D\u00eda de la Bandera Nacional, bajo la responsabilidad del intendente, Sergio Miodowsky, el Diputado Dr. Juan de la Cruz C\u00f3rdoba, el \u00a0secretario de Seguridad y Orden P\u00fablico, Dr. Enrique Delgado, el Jefe del RIM 22 Teniente Coronel, Rub\u00e9n Gast\u00f3n Pattera. En este contexto, la Banda de M\u00fasica de la Polic\u00eda de San Juan acompa\u00f1\u00f3 la canci\u00f3n \u00abAurora\u00bb..<\/p>\n<p><iframe loading=\"lazy\" title=\"RIVADAVIA BANDERA ARGENTINA\" width=\"800\" height=\"450\" src=\"https:\/\/www.youtube.com\/embed\/WtTJQGeGgu8?feature=oembed\" frameborder=\"0\" allow=\"accelerometer; autoplay; clipboard-write; encrypted-media; gyroscope; picture-in-picture; web-share\" referrerpolicy=\"strict-origin-when-cross-origin\" allowfullscreen><\/iframe><\/p>\n<p>&nbsp;<\/p>\n<p style=\"text-align: center;\">Alta en el cielo un \u00e1guila guerrera,<br \/>\naudaz se eleva en vuelo triunfal,<br \/>\nazul un ala del color del cielo,<br \/>\nazul un ala del color del mar.<br \/>\nAs\u00ed en la alta aurora irradial,<br \/>\npunta de flecha el \u00e1ureo rostro imita<br \/>\ny forma estela al purpurado cuello,<\/p>\n<p style=\"text-align: center;\">el ala es pa\u00f1o, el \u00e1guila es bandera.<br \/>\nEs la bandera de la patria m\u00eda<br \/>\ndel sol nacida que me ha dado Dios;<br \/>\nes la bandera de la patria mia,<br \/>\ndel sol nacida, que me ha dado Dios;<br \/>\nes la bandera de la patria m\u00eda,<br \/>\ndel sol nacida que me ha dado Dios.<\/p>\n<p style=\"text-align: right;\">Letra: H.C.Quesada y L. Illica<br \/>\nM\u00fasica: H\u00e9ctor Panizza<\/p>\n<p>Seguidamente, se enton\u00f3 el Himno Nacional Argentino bajo la ejecuci\u00f3n de la Banda de M\u00fasica de la Polic\u00eda de San Juan .<\/p>\n<p><iframe loading=\"lazy\" title=\"RIVADAVIA BANDA M\u00daSICA POLIC\u00cdA DE SAN JUAN\" width=\"800\" height=\"450\" src=\"https:\/\/www.youtube.com\/embed\/Uv9fnRFsjlk?feature=oembed\" frameborder=\"0\" allow=\"accelerometer; autoplay; clipboard-write; encrypted-media; gyroscope; picture-in-picture; web-share\" referrerpolicy=\"strict-origin-when-cross-origin\" allowfullscreen><\/iframe><\/p>\n<p>De esta manera finaliz\u00f3 el acto pero justamente coincidi\u00f3 con el cumplea\u00f1os del intendente municipal, Sergio Miodowsky, quien recibi\u00f3 una sorpresa de los presentes y parte de la Banda de M\u00fasica de la Polic\u00eda de San Juan, quienes ejecutaron el feliz cumplea\u00f1os con las voces de los presentes que emocion\u00f3 al agasajado, que finaliz\u00f3 con el saludo y abrazos de cari\u00f1o.<\/p>\n<p><iframe loading=\"lazy\" title=\"RIVADAVIA FELIZ CUMPLEA\u00d1OS BANDA POLIC\u00cdA DE SAN JUAN\" width=\"800\" height=\"450\" src=\"https:\/\/www.youtube.com\/embed\/QRS_yueWGrU?feature=oembed\" frameborder=\"0\" allow=\"accelerometer; autoplay; clipboard-write; encrypted-media; gyroscope; picture-in-picture; web-share\" referrerpolicy=\"strict-origin-when-cross-origin\" allowfullscreen><\/iframe><\/p>\n<p><img loading=\"lazy\" decoding=\"async\" class=\"alignnone size-full wp-image-87787\" src=\"https:\/\/vocesparalelas.com.ar\/sitio\/wp-content\/uploads\/2025\/06\/RIVADAVIA-BANDERA-ARGENTINA-05.jpg\" alt=\"\" width=\"800\" height=\"533\" srcset=\"https:\/\/vocesparalelas.com.ar\/sitio\/wp-content\/uploads\/2025\/06\/RIVADAVIA-BANDERA-ARGENTINA-05.jpg 800w, https:\/\/vocesparalelas.com.ar\/sitio\/wp-content\/uploads\/2025\/06\/RIVADAVIA-BANDERA-ARGENTINA-05-300x200.jpg 300w, https:\/\/vocesparalelas.com.ar\/sitio\/wp-content\/uploads\/2025\/06\/RIVADAVIA-BANDERA-ARGENTINA-05-768x512.jpg 768w\" sizes=\"auto, (max-width: 800px) 100vw, 800px\" \/><\/p>\n<p>&nbsp;<\/p>\n<p><img loading=\"lazy\" decoding=\"async\" class=\"alignnone size-full wp-image-66896\" src=\"https:\/\/vocesparalelas.com.ar\/sitio\/wp-content\/uploads\/2023\/12\/RIVADAVIA-LOGO-NUEVO.jpg\" alt=\"\" width=\"800\" height=\"533\" srcset=\"https:\/\/vocesparalelas.com.ar\/sitio\/wp-content\/uploads\/2023\/12\/RIVADAVIA-LOGO-NUEVO.jpg 800w, https:\/\/vocesparalelas.com.ar\/sitio\/wp-content\/uploads\/2023\/12\/RIVADAVIA-LOGO-NUEVO-300x200.jpg 300w, https:\/\/vocesparalelas.com.ar\/sitio\/wp-content\/uploads\/2023\/12\/RIVADAVIA-LOGO-NUEVO-768x512.jpg 768w\" sizes=\"auto, (max-width: 800px) 100vw, 800px\" \/><\/p>\n<p>&nbsp;<\/p>\n<p>&nbsp;<\/p>\n<p>&nbsp;<\/p>\n<p>&nbsp;<\/p>\n","protected":false},"excerpt":{"rendered":"<p>La Municipalidad de la Ciudad de Rivadavia de San Juan organiz\u00f3 y desarroll\u00f3 el acto del izamiento de la Bandera<\/p>\n","protected":false},"author":3,"featured_media":87786,"comment_status":"closed","ping_status":"closed","sticky":false,"template":"","format":"standard","meta":{"_acf_changed":false,"_seopress_robots_primary_cat":"none","_seopress_titles_title":"","_seopress_titles_desc":"","_seopress_robots_index":"","colormag_page_container_layout":"default_layout","colormag_page_sidebar_layout":"default_layout","footnotes":""},"categories":[1,7],"tags":[],"class_list":["post-87776","post","type-post","status-publish","format-standard","has-post-thumbnail","hentry","category-destacadas","category-videos"],"acf":[],"_links":{"self":[{"href":"https:\/\/vocesparalelas.com.ar\/sitio\/wp-json\/wp\/v2\/posts\/87776","targetHints":{"allow":["GET"]}}],"collection":[{"href":"https:\/\/vocesparalelas.com.ar\/sitio\/wp-json\/wp\/v2\/posts"}],"about":[{"href":"https:\/\/vocesparalelas.com.ar\/sitio\/wp-json\/wp\/v2\/types\/post"}],"author":[{"embeddable":true,"href":"https:\/\/vocesparalelas.com.ar\/sitio\/wp-json\/wp\/v2\/users\/3"}],"replies":[{"embeddable":true,"href":"https:\/\/vocesparalelas.com.ar\/sitio\/wp-json\/wp\/v2\/comments?post=87776"}],"version-history":[{"count":1,"href":"https:\/\/vocesparalelas.com.ar\/sitio\/wp-json\/wp\/v2\/posts\/87776\/revisions"}],"predecessor-version":[{"id":87788,"href":"https:\/\/vocesparalelas.com.ar\/sitio\/wp-json\/wp\/v2\/posts\/87776\/revisions\/87788"}],"wp:featuredmedia":[{"embeddable":true,"href":"https:\/\/vocesparalelas.com.ar\/sitio\/wp-json\/wp\/v2\/media\/87786"}],"wp:attachment":[{"href":"https:\/\/vocesparalelas.com.ar\/sitio\/wp-json\/wp\/v2\/media?parent=87776"}],"wp:term":[{"taxonomy":"category","embeddable":true,"href":"https:\/\/vocesparalelas.com.ar\/sitio\/wp-json\/wp\/v2\/categories?post=87776"},{"taxonomy":"post_tag","embeddable":true,"href":"https:\/\/vocesparalelas.com.ar\/sitio\/wp-json\/wp\/v2\/tags?post=87776"}],"curies":[{"name":"wp","href":"https:\/\/api.w.org\/{rel}","templated":true}]}}