{"id":87767,"date":"2025-06-22T20:51:26","date_gmt":"2025-06-22T23:51:26","guid":{"rendered":"https:\/\/vocesparalelas.com.ar\/sitio\/?p=87767"},"modified":"2025-06-22T21:34:41","modified_gmt":"2025-06-23T00:34:41","slug":"el-lunes-23-de-junio-se-desarrolla-el-balotaje-de-las-elecciones-2025-de-la-unsj","status":"publish","type":"post","link":"https:\/\/vocesparalelas.com.ar\/sitio\/el-lunes-23-de-junio-se-desarrolla-el-balotaje-de-las-elecciones-2025-de-la-unsj\/","title":{"rendered":"El Lunes, 23 de Junio se desarrolla el balotaje de las Elecciones 2025 de la UNSJ"},"content":{"rendered":"<p>Adem\u00e1s de ser reelecto el rector de la UNSJ, Ing. Tadeo Berenguer, quien ahora cumplir\u00e1 su segundo mandato junto a la nueva vicerrectora Esp. Andrea Leceta 2025 &#8211; 2029.<\/p>\n<p><strong><span style=\"color: #0000ff;\">Las elecciones en la Universidad Nacional de San Juan dejaron como resultado el triunfo en primera vuelta <\/span><\/strong><\/p>\n<ul>\n<li>Decano Dr. Marcelo Lucero y Vicedecana CPN Mar\u00eda del Carmen Zorrilla 2025 &#8211; 2029 en la Facultad de Ciencias Sociales<\/li>\n<li>Decana Mg. Myriam Arrabal y Vicedecano Prof. Marcelo V\u00e1zquez 2025 &#8211; 2029 en la Facultad de Filosof\u00eda, Humanidades y Artes.<\/li>\n<li>Decana Dra. Andrea D\u00edaz y Vicedecano, Dr. Eric Laciar Leber 2025 &#8211; 2029 en la Facultad de Ingenier\u00eda<\/li>\n<\/ul>\n<p><strong><span style=\"color: #0000ff;\">Mientras que tres las unidades Acad\u00e9micas, van a segunda vuelta el Lunes, 23 de Junio<\/span><\/strong><\/p>\n<ul>\n<li>Facultad de Ciencias Exactas, F\u00edsicas y Naturales, donde compiten Jorge Castro-Georgina Coldwell contra quienes resultaron segundos, la dupla integrada por Alejandra Pittaluga y Manuel Ortega;<\/li>\n<li>Facultad de Arquitectura, Urbanismo y Dise\u00f1o, donde Carlos Herrera y A\u00edda Caliz se medir\u00e1n con Alejandro \u00c1lvarez y Alejandra Moreno<\/li>\n<li>Escuela Universitaria de Ciencias de la Salud, donde la actual conducci\u00f3n, integrada por \u00c1ngel Pinto y Oscar Quintero, deben medirse con Yesica Flores y Carina Tejada.<\/li>\n<\/ul>\n<p>Desde la Junta Electoral de la UNSJ, en nombre de su presidenta Ana Laura Garc\u00eda, aclar\u00f3 que \u00ablos padrones van a ser los mismos publicados, el padr\u00f3n definitivo rectificado, que va a encontrarse certificado por escribano p\u00fablico, siendo id\u00e9ntico el que se va a encontrar dentro de la urna con el que se encuentra publicado en la p\u00e1gina. Entre las 22 y 23 hs.; tendr\u00e1n los datos provisorios de estas elecciones\u00bb.<\/p>\n<p><span style=\"color: #0000ff;\"><strong>Las mesas habilitadas<\/strong><\/span><\/p>\n<ul>\n<li>FAUD de la UNSJ nueve mesas<\/li>\n<li>FCEFN de la UNSJ ocho mesas<\/li>\n<li>EUCS siete mesas<\/li>\n<\/ul>\n<p><img loading=\"lazy\" decoding=\"async\" class=\"alignnone size-full wp-image-79515\" src=\"https:\/\/vocesparalelas.com.ar\/sitio\/wp-content\/uploads\/2024\/11\/UNSJ-LOGO-01.jpg\" alt=\"\" width=\"800\" height=\"459\" srcset=\"https:\/\/vocesparalelas.com.ar\/sitio\/wp-content\/uploads\/2024\/11\/UNSJ-LOGO-01.jpg 800w, https:\/\/vocesparalelas.com.ar\/sitio\/wp-content\/uploads\/2024\/11\/UNSJ-LOGO-01-300x172.jpg 300w, https:\/\/vocesparalelas.com.ar\/sitio\/wp-content\/uploads\/2024\/11\/UNSJ-LOGO-01-768x441.jpg 768w\" sizes=\"auto, (max-width: 800px) 100vw, 800px\" \/><\/p>\n","protected":false},"excerpt":{"rendered":"<p>Adem\u00e1s de ser reelecto el rector de la UNSJ, Ing. Tadeo Berenguer, quien ahora cumplir\u00e1 su segundo mandato junto a<\/p>\n","protected":false},"author":3,"featured_media":36750,"comment_status":"closed","ping_status":"closed","sticky":false,"template":"","format":"standard","meta":{"_acf_changed":false,"_seopress_robots_primary_cat":"none","_seopress_titles_title":"","_seopress_titles_desc":"","_seopress_robots_index":"","colormag_page_container_layout":"default_layout","colormag_page_sidebar_layout":"default_layout","footnotes":""},"categories":[1],"tags":[],"class_list":["post-87767","post","type-post","status-publish","format-standard","has-post-thumbnail","hentry","category-destacadas"],"acf":[],"_links":{"self":[{"href":"https:\/\/vocesparalelas.com.ar\/sitio\/wp-json\/wp\/v2\/posts\/87767","targetHints":{"allow":["GET"]}}],"collection":[{"href":"https:\/\/vocesparalelas.com.ar\/sitio\/wp-json\/wp\/v2\/posts"}],"about":[{"href":"https:\/\/vocesparalelas.com.ar\/sitio\/wp-json\/wp\/v2\/types\/post"}],"author":[{"embeddable":true,"href":"https:\/\/vocesparalelas.com.ar\/sitio\/wp-json\/wp\/v2\/users\/3"}],"replies":[{"embeddable":true,"href":"https:\/\/vocesparalelas.com.ar\/sitio\/wp-json\/wp\/v2\/comments?post=87767"}],"version-history":[{"count":1,"href":"https:\/\/vocesparalelas.com.ar\/sitio\/wp-json\/wp\/v2\/posts\/87767\/revisions"}],"predecessor-version":[{"id":87770,"href":"https:\/\/vocesparalelas.com.ar\/sitio\/wp-json\/wp\/v2\/posts\/87767\/revisions\/87770"}],"wp:featuredmedia":[{"embeddable":true,"href":"https:\/\/vocesparalelas.com.ar\/sitio\/wp-json\/wp\/v2\/media\/36750"}],"wp:attachment":[{"href":"https:\/\/vocesparalelas.com.ar\/sitio\/wp-json\/wp\/v2\/media?parent=87767"}],"wp:term":[{"taxonomy":"category","embeddable":true,"href":"https:\/\/vocesparalelas.com.ar\/sitio\/wp-json\/wp\/v2\/categories?post=87767"},{"taxonomy":"post_tag","embeddable":true,"href":"https:\/\/vocesparalelas.com.ar\/sitio\/wp-json\/wp\/v2\/tags?post=87767"}],"curies":[{"name":"wp","href":"https:\/\/api.w.org\/{rel}","templated":true}]}}