{"id":87742,"date":"2025-06-25T21:00:20","date_gmt":"2025-06-26T00:00:20","guid":{"rendered":"https:\/\/vocesparalelas.com.ar\/sitio\/?p=87742"},"modified":"2025-06-26T22:50:28","modified_gmt":"2025-06-27T01:50:28","slug":"concurso-ingenieria-verde-de-la-fi-de-la-unsj","status":"publish","type":"post","link":"https:\/\/vocesparalelas.com.ar\/sitio\/concurso-ingenieria-verde-de-la-fi-de-la-unsj\/","title":{"rendered":"Concurso \u00abIngenier\u00eda Verde\u00bb de la FI de la UNSJ"},"content":{"rendered":"<p style=\"font-weight: 500;\">La Facultad de Ingenier\u00eda de la Universidad Nacional de San Juan, en colaboraci\u00f3n con la empresa minera Vicu\u00f1a, vuelve a abrir la convocatoria del concurso Ingenier\u00eda Verde, un espacio destinado a promover la innovaci\u00f3n tecnol\u00f3gica con impacto ambiental positivo.<\/p>\n<p><img loading=\"lazy\" decoding=\"async\" class=\"alignnone size-full wp-image-87745\" src=\"https:\/\/vocesparalelas.com.ar\/sitio\/wp-content\/uploads\/2025\/06\/FI-CONCURSO-VERDE-2025.jpg\" alt=\"\" width=\"800\" height=\"414\" srcset=\"https:\/\/vocesparalelas.com.ar\/sitio\/wp-content\/uploads\/2025\/06\/FI-CONCURSO-VERDE-2025.jpg 800w, https:\/\/vocesparalelas.com.ar\/sitio\/wp-content\/uploads\/2025\/06\/FI-CONCURSO-VERDE-2025-300x155.jpg 300w, https:\/\/vocesparalelas.com.ar\/sitio\/wp-content\/uploads\/2025\/06\/FI-CONCURSO-VERDE-2025-768x397.jpg 768w\" sizes=\"auto, (max-width: 800px) 100vw, 800px\" \/><\/p>\n<p style=\"font-weight: 500;\">Por ello, Voces Paralelas desarroll\u00f3 una entrevista Period\u00edstica al secretario de Asuntos Estudiantiles de la FI de la UNSJ, Ing. Eliseo Ortiz Rocchetti, quien explic\u00f3 los or\u00edgenes de la iniciativa que surgi\u00f3 en 2023 y busca financiar y acompa\u00f1ar profesionalmente proyectos de sostenibilidad ambiental, brindando una plataforma real para incubar ideas transformadoras. Es un concurso abierto a la comunidad universitaria de la UNSJ: estudiantes y egresados de cualquier carrera pueden participar, ya sea con ideas nuevas, proyectos de tesis o incluso emprendimientos ya en marcha\u201d.<\/p>\n<p><iframe loading=\"lazy\" title=\"FI UNSJ ING ELISEO ORTIZ ROCCHETTI\" width=\"800\" height=\"450\" src=\"https:\/\/www.youtube.com\/embed\/-J0f8ieWUZo?feature=oembed\" frameborder=\"0\" allow=\"accelerometer; autoplay; clipboard-write; encrypted-media; gyroscope; picture-in-picture; web-share\" referrerpolicy=\"strict-origin-when-cross-origin\" allowfullscreen><\/iframe><\/p>\n<p style=\"font-weight: 500;\"><strong><span style=\"color: #99cc00;\">El concurso tiene como ejes tem\u00e1ticos principales<\/span><\/strong><\/p>\n<ul>\n<li style=\"font-weight: 500;\">Econom\u00eda circular<\/li>\n<li style=\"font-weight: 500;\">Eficiencia energ\u00e9tica<\/li>\n<li style=\"font-weight: 500;\">Innovaci\u00f3n tecnol\u00f3gica<\/li>\n<li style=\"font-weight: 500;\">Uso eficiente del agua<\/li>\n<li style=\"font-weight: 500;\">Energ\u00edas alternativas<\/li>\n<\/ul>\n<p style=\"font-weight: 500;\">La convocatoria est\u00e1 abierta hasta el 30 de Junio, sin posibilidad de pr\u00f3rroga.<\/p>\n<p style=\"font-weight: 500;\"><span style=\"color: #99cc00;\"><strong>Para m\u00e1s informaci\u00f3n e inscripciones<\/strong><\/span><\/p>\n<p style=\"font-weight: 500;\">Los interesados pueden ingresar en:<a href=\"https:\/\/ingenieriaverde.unsj.edu.ar\/\">\u00a0ingenieriaverde.unsj.edu.ar<\/a><\/p>\n<p><img loading=\"lazy\" decoding=\"async\" class=\"alignnone size-full wp-image-60280\" src=\"https:\/\/vocesparalelas.com.ar\/sitio\/wp-content\/uploads\/2023\/06\/FI-UNSJ-FRENTE.jpg\" alt=\"\" width=\"800\" height=\"600\" srcset=\"https:\/\/vocesparalelas.com.ar\/sitio\/wp-content\/uploads\/2023\/06\/FI-UNSJ-FRENTE.jpg 800w, https:\/\/vocesparalelas.com.ar\/sitio\/wp-content\/uploads\/2023\/06\/FI-UNSJ-FRENTE-300x225.jpg 300w, https:\/\/vocesparalelas.com.ar\/sitio\/wp-content\/uploads\/2023\/06\/FI-UNSJ-FRENTE-768x576.jpg 768w\" sizes=\"auto, (max-width: 800px) 100vw, 800px\" \/><\/p>\n<p>&nbsp;<\/p>\n","protected":false},"excerpt":{"rendered":"<p>La Facultad de Ingenier\u00eda de la Universidad Nacional de San Juan, en colaboraci\u00f3n con la empresa minera Vicu\u00f1a, vuelve a<\/p>\n","protected":false},"author":3,"featured_media":88000,"comment_status":"closed","ping_status":"closed","sticky":false,"template":"","format":"standard","meta":{"_acf_changed":false,"_seopress_robots_primary_cat":"none","_seopress_titles_title":"","_seopress_titles_desc":"","_seopress_robots_index":"","colormag_page_container_layout":"default_layout","colormag_page_sidebar_layout":"default_layout","footnotes":""},"categories":[8],"tags":[],"class_list":["post-87742","post","type-post","status-publish","format-standard","has-post-thumbnail","hentry","category-concursos"],"acf":[],"_links":{"self":[{"href":"https:\/\/vocesparalelas.com.ar\/sitio\/wp-json\/wp\/v2\/posts\/87742","targetHints":{"allow":["GET"]}}],"collection":[{"href":"https:\/\/vocesparalelas.com.ar\/sitio\/wp-json\/wp\/v2\/posts"}],"about":[{"href":"https:\/\/vocesparalelas.com.ar\/sitio\/wp-json\/wp\/v2\/types\/post"}],"author":[{"embeddable":true,"href":"https:\/\/vocesparalelas.com.ar\/sitio\/wp-json\/wp\/v2\/users\/3"}],"replies":[{"embeddable":true,"href":"https:\/\/vocesparalelas.com.ar\/sitio\/wp-json\/wp\/v2\/comments?post=87742"}],"version-history":[{"count":4,"href":"https:\/\/vocesparalelas.com.ar\/sitio\/wp-json\/wp\/v2\/posts\/87742\/revisions"}],"predecessor-version":[{"id":88001,"href":"https:\/\/vocesparalelas.com.ar\/sitio\/wp-json\/wp\/v2\/posts\/87742\/revisions\/88001"}],"wp:featuredmedia":[{"embeddable":true,"href":"https:\/\/vocesparalelas.com.ar\/sitio\/wp-json\/wp\/v2\/media\/88000"}],"wp:attachment":[{"href":"https:\/\/vocesparalelas.com.ar\/sitio\/wp-json\/wp\/v2\/media?parent=87742"}],"wp:term":[{"taxonomy":"category","embeddable":true,"href":"https:\/\/vocesparalelas.com.ar\/sitio\/wp-json\/wp\/v2\/categories?post=87742"},{"taxonomy":"post_tag","embeddable":true,"href":"https:\/\/vocesparalelas.com.ar\/sitio\/wp-json\/wp\/v2\/tags?post=87742"}],"curies":[{"name":"wp","href":"https:\/\/api.w.org\/{rel}","templated":true}]}}