{"id":87738,"date":"2025-06-18T22:07:37","date_gmt":"2025-06-19T01:07:37","guid":{"rendered":"https:\/\/vocesparalelas.com.ar\/sitio\/?p=87738"},"modified":"2025-06-20T00:22:44","modified_gmt":"2025-06-20T03:22:44","slug":"2-simposio-de-actualizacion-archivistica-presente-y-futuro-de-la-conservacion-de-documentos-en-relacion-a-las-nuevas-tecnologias-en-la-ffha-de-la-unsj","status":"publish","type":"post","link":"https:\/\/vocesparalelas.com.ar\/sitio\/2-simposio-de-actualizacion-archivistica-presente-y-futuro-de-la-conservacion-de-documentos-en-relacion-a-las-nuevas-tecnologias-en-la-ffha-de-la-unsj\/","title":{"rendered":"2\u00b0 Simposio de Actualizaci\u00f3n Archiv\u00edstica \u00abPresente y Futuro de la Conservaci\u00f3n de Documentos en Relaci\u00f3n a las Nuevas Tecnolog\u00edas\u00bb en la FFHA de la UNSJ"},"content":{"rendered":"<p>El 25 y 26 de Junio de 2025, de 9 a 15 hs., en el Sal\u00f3n Eloy Camus y en la Sala de Audio y Video de la FFHA, se desarrolla el 2\u00b0 Simposio de Actualizaci\u00f3n Archiv\u00edstica \u00abPresente y Futuro de la Conservaci\u00f3n de Documentos en Relaci\u00f3n a las Nuevas Tecnolog\u00edas\u00bb.<\/p>\n<p><span style=\"color: #ff6600;\"><strong>Destinatarios<\/strong><\/span><\/p>\n<p>La comunidad archiv\u00edstica, docentes y p\u00fablico en general, podr\u00e1n ser parte nuevamente del II Simposio de Actualizaci\u00f3n Archiv\u00edstica. En esa ocasi\u00f3n, el presente y el futuro de la conservaci\u00f3n de documentos en relaci\u00f3n a las nuevas tecnolog\u00edas, ser\u00e1n el foco del encuentro.<\/p>\n<p>Esta actividad cuenta con el aval del Ministerio de Educaci\u00f3n del Gobierno de San Juan y de la Facultad de Filosof\u00eda, Humanidades y Artes de la Universidad Nacional de San Juana trav\u00e9s de la Secretar\u00eda de Extensi\u00f3n.<\/p>\n<p><strong><span style=\"color: #ff6600;\">Inscripciones<\/span><\/strong><\/p>\n<p><a href=\"https:\/\/docs.google.com\/forms\/d\/1Vtr8nNT_wovkjCjuf4441yAb78BevjEMpdO7WgLNA_k\/edit\">https:\/\/docs.google.com\/forms\/d\/1Vtr8nNT_wovkjCjuf4441yAb78BevjEMpdO7WgLNA_k\/edit<\/a><\/p>\n<p>&nbsp;<\/p>\n<p><img loading=\"lazy\" decoding=\"async\" class=\"alignnone size-large wp-image-43889\" src=\"https:\/\/vocesparalelas.com.ar\/sitio\/wp-content\/uploads\/2021\/11\/FFHA-FRENTE-1-800x600.jpg\" alt=\"\" width=\"800\" height=\"600\" srcset=\"https:\/\/vocesparalelas.com.ar\/sitio\/wp-content\/uploads\/2021\/11\/FFHA-FRENTE-1-800x600.jpg 800w, https:\/\/vocesparalelas.com.ar\/sitio\/wp-content\/uploads\/2021\/11\/FFHA-FRENTE-1-300x225.jpg 300w, https:\/\/vocesparalelas.com.ar\/sitio\/wp-content\/uploads\/2021\/11\/FFHA-FRENTE-1-768x576.jpg 768w, https:\/\/vocesparalelas.com.ar\/sitio\/wp-content\/uploads\/2021\/11\/FFHA-FRENTE-1.jpg 1024w\" sizes=\"auto, (max-width: 800px) 100vw, 800px\" \/><\/p>\n","protected":false},"excerpt":{"rendered":"<p>El 25 y 26 de Junio de 2025, de 9 a 15 hs., en el Sal\u00f3n Eloy Camus y en<\/p>\n","protected":false},"author":3,"featured_media":58197,"comment_status":"closed","ping_status":"closed","sticky":false,"template":"","format":"standard","meta":{"_acf_changed":false,"_seopress_robots_primary_cat":"none","_seopress_titles_title":"","_seopress_titles_desc":"","_seopress_robots_index":"","colormag_page_container_layout":"default_layout","colormag_page_sidebar_layout":"default_layout","footnotes":""},"categories":[15],"tags":[],"class_list":["post-87738","post","type-post","status-publish","format-standard","has-post-thumbnail","hentry","category-posgrados"],"acf":[],"_links":{"self":[{"href":"https:\/\/vocesparalelas.com.ar\/sitio\/wp-json\/wp\/v2\/posts\/87738","targetHints":{"allow":["GET"]}}],"collection":[{"href":"https:\/\/vocesparalelas.com.ar\/sitio\/wp-json\/wp\/v2\/posts"}],"about":[{"href":"https:\/\/vocesparalelas.com.ar\/sitio\/wp-json\/wp\/v2\/types\/post"}],"author":[{"embeddable":true,"href":"https:\/\/vocesparalelas.com.ar\/sitio\/wp-json\/wp\/v2\/users\/3"}],"replies":[{"embeddable":true,"href":"https:\/\/vocesparalelas.com.ar\/sitio\/wp-json\/wp\/v2\/comments?post=87738"}],"version-history":[{"count":1,"href":"https:\/\/vocesparalelas.com.ar\/sitio\/wp-json\/wp\/v2\/posts\/87738\/revisions"}],"predecessor-version":[{"id":87741,"href":"https:\/\/vocesparalelas.com.ar\/sitio\/wp-json\/wp\/v2\/posts\/87738\/revisions\/87741"}],"wp:featuredmedia":[{"embeddable":true,"href":"https:\/\/vocesparalelas.com.ar\/sitio\/wp-json\/wp\/v2\/media\/58197"}],"wp:attachment":[{"href":"https:\/\/vocesparalelas.com.ar\/sitio\/wp-json\/wp\/v2\/media?parent=87738"}],"wp:term":[{"taxonomy":"category","embeddable":true,"href":"https:\/\/vocesparalelas.com.ar\/sitio\/wp-json\/wp\/v2\/categories?post=87738"},{"taxonomy":"post_tag","embeddable":true,"href":"https:\/\/vocesparalelas.com.ar\/sitio\/wp-json\/wp\/v2\/tags?post=87738"}],"curies":[{"name":"wp","href":"https:\/\/api.w.org\/{rel}","templated":true}]}}