{"id":87734,"date":"2025-06-18T21:49:13","date_gmt":"2025-06-19T00:49:13","guid":{"rendered":"https:\/\/vocesparalelas.com.ar\/sitio\/?p=87734"},"modified":"2025-06-19T23:10:38","modified_gmt":"2025-06-20T02:10:38","slug":"disfruta-san-juan-canta-concurso-y-festival-internacional-de-coros","status":"publish","type":"post","link":"https:\/\/vocesparalelas.com.ar\/sitio\/disfruta-san-juan-canta-concurso-y-festival-internacional-de-coros\/","title":{"rendered":"Disfruta \u00abSan Juan Canta\u00bb Concurso y Festival Internacional de Coros"},"content":{"rendered":"<p>San Juan, reconocida como uno de los grandes polos corales de la Argentina, se prepara para recibir una nueva edici\u00f3n de\u00a0San Juan Canta \u2013 Concurso y Festival Internacional de Coros, un evento que se consolida como referente art\u00edstico y cultural de alcance internacional.<\/p>\n<p>Del 19 al 23 de Junio de 2025, m\u00e1s de 400 coreutas de doce coros\u00a0provenientes de\u00a0Argentina, Brasil, Chile, Uruguay y Estados Unidos\u00a0se dar\u00e1n cita en San Juan para compartir su arte, intercambiar experiencias y celebrar la diversidad cultural a trav\u00e9s de la m\u00fasica coral.<\/p>\n<p>Organizado cada dos a\u00f1os por el\u00a0Coro Arturo Beruti\u00a0Asociaci\u00f3n Civil, bajo la direcci\u00f3n de su fundadora y presidenta del Comit\u00e9 Art\u00edstico, la Prof. Mar\u00eda Elina Mayorga, el festival cuenta con el respaldo del Gobierno de la Provincia de San Juan, a trav\u00e9s del Ministerio de Turismo, Cultura y Deportes, mediante la Ley de Mecenazgo. Adem\u00e1s, cuenta con el auspicio de la Red Coral Argentina, el Goethe-Institut de Alemania y The Coral Festival Network.<\/p>\n<p>La competencia es evaluada por un jurado internacional de reconocido prestigio, presidido por el Dr. T. J. Harper (EE.UU.) e integrado por la Dra. Pearl Shangkuan (EE.UU.), el Dr. Tristan Meister (Alemania), el Maestro Ricardo Portillo (Argentina) y la Dra. Mar\u00eda Emma Meligopoulou (Grecia). Habr\u00e1 dos categor\u00edas en competencia: Repertorio Coral Universal y M\u00fasica Coral Popular (folklore, jazz, pop, show-choir, gospel y otros estilos).<\/p>\n<p>Los conciertos principales se realizar\u00e1n en el Auditorio Juan Victoria, los d\u00edas 21 y 22 de junio a las 20.00, con una destacada variedad de obras y estilos. El lunes 23 ser\u00e1 el Gran Concierto de Coros Ganadores y la Gala de Clausura, en la que todos los coros participantes se unir\u00e1n en un inolvidable concierto final.<\/p>\n<p>Adem\u00e1s, se desarrollan conciertos en distintos puntos de la ciudad y departamentos, junto a actividades de formaci\u00f3n y espacios de encuentro entre los participantes, fortaleciendo el esp\u00edritu de camarader\u00eda y colaboraci\u00f3n internacional.<\/p>\n<p><span style=\"color: #ff6600;\"><strong>Cronograma<\/strong><\/span><\/p>\n<p><span style=\"color: #ff6600;\"><strong>Jueves 19 de Junio a las 17:00 &#8211; San Juan Canta en las Escuelas<\/strong><\/span><\/p>\n<ul>\n<li>Escuela de Comercio Lib. Gral. San Mart\u00edn, Capital.<\/li>\n<li>Colegio Sant\u00edsimo Sacramento, Rivadavia.<\/li>\n<li>Escuela Cacique Angaco, Angaco.<\/li>\n<li>Escuela Augusto Pulenta, San Mart\u00edn.<\/li>\n<li>Escuela Juan Mantovani, Albard\u00f3n.<\/li>\n<\/ul>\n<p><span style=\"color: #ff6600;\"><strong>Ma\u00f1anas Corales en la Casa Natal de Sarmiento<\/strong><\/span><\/p>\n<p><span style=\"color: #ff6600;\"><strong>Coros de Argentina, Brasil, Chile y Estados Unidos<\/strong><\/span><\/p>\n<ul>\n<li>Viernes, 20 de Junio, de 11:30 a 13:10 hs.<\/li>\n<li>S\u00e1bado, 21 de Junio, de 11 a 12:40<\/li>\n<li>Domingo, 22 de Junio, de 11 a 13:10<\/li>\n<\/ul>\n<p>Entrada Libre y gratuita<\/p>\n<p><span style=\"color: #ff6600;\"><strong>De Coros para Coros<\/strong><\/span><\/p>\n<ul>\n<li>Nuestra m\u00fasica, nuestra identidad<\/li>\n<\/ul>\n<p>Viernes 20 de Junio, 18 hs.<\/p>\n<ul>\n<li>Centro Cultural Jos\u00e9 Amadeo Conte Grand &#8211; San Luis 701 oeste<\/li>\n<\/ul>\n<p><span style=\"color: #ff6600;\"><strong>Conciertos en el Auditorio Ing. Juan Victoria<\/strong><\/span><\/p>\n<p>S\u00e1bado. 21 y Domingo 22 de Junio, a las 20 hs.<\/p>\n<ul>\n<li>Conciertos del Festival<\/li>\n<li>Concurso Categor\u00eda Repertorio Coral Universal<\/li>\n<li>Concurso Categor\u00eda M\u00fasica Coral Popular y Folkl\u00f3rica<\/li>\n<li>Entradas disponibles en la Boleter\u00eda del Auditorio Ing. Juan Victoria<\/li>\n<\/ul>\n<p><span style=\"color: #ff6600;\"><strong>Actividades de estudio y perfeccionamiento<\/strong><\/span><\/p>\n<p><strong><span style=\"color: #ff6600;\">Viernes, 20 de Junio, de 9:00 a 12:30 hs.<\/span><\/strong><\/p>\n<ul>\n<li>Auditorio del MPBAFR<\/li>\n<li>\u201cM\u00fasica coral griega\u201d Historia y praxis<\/li>\n<li>Dra. Maria E. Meligopoulou (Grecia)<\/li>\n<\/ul>\n<p><strong><span style=\"color: #ff6600;\">Mesa redonda<\/span><\/strong><\/p>\n<ul>\n<li>\u201cAdentr\u00e1ndose en la mente de un director coral\u201d<\/li>\n<li>Dra. Pearl Shangkuan (USA), Dr. T. J. Harper (USA)<\/li>\n<li>Dr. Paul Head (USA), M\u00b0 Ricardo Portillo (Argentina)<\/li>\n<li>\u201cEco y senda\u201d<\/li>\n<\/ul>\n<p>Tradici\u00f3n e innovaci\u00f3n en la nueva m\u00fasica coral argentina<\/p>\n<ul>\n<li>M\u00b0 Juan Stafforini (Argentina)<\/li>\n<\/ul>\n<p><strong><span style=\"color: #ff6600;\">Inscripciones<\/span><\/strong><\/p>\n<p><a href=\"https:\/\/sanjuancanta.com.ar\/inscripciones\/talleres\/\">https:\/\/sanjuancanta.com.ar\/inscripciones\/talleres\/<\/a><\/p>\n<p><span style=\"color: #ff6600;\"><strong>Gran Jornada de Clausura San Juan Canta<\/strong><\/span><\/p>\n<p>Lunes, 23 de Junio<\/p>\n<ul>\n<li>10:30: Teatro Sarmiento &#8211; Anuncio de los coros ganadores<\/li>\n<li>20:00: Auditorio Juan Victoria:<\/li>\n<\/ul>\n<p><strong><span style=\"color: #ff6600;\">Entradas en la Boleter\u00eda del Auditorio Ing. Juan Victoria<\/span><\/strong><\/p>\n<ul>\n<li>Entrega de premios<\/li>\n<li>Concierto de los coros ganadores<\/li>\n<li>Concierto de Gala final a cargo de todos los coros<\/li>\n<li>Participantes. Directores invitados: Tristan Meister (Alemania) y T. J. Harper (USA)<\/li>\n<\/ul>\n<p><img loading=\"lazy\" decoding=\"async\" class=\"alignnone size-full wp-image-38734\" src=\"https:\/\/vocesparalelas.com.ar\/sitio\/wp-content\/uploads\/2021\/06\/CORO-CANTA-SAN-JUAN.jpg\" alt=\"\" width=\"800\" height=\"450\" srcset=\"https:\/\/vocesparalelas.com.ar\/sitio\/wp-content\/uploads\/2021\/06\/CORO-CANTA-SAN-JUAN.jpg 800w, https:\/\/vocesparalelas.com.ar\/sitio\/wp-content\/uploads\/2021\/06\/CORO-CANTA-SAN-JUAN-300x169.jpg 300w, https:\/\/vocesparalelas.com.ar\/sitio\/wp-content\/uploads\/2021\/06\/CORO-CANTA-SAN-JUAN-768x432.jpg 768w\" sizes=\"auto, (max-width: 800px) 100vw, 800px\" \/><\/p>\n","protected":false},"excerpt":{"rendered":"<p>San Juan, reconocida como uno de los grandes polos corales de la Argentina, se prepara para recibir una nueva edici\u00f3n<\/p>\n","protected":false},"author":3,"featured_media":5802,"comment_status":"closed","ping_status":"closed","sticky":false,"template":"","format":"standard","meta":{"_acf_changed":false,"_seopress_robots_primary_cat":"none","_seopress_titles_title":"","_seopress_titles_desc":"","_seopress_robots_index":"","colormag_page_container_layout":"default_layout","colormag_page_sidebar_layout":"default_layout","footnotes":""},"categories":[20],"tags":[],"class_list":["post-87734","post","type-post","status-publish","format-standard","has-post-thumbnail","hentry","category-cartelera"],"acf":[],"_links":{"self":[{"href":"https:\/\/vocesparalelas.com.ar\/sitio\/wp-json\/wp\/v2\/posts\/87734","targetHints":{"allow":["GET"]}}],"collection":[{"href":"https:\/\/vocesparalelas.com.ar\/sitio\/wp-json\/wp\/v2\/posts"}],"about":[{"href":"https:\/\/vocesparalelas.com.ar\/sitio\/wp-json\/wp\/v2\/types\/post"}],"author":[{"embeddable":true,"href":"https:\/\/vocesparalelas.com.ar\/sitio\/wp-json\/wp\/v2\/users\/3"}],"replies":[{"embeddable":true,"href":"https:\/\/vocesparalelas.com.ar\/sitio\/wp-json\/wp\/v2\/comments?post=87734"}],"version-history":[{"count":1,"href":"https:\/\/vocesparalelas.com.ar\/sitio\/wp-json\/wp\/v2\/posts\/87734\/revisions"}],"predecessor-version":[{"id":87737,"href":"https:\/\/vocesparalelas.com.ar\/sitio\/wp-json\/wp\/v2\/posts\/87734\/revisions\/87737"}],"wp:featuredmedia":[{"embeddable":true,"href":"https:\/\/vocesparalelas.com.ar\/sitio\/wp-json\/wp\/v2\/media\/5802"}],"wp:attachment":[{"href":"https:\/\/vocesparalelas.com.ar\/sitio\/wp-json\/wp\/v2\/media?parent=87734"}],"wp:term":[{"taxonomy":"category","embeddable":true,"href":"https:\/\/vocesparalelas.com.ar\/sitio\/wp-json\/wp\/v2\/categories?post=87734"},{"taxonomy":"post_tag","embeddable":true,"href":"https:\/\/vocesparalelas.com.ar\/sitio\/wp-json\/wp\/v2\/tags?post=87734"}],"curies":[{"name":"wp","href":"https:\/\/api.w.org\/{rel}","templated":true}]}}