{"id":87681,"date":"2025-06-17T22:35:03","date_gmt":"2025-06-18T01:35:03","guid":{"rendered":"https:\/\/vocesparalelas.com.ar\/sitio\/?p=87681"},"modified":"2025-06-18T23:03:26","modified_gmt":"2025-06-19T02:03:26","slug":"campana-solidaria-juntos-somos-utiles-en-san-juan","status":"publish","type":"post","link":"https:\/\/vocesparalelas.com.ar\/sitio\/campana-solidaria-juntos-somos-utiles-en-san-juan\/","title":{"rendered":"Campa\u00f1a solidaria \u201cJuntos somos \u00fatiles\u201d en San Juan"},"content":{"rendered":"<p>El Auditorio Emar Acosta de la Legislatura de San Juan fue el escenario donde se present\u00f3 la edici\u00f3n de la Campa\u00f1a Solidaria \u201cJuntos somos \u00fatiles\u201d, con la presencia del vicegobernador, Dr. Fabi\u00e1n Mart\u00edn.<\/p>\n<p>La iniciativa es impulsada por el Rotary Club San Juan, con el acompa\u00f1amiento institucional de la C\u00e1mara de Diputados de San Juan.<\/p>\n<p>Durante el desarrollo del evento, el vicegobernador comparti\u00f3 unas palabras destacando el valor de la vocaci\u00f3n de servicio que caracteriza a los rotarios, as\u00ed como la importancia de promover espacios donde se reflexione sobre la inteligencia emocional. \u201cVivimos tiempos acelerados, donde muchas veces cuesta manejar las emociones. Por eso estas charlas son necesarias, porque nos ayudan a prepararnos, contenernos y mirar la vida de forma m\u00e1s positiva\u201d.<\/p>\n<p>En esta edici\u00f3n, la campa\u00f1a propuso a cada participante del taller asistir con un \u00fatil escolar nuevo, que luego ser\u00e1 donado a ni\u00f1as y ni\u00f1os en situaci\u00f3n de vulnerabilidad. Esta acci\u00f3n solidaria refleja el compromiso de Rotary con una educaci\u00f3n m\u00e1s justa e inclusiva, haciendo que un gesto simple como donar un l\u00e1piz o un cuaderno se transforme en una herramienta de cambio.<\/p>\n<p>Desde la organizaci\u00f3n se destac\u00f3 que la convocatoria super\u00f3 ampliamente las expectativas de inscripci\u00f3n. La jornada reuni\u00f3 a referentes rotarios, j\u00f3venes de intercambio cultural y miembros de la comunidad interesados en fortalecer los v\u00ednculos sociales desde la empat\u00eda, la educaci\u00f3n y la acci\u00f3n solidaria.<\/p>\n<p>Las donaciones deben ser entregadas en el Anexo de la C\u00e1mara de Diputados de San Juan.<\/p>\n<figure id=\"attachment_37951\" aria-describedby=\"caption-attachment-37951\" style=\"width: 800px\" class=\"wp-caption alignnone\"><img loading=\"lazy\" decoding=\"async\" class=\"size-full wp-image-37951\" src=\"https:\/\/vocesparalelas.com.ar\/sitio\/wp-content\/uploads\/2021\/05\/CAMARA-EDIFICIO.jpg\" alt=\"\" width=\"800\" height=\"515\" srcset=\"https:\/\/vocesparalelas.com.ar\/sitio\/wp-content\/uploads\/2021\/05\/CAMARA-EDIFICIO.jpg 800w, https:\/\/vocesparalelas.com.ar\/sitio\/wp-content\/uploads\/2021\/05\/CAMARA-EDIFICIO-300x193.jpg 300w, https:\/\/vocesparalelas.com.ar\/sitio\/wp-content\/uploads\/2021\/05\/CAMARA-EDIFICIO-768x494.jpg 768w\" sizes=\"auto, (max-width: 800px) 100vw, 800px\" \/><figcaption id=\"caption-attachment-37951\" class=\"wp-caption-text\">Legislatura Provincial de San Juan, Rep\u00fablica Argentina<\/figcaption><\/figure>\n","protected":false},"excerpt":{"rendered":"<p>El Auditorio Emar Acosta de la Legislatura de San Juan fue el escenario donde se present\u00f3 la edici\u00f3n de la<\/p>\n","protected":false},"author":3,"featured_media":87684,"comment_status":"closed","ping_status":"closed","sticky":false,"template":"","format":"standard","meta":{"_acf_changed":false,"_seopress_robots_primary_cat":"none","_seopress_titles_title":"","_seopress_titles_desc":"","_seopress_robots_index":"","colormag_page_container_layout":"default_layout","colormag_page_sidebar_layout":"default_layout","footnotes":""},"categories":[2],"tags":[],"class_list":["post-87681","post","type-post","status-publish","format-standard","has-post-thumbnail","hentry","category-convocatorias"],"acf":[],"_links":{"self":[{"href":"https:\/\/vocesparalelas.com.ar\/sitio\/wp-json\/wp\/v2\/posts\/87681","targetHints":{"allow":["GET"]}}],"collection":[{"href":"https:\/\/vocesparalelas.com.ar\/sitio\/wp-json\/wp\/v2\/posts"}],"about":[{"href":"https:\/\/vocesparalelas.com.ar\/sitio\/wp-json\/wp\/v2\/types\/post"}],"author":[{"embeddable":true,"href":"https:\/\/vocesparalelas.com.ar\/sitio\/wp-json\/wp\/v2\/users\/3"}],"replies":[{"embeddable":true,"href":"https:\/\/vocesparalelas.com.ar\/sitio\/wp-json\/wp\/v2\/comments?post=87681"}],"version-history":[{"count":3,"href":"https:\/\/vocesparalelas.com.ar\/sitio\/wp-json\/wp\/v2\/posts\/87681\/revisions"}],"predecessor-version":[{"id":87687,"href":"https:\/\/vocesparalelas.com.ar\/sitio\/wp-json\/wp\/v2\/posts\/87681\/revisions\/87687"}],"wp:featuredmedia":[{"embeddable":true,"href":"https:\/\/vocesparalelas.com.ar\/sitio\/wp-json\/wp\/v2\/media\/87684"}],"wp:attachment":[{"href":"https:\/\/vocesparalelas.com.ar\/sitio\/wp-json\/wp\/v2\/media?parent=87681"}],"wp:term":[{"taxonomy":"category","embeddable":true,"href":"https:\/\/vocesparalelas.com.ar\/sitio\/wp-json\/wp\/v2\/categories?post=87681"},{"taxonomy":"post_tag","embeddable":true,"href":"https:\/\/vocesparalelas.com.ar\/sitio\/wp-json\/wp\/v2\/tags?post=87681"}],"curies":[{"name":"wp","href":"https:\/\/api.w.org\/{rel}","templated":true}]}}