{"id":87677,"date":"2025-06-17T21:40:31","date_gmt":"2025-06-18T00:40:31","guid":{"rendered":"https:\/\/vocesparalelas.com.ar\/sitio\/?p=87677"},"modified":"2025-06-18T23:05:40","modified_gmt":"2025-06-19T02:05:40","slug":"retencion-de-servicios-por-24-hs-el-lunes-23-de-junio-de-uta-san-juan","status":"publish","type":"post","link":"https:\/\/vocesparalelas.com.ar\/sitio\/retencion-de-servicios-por-24-hs-el-lunes-23-de-junio-de-uta-san-juan\/","title":{"rendered":"Retenci\u00f3n de Servicios por 24 Hs.; el Lunes, 23 de Junio, de UTA San Juan"},"content":{"rendered":"<p>Se comunica a todas y todos los compa\u00f1eros de corta y media distancia, usuarios y poblaci\u00f3n en general que, atento que en d\u00eda de la fecha, 17 de Junio de 2025, las empresas deb\u00edan abonar la diferencia salarial firmada el 29 de mayo del corriente, acuerdo firmado por los representantes de ATAP.<\/p>\n<p>Pago que las empresas se han negado a realizar argumentando una vez m\u00e1s la falta de m\u00e1s fondos por parte del gobierno de la provincia, situaci\u00f3n que nada tienen que ver los trabajadores, esto se suma al incumplimiento del acuerdo donde las empresas descontaron el d\u00eda y presentismo, esta claro en dicho acuerdo que no pod\u00edan realizar ning\u00fan descuento con respecto a la medida de fuerza que se llevo a cabo a nivel nacional.<\/p>\n<p>Atento a un nuevo atropello y falta de cumplimiento a lo firmado es que, COMUNICAMOS que ma\u00f1ana se realizar\u00e1 la presentaci\u00f3n ante Subsecretar\u00eda de Trabajo, de esta nueva violaci\u00f3n del acuerdo salarial, y que de persistir en su negativa de pago, SE LLEVARA A CABO UNA RETENCION DE SERVICIOS POR 24 HORAS, a partir de las 00 horas del d\u00eda lunes 23 de junio del corriente.<\/p>\n<p>Queremos dejar en claro que una vez m\u00e1s no RESPETAN LO QUE FIRMARON, y que una vez m\u00e1s el sector empresario es el que altera la paz social y nos empuja a tomar medidas que sin duda perjudicaran al p\u00fablico usuario.<\/p>\n<p>&nbsp;<\/p>\n<p style=\"text-align: right;\">JUNTA EJECUTIVA U.T.A. SEC. SAN JUAN<\/p>\n<p style=\"text-align: right;\">MARCELO MALDONADO SEC. GERNERAL<\/p>\n<p>&nbsp;<\/p>\n<p><img loading=\"lazy\" decoding=\"async\" class=\"alignnone size-full wp-image-69356\" src=\"https:\/\/vocesparalelas.com.ar\/sitio\/wp-content\/uploads\/2024\/02\/UTA-SAN-JUAN.jpg\" alt=\"\" width=\"800\" height=\"450\" srcset=\"https:\/\/vocesparalelas.com.ar\/sitio\/wp-content\/uploads\/2024\/02\/UTA-SAN-JUAN.jpg 800w, https:\/\/vocesparalelas.com.ar\/sitio\/wp-content\/uploads\/2024\/02\/UTA-SAN-JUAN-300x169.jpg 300w, https:\/\/vocesparalelas.com.ar\/sitio\/wp-content\/uploads\/2024\/02\/UTA-SAN-JUAN-768x432.jpg 768w\" sizes=\"auto, (max-width: 800px) 100vw, 800px\" \/><\/p>\n","protected":false},"excerpt":{"rendered":"<p>Se comunica a todas y todos los compa\u00f1eros de corta y media distancia, usuarios y poblaci\u00f3n en general que, atento<\/p>\n","protected":false},"author":3,"featured_media":48168,"comment_status":"closed","ping_status":"closed","sticky":false,"template":"","format":"standard","meta":{"_acf_changed":false,"_seopress_robots_primary_cat":"none","_seopress_titles_title":"","_seopress_titles_desc":"","_seopress_robots_index":"","colormag_page_container_layout":"default_layout","colormag_page_sidebar_layout":"default_layout","footnotes":""},"categories":[6],"tags":[],"class_list":["post-87677","post","type-post","status-publish","format-standard","has-post-thumbnail","hentry","category-eventos"],"acf":[],"_links":{"self":[{"href":"https:\/\/vocesparalelas.com.ar\/sitio\/wp-json\/wp\/v2\/posts\/87677","targetHints":{"allow":["GET"]}}],"collection":[{"href":"https:\/\/vocesparalelas.com.ar\/sitio\/wp-json\/wp\/v2\/posts"}],"about":[{"href":"https:\/\/vocesparalelas.com.ar\/sitio\/wp-json\/wp\/v2\/types\/post"}],"author":[{"embeddable":true,"href":"https:\/\/vocesparalelas.com.ar\/sitio\/wp-json\/wp\/v2\/users\/3"}],"replies":[{"embeddable":true,"href":"https:\/\/vocesparalelas.com.ar\/sitio\/wp-json\/wp\/v2\/comments?post=87677"}],"version-history":[{"count":1,"href":"https:\/\/vocesparalelas.com.ar\/sitio\/wp-json\/wp\/v2\/posts\/87677\/revisions"}],"predecessor-version":[{"id":87680,"href":"https:\/\/vocesparalelas.com.ar\/sitio\/wp-json\/wp\/v2\/posts\/87677\/revisions\/87680"}],"wp:featuredmedia":[{"embeddable":true,"href":"https:\/\/vocesparalelas.com.ar\/sitio\/wp-json\/wp\/v2\/media\/48168"}],"wp:attachment":[{"href":"https:\/\/vocesparalelas.com.ar\/sitio\/wp-json\/wp\/v2\/media?parent=87677"}],"wp:term":[{"taxonomy":"category","embeddable":true,"href":"https:\/\/vocesparalelas.com.ar\/sitio\/wp-json\/wp\/v2\/categories?post=87677"},{"taxonomy":"post_tag","embeddable":true,"href":"https:\/\/vocesparalelas.com.ar\/sitio\/wp-json\/wp\/v2\/tags?post=87677"}],"curies":[{"name":"wp","href":"https:\/\/api.w.org\/{rel}","templated":true}]}}