{"id":87669,"date":"2025-06-17T21:03:45","date_gmt":"2025-06-18T00:03:45","guid":{"rendered":"https:\/\/vocesparalelas.com.ar\/sitio\/?p=87669"},"modified":"2025-06-18T22:46:55","modified_gmt":"2025-06-19T01:46:55","slug":"concierto-homenaje-150-aniversario-del-nacimiento-de-maurice-ravel-en-el-auditorio-ing-juan-victoria-de-san-juan","status":"publish","type":"post","link":"https:\/\/vocesparalelas.com.ar\/sitio\/concierto-homenaje-150-aniversario-del-nacimiento-de-maurice-ravel-en-el-auditorio-ing-juan-victoria-de-san-juan\/","title":{"rendered":"Concierto Homenaje \u00ab150 aniversario del nacimiento de Maurice Ravel\u00bb en el Auditorio Ing. Juan Victoria de San Juan"},"content":{"rendered":"<p>El Jueves, 19 de Junio, a las 21:30 hs, en el Auditorio Ing. Juan Victoria, la Orquesta Sinf\u00f3nica de la UNSJ presenta un concierto homenaje al 150 aniversario del nacimiento de Maurice Ravel, con entrada gratuita el espect\u00e1culo ser\u00e1 dirigido por el maestro Ezequiel Silberstein.<\/p>\n<figure id=\"attachment_87672\" aria-describedby=\"caption-attachment-87672\" style=\"width: 800px\" class=\"wp-caption alignnone\"><img loading=\"lazy\" decoding=\"async\" class=\"size-full wp-image-87672\" src=\"https:\/\/vocesparalelas.com.ar\/sitio\/wp-content\/uploads\/2025\/06\/MAURICIO-RAVEL.png\" alt=\"\" width=\"800\" height=\"462\" srcset=\"https:\/\/vocesparalelas.com.ar\/sitio\/wp-content\/uploads\/2025\/06\/MAURICIO-RAVEL.png 800w, https:\/\/vocesparalelas.com.ar\/sitio\/wp-content\/uploads\/2025\/06\/MAURICIO-RAVEL-300x173.png 300w, https:\/\/vocesparalelas.com.ar\/sitio\/wp-content\/uploads\/2025\/06\/MAURICIO-RAVEL-768x444.png 768w\" sizes=\"auto, (max-width: 800px) 100vw, 800px\" \/><figcaption id=\"caption-attachment-87672\" class=\"wp-caption-text\">Maurice Ravel<\/figcaption><\/figure>\n<p>Maurice Ravel criado en Francia, de padre suizo y madre vasca, absorbi\u00f3 mucho de una \u00e9poca llena de conflictos, participando de la Primera Guerra Mundial, como conductor de ambulancia para el frente occidental.<\/p>\n<p>Cultiv\u00f3 sus piezas desde la perspectiva de lo ex\u00f3tico y variado, desafiando a los observatorios ultraortodoxos y regalando piezas como el \u201cBol\u00e9ro\u201d, que es la interpretaci\u00f3n de un din\u00e1mico baile tres-cuartos. Dej\u00f3 un legado muy importante para el mundo musical siendo\u00a0<a href=\"https:\/\/www.worldhistory.org\/trans\/es\/1-22705\/maurice-ravel\/\">descripto como complejo, a la vez que sofisticado y preciso.<\/a><\/p>\n<p>&nbsp;<\/p>\n<figure id=\"attachment_61468\" aria-describedby=\"caption-attachment-61468\" style=\"width: 800px\" class=\"wp-caption alignnone\"><img loading=\"lazy\" decoding=\"async\" class=\"size-full wp-image-61468\" src=\"https:\/\/vocesparalelas.com.ar\/sitio\/wp-content\/uploads\/2023\/07\/AUDITORIO-EDIFICIO.jpg\" alt=\"\" width=\"800\" height=\"533\" srcset=\"https:\/\/vocesparalelas.com.ar\/sitio\/wp-content\/uploads\/2023\/07\/AUDITORIO-EDIFICIO.jpg 800w, https:\/\/vocesparalelas.com.ar\/sitio\/wp-content\/uploads\/2023\/07\/AUDITORIO-EDIFICIO-300x200.jpg 300w, https:\/\/vocesparalelas.com.ar\/sitio\/wp-content\/uploads\/2023\/07\/AUDITORIO-EDIFICIO-768x512.jpg 768w\" sizes=\"auto, (max-width: 800px) 100vw, 800px\" \/><figcaption id=\"caption-attachment-61468\" class=\"wp-caption-text\">Auditorio Ing. Juan Victoria, Departamento Capital, Provincia San Juan, Rep\u00fablica Argentita<\/figcaption><\/figure>\n","protected":false},"excerpt":{"rendered":"<p>El Jueves, 19 de Junio, a las 21:30 hs, en el Auditorio Ing. Juan Victoria, la Orquesta Sinf\u00f3nica de la<\/p>\n","protected":false},"author":3,"featured_media":59915,"comment_status":"closed","ping_status":"closed","sticky":false,"template":"","format":"standard","meta":{"_acf_changed":false,"_seopress_robots_primary_cat":"none","_seopress_titles_title":"","_seopress_titles_desc":"","_seopress_robots_index":"","colormag_page_container_layout":"default_layout","colormag_page_sidebar_layout":"default_layout","footnotes":""},"categories":[20],"tags":[],"class_list":["post-87669","post","type-post","status-publish","format-standard","has-post-thumbnail","hentry","category-cartelera"],"acf":[],"_links":{"self":[{"href":"https:\/\/vocesparalelas.com.ar\/sitio\/wp-json\/wp\/v2\/posts\/87669","targetHints":{"allow":["GET"]}}],"collection":[{"href":"https:\/\/vocesparalelas.com.ar\/sitio\/wp-json\/wp\/v2\/posts"}],"about":[{"href":"https:\/\/vocesparalelas.com.ar\/sitio\/wp-json\/wp\/v2\/types\/post"}],"author":[{"embeddable":true,"href":"https:\/\/vocesparalelas.com.ar\/sitio\/wp-json\/wp\/v2\/users\/3"}],"replies":[{"embeddable":true,"href":"https:\/\/vocesparalelas.com.ar\/sitio\/wp-json\/wp\/v2\/comments?post=87669"}],"version-history":[{"count":1,"href":"https:\/\/vocesparalelas.com.ar\/sitio\/wp-json\/wp\/v2\/posts\/87669\/revisions"}],"predecessor-version":[{"id":87673,"href":"https:\/\/vocesparalelas.com.ar\/sitio\/wp-json\/wp\/v2\/posts\/87669\/revisions\/87673"}],"wp:featuredmedia":[{"embeddable":true,"href":"https:\/\/vocesparalelas.com.ar\/sitio\/wp-json\/wp\/v2\/media\/59915"}],"wp:attachment":[{"href":"https:\/\/vocesparalelas.com.ar\/sitio\/wp-json\/wp\/v2\/media?parent=87669"}],"wp:term":[{"taxonomy":"category","embeddable":true,"href":"https:\/\/vocesparalelas.com.ar\/sitio\/wp-json\/wp\/v2\/categories?post=87669"},{"taxonomy":"post_tag","embeddable":true,"href":"https:\/\/vocesparalelas.com.ar\/sitio\/wp-json\/wp\/v2\/tags?post=87669"}],"curies":[{"name":"wp","href":"https:\/\/api.w.org\/{rel}","templated":true}]}}