{"id":87665,"date":"2025-06-17T20:50:54","date_gmt":"2025-06-17T23:50:54","guid":{"rendered":"https:\/\/vocesparalelas.com.ar\/sitio\/?p=87665"},"modified":"2025-06-18T23:02:06","modified_gmt":"2025-06-19T02:02:06","slug":"coro-preuniveristario-en-tertulia-en-el-auditorio-ing-juan-victoria-de-san-juan","status":"publish","type":"post","link":"https:\/\/vocesparalelas.com.ar\/sitio\/coro-preuniveristario-en-tertulia-en-el-auditorio-ing-juan-victoria-de-san-juan\/","title":{"rendered":"Coro Preuniveristario en \u201cTertulia\u201d en el Auditorio Ing. Juan Victoria de San Juan"},"content":{"rendered":"<p>El Mi\u00e9rcoles, 18 de Junio, a las 21 hs, en el Auditorio Ing. Juan Victoria, el Centro de Creaci\u00f3n Art\u00edstica Coral de la Universidad Nacional de San Juan presenta el Coro Preuniveristario en \u201cTertulia\u201d.<\/p>\n<p>La entrada es gratuita que re\u00fane la expresi\u00f3n, la conexi\u00f3n y el arte de j\u00f3venes, por la m\u00fasica donde integran momentos de dibujo, pintura y poes\u00eda de la mano de los coreutas.<\/p>\n<p>De ra\u00edces desconocidas, aunque principalmente asociadas al orador y polemista Tertuliano, una tertulia es el encuentro habitual de personas para conversar sobre alg\u00fan tema.<\/p>\n<p>Entonces, esta obra resulta en una muestra del trabajo constante realizado por el coro, durante la primera mitad del a\u00f1o 2025.<\/p>\n<figure id=\"attachment_61468\" aria-describedby=\"caption-attachment-61468\" style=\"width: 800px\" class=\"wp-caption alignnone\"><img loading=\"lazy\" decoding=\"async\" class=\"size-full wp-image-61468\" src=\"https:\/\/vocesparalelas.com.ar\/sitio\/wp-content\/uploads\/2023\/07\/AUDITORIO-EDIFICIO.jpg\" alt=\"\" width=\"800\" height=\"533\" srcset=\"https:\/\/vocesparalelas.com.ar\/sitio\/wp-content\/uploads\/2023\/07\/AUDITORIO-EDIFICIO.jpg 800w, https:\/\/vocesparalelas.com.ar\/sitio\/wp-content\/uploads\/2023\/07\/AUDITORIO-EDIFICIO-300x200.jpg 300w, https:\/\/vocesparalelas.com.ar\/sitio\/wp-content\/uploads\/2023\/07\/AUDITORIO-EDIFICIO-768x512.jpg 768w\" sizes=\"auto, (max-width: 800px) 100vw, 800px\" \/><figcaption id=\"caption-attachment-61468\" class=\"wp-caption-text\">Auditorio Ing. Juan Victoria, Departamento Capital, Provincia San Juan, Rep\u00fablica Argentita<\/figcaption><\/figure>\n","protected":false},"excerpt":{"rendered":"<p>El Mi\u00e9rcoles, 18 de Junio, a las 21 hs, en el Auditorio Ing. Juan Victoria, el Centro de Creaci\u00f3n Art\u00edstica<\/p>\n","protected":false},"author":3,"featured_media":76577,"comment_status":"closed","ping_status":"closed","sticky":false,"template":"","format":"standard","meta":{"_acf_changed":false,"_seopress_robots_primary_cat":"none","_seopress_titles_title":"","_seopress_titles_desc":"","_seopress_robots_index":"","colormag_page_container_layout":"default_layout","colormag_page_sidebar_layout":"default_layout","footnotes":""},"categories":[20],"tags":[],"class_list":["post-87665","post","type-post","status-publish","format-standard","has-post-thumbnail","hentry","category-cartelera"],"acf":[],"_links":{"self":[{"href":"https:\/\/vocesparalelas.com.ar\/sitio\/wp-json\/wp\/v2\/posts\/87665","targetHints":{"allow":["GET"]}}],"collection":[{"href":"https:\/\/vocesparalelas.com.ar\/sitio\/wp-json\/wp\/v2\/posts"}],"about":[{"href":"https:\/\/vocesparalelas.com.ar\/sitio\/wp-json\/wp\/v2\/types\/post"}],"author":[{"embeddable":true,"href":"https:\/\/vocesparalelas.com.ar\/sitio\/wp-json\/wp\/v2\/users\/3"}],"replies":[{"embeddable":true,"href":"https:\/\/vocesparalelas.com.ar\/sitio\/wp-json\/wp\/v2\/comments?post=87665"}],"version-history":[{"count":1,"href":"https:\/\/vocesparalelas.com.ar\/sitio\/wp-json\/wp\/v2\/posts\/87665\/revisions"}],"predecessor-version":[{"id":87668,"href":"https:\/\/vocesparalelas.com.ar\/sitio\/wp-json\/wp\/v2\/posts\/87665\/revisions\/87668"}],"wp:featuredmedia":[{"embeddable":true,"href":"https:\/\/vocesparalelas.com.ar\/sitio\/wp-json\/wp\/v2\/media\/76577"}],"wp:attachment":[{"href":"https:\/\/vocesparalelas.com.ar\/sitio\/wp-json\/wp\/v2\/media?parent=87665"}],"wp:term":[{"taxonomy":"category","embeddable":true,"href":"https:\/\/vocesparalelas.com.ar\/sitio\/wp-json\/wp\/v2\/categories?post=87665"},{"taxonomy":"post_tag","embeddable":true,"href":"https:\/\/vocesparalelas.com.ar\/sitio\/wp-json\/wp\/v2\/tags?post=87665"}],"curies":[{"name":"wp","href":"https:\/\/api.w.org\/{rel}","templated":true}]}}