{"id":87652,"date":"2025-06-17T19:42:03","date_gmt":"2025-06-17T22:42:03","guid":{"rendered":"https:\/\/vocesparalelas.com.ar\/sitio\/?p=87652"},"modified":"2025-06-19T20:25:42","modified_gmt":"2025-06-19T23:25:42","slug":"seminario-de-alfabetizacion-en-argentina","status":"publish","type":"post","link":"https:\/\/vocesparalelas.com.ar\/sitio\/seminario-de-alfabetizacion-en-argentina\/","title":{"rendered":"Seminario de Alfabetizaci\u00f3n en Argentina"},"content":{"rendered":"<p>El Ministerio de Educaci\u00f3n San Juan, a trav\u00e9s de sus representantes, particip\u00f3 del Seminario de Alfabetizaci\u00f3n que organiz\u00f3 la Secretar\u00eda de Educaci\u00f3n del Ministerio de Capital Humano en el marco de la presidencia pro t\u00e9mpore de Argentina en el Mercosur. Adem\u00e1s, en la jornada tambi\u00e9n se llev\u00f3 a cabo un taller con los referentes de alfabetizaci\u00f3n de las distintas jurisdicciones.<\/p>\n<p>Por iniciativa de la ministra de Educaci\u00f3n del Gobierno de San Juan, Lic. Silvia Fuentes defini\u00f3 que la representaci\u00f3n de San Juan en Buenos Aires se conform\u00f3 por la secretaria de Educaci\u00f3n, Lic. Mariela Lueje; la subsecretaria de Planeamiento Educativo, Lic. Liliana Noll\u00e9n; el director de T\u00e9cnica Pedag\u00f3gica, Prof. Sebasti\u00e1n Ledda; y la directora de Planes y Programas, Prof. Paola G\u00fcel.<\/p>\n<p>El Ministerio de Educaci\u00f3n San Juan, a trav\u00e9s de sus representantes, particip\u00f3 del Seminario de Alfabetizaci\u00f3n que organiz\u00f3 la Secretar\u00eda de Educaci\u00f3n del Ministerio de Capital Humano en el marco de la presidencia pro t\u00e9mpore de Argentina en el Mercosur. Adem\u00e1s, en la jornada tambi\u00e9n se llev\u00f3 a cabo un taller con los referentes de alfabetizaci\u00f3n de las distintas jurisdicciones.<\/p>\n<p>En este contexto, la Secretaria de Educaci\u00f3n, Lic. Mariela Lueje puntualiz\u00f3 que \u00abes fundamental que todas las jurisdicciones sigamos reuni\u00e9ndonos para consolidar los avances en alfabetizaci\u00f3n. Compartir nuestras experiencias y en este caso aprender adem\u00e1s de las de otros pa\u00edses nos permite construir estrategias m\u00e1s efectivas y garantizar un futuro mejor para nuestros alumnos\u00bb,<\/p>\n<p>La jornada finaliz\u00f3 con el panel de conclusiones en el que cada especialista, junto a Paula Campos como representante de alfabetizaci\u00f3n de Argentina, expuso sus reflexiones en torno a la pregunta: \u00bfC\u00f3mo pueden los pa\u00edses de la regi\u00f3n construir acuerdos pol\u00edticos duraderos en torno a las pol\u00edticas de alfabetizaci\u00f3n? Esta instancia cont\u00f3 con la presencia de autoridades educativas regionales y provinciales.<\/p>\n<p><img loading=\"lazy\" decoding=\"async\" class=\"alignnone size-full wp-image-28629\" src=\"https:\/\/vocesparalelas.com.ar\/sitio\/wp-content\/uploads\/2020\/05\/MINISTERIO-EDUCACION-SJ.jpg\" alt=\"\" width=\"800\" height=\"533\" srcset=\"https:\/\/vocesparalelas.com.ar\/sitio\/wp-content\/uploads\/2020\/05\/MINISTERIO-EDUCACION-SJ.jpg 800w, https:\/\/vocesparalelas.com.ar\/sitio\/wp-content\/uploads\/2020\/05\/MINISTERIO-EDUCACION-SJ-300x200.jpg 300w, https:\/\/vocesparalelas.com.ar\/sitio\/wp-content\/uploads\/2020\/05\/MINISTERIO-EDUCACION-SJ-768x512.jpg 768w\" sizes=\"auto, (max-width: 800px) 100vw, 800px\" \/><\/p>\n","protected":false},"excerpt":{"rendered":"<p>El Ministerio de Educaci\u00f3n San Juan, a trav\u00e9s de sus representantes, particip\u00f3 del Seminario de Alfabetizaci\u00f3n que organiz\u00f3 la Secretar\u00eda<\/p>\n","protected":false},"author":3,"featured_media":87655,"comment_status":"closed","ping_status":"closed","sticky":false,"template":"","format":"standard","meta":{"_acf_changed":false,"_seopress_robots_primary_cat":"none","_seopress_titles_title":"","_seopress_titles_desc":"","_seopress_robots_index":"","colormag_page_container_layout":"default_layout","colormag_page_sidebar_layout":"default_layout","footnotes":""},"categories":[9],"tags":[],"class_list":["post-87652","post","type-post","status-publish","format-standard","has-post-thumbnail","hentry","category-cursos"],"acf":[],"_links":{"self":[{"href":"https:\/\/vocesparalelas.com.ar\/sitio\/wp-json\/wp\/v2\/posts\/87652","targetHints":{"allow":["GET"]}}],"collection":[{"href":"https:\/\/vocesparalelas.com.ar\/sitio\/wp-json\/wp\/v2\/posts"}],"about":[{"href":"https:\/\/vocesparalelas.com.ar\/sitio\/wp-json\/wp\/v2\/types\/post"}],"author":[{"embeddable":true,"href":"https:\/\/vocesparalelas.com.ar\/sitio\/wp-json\/wp\/v2\/users\/3"}],"replies":[{"embeddable":true,"href":"https:\/\/vocesparalelas.com.ar\/sitio\/wp-json\/wp\/v2\/comments?post=87652"}],"version-history":[{"count":1,"href":"https:\/\/vocesparalelas.com.ar\/sitio\/wp-json\/wp\/v2\/posts\/87652\/revisions"}],"predecessor-version":[{"id":87656,"href":"https:\/\/vocesparalelas.com.ar\/sitio\/wp-json\/wp\/v2\/posts\/87652\/revisions\/87656"}],"wp:featuredmedia":[{"embeddable":true,"href":"https:\/\/vocesparalelas.com.ar\/sitio\/wp-json\/wp\/v2\/media\/87655"}],"wp:attachment":[{"href":"https:\/\/vocesparalelas.com.ar\/sitio\/wp-json\/wp\/v2\/media?parent=87652"}],"wp:term":[{"taxonomy":"category","embeddable":true,"href":"https:\/\/vocesparalelas.com.ar\/sitio\/wp-json\/wp\/v2\/categories?post=87652"},{"taxonomy":"post_tag","embeddable":true,"href":"https:\/\/vocesparalelas.com.ar\/sitio\/wp-json\/wp\/v2\/tags?post=87652"}],"curies":[{"name":"wp","href":"https:\/\/api.w.org\/{rel}","templated":true}]}}