{"id":87643,"date":"2025-06-17T19:01:36","date_gmt":"2025-06-17T22:01:36","guid":{"rendered":"https:\/\/vocesparalelas.com.ar\/sitio\/?p=87643"},"modified":"2025-06-18T23:06:34","modified_gmt":"2025-06-19T02:06:34","slug":"los-gobernadores-se-comprometieron-con-la-campana-nacional-por-la-alfabetizacion-en-argentina","status":"publish","type":"post","link":"https:\/\/vocesparalelas.com.ar\/sitio\/los-gobernadores-se-comprometieron-con-la-campana-nacional-por-la-alfabetizacion-en-argentina\/","title":{"rendered":"Los gobernadores se comprometieron con la Campa\u00f1a Nacional por la Alfabetizaci\u00f3n en Argentina"},"content":{"rendered":"<p>Las provincias de Chaco, Chubut, C\u00f3rdoba, Entre R\u00edos, Jujuy, La Rioja, Mendoza, Misiones, R\u00edo Negro, San Juan, San Luis, Santa Fe y Tierra del Fuego presentar\u00e1n, al inicio de cada a\u00f1o, los resultados del ciclo lectivo anterior y las metas para el nuevo ciclo. El compromiso forma parte de la Campa\u00f1a Nacional por la Alfabetizaci\u00f3n, impulsada desde 2023 por Argentinos por la Educaci\u00f3n junto con 200 organizaciones de la sociedad civil y referentes de distintos \u00e1mbitos.<\/p>\n<p class=\"styles_paragraph__6o_o7\"><strong><span style=\"color: #0000ff;\">Los gobernadores <\/span><\/strong><\/p>\n<ul>\n<li class=\"styles_paragraph__6o_o7\">Leandro Zdero, Provincia de Chaco,<\/li>\n<li class=\"styles_paragraph__6o_o7\">Ignacio Torres, Provincia de Chubut,<\/li>\n<li class=\"styles_paragraph__6o_o7\">Mart\u00edn Llaryora, Provincia de C\u00f3rdoba,<\/li>\n<li class=\"styles_paragraph__6o_o7\">Rogelio Frigerio, Provincia de Entre R\u00edos,<\/li>\n<li class=\"styles_paragraph__6o_o7\">Carlos Sadir, Provincia de Jujuy,<\/li>\n<li class=\"styles_paragraph__6o_o7\">Ricardo Quintela, Provincia de La Rioja,<\/li>\n<li class=\"styles_paragraph__6o_o7\">Alfredo Cornejo, Provincia de Mendoza,<\/li>\n<li class=\"styles_paragraph__6o_o7\">Hugo Passalacqua, Provincia de Misiones,<\/li>\n<li class=\"styles_paragraph__6o_o7\">Alberto Weretilneck, Provincia de R\u00edo Negro,<\/li>\n<li class=\"styles_paragraph__6o_o7\">Dr. Marcelo Orrego, Provincia de San Juan,<\/li>\n<li class=\"styles_paragraph__6o_o7\">CON Claudio Poggi, Provincia de San Luis,<\/li>\n<li class=\"styles_paragraph__6o_o7\">Maximiliano Pullaro, Provincia de Santa Fe y<\/li>\n<li class=\"styles_paragraph__6o_o7\">Gustavo Melella, Provincia de Tierra del Fuego.<\/li>\n<\/ul>\n<p>Se comprometieron con la Campa\u00f1a Nacional por la Alfabetizaci\u00f3n, impulsada por Argentinos por la Educaci\u00f3n junto con 200 ONG, a establecer metas anuales de mejora en los resultados de aprendizaje de comprensi\u00f3n lectora, y respecto a otros indicadores educativos.<\/p>\n<p class=\"styles_paragraph__6o_o7\">El acuerdo refuerza la adhesi\u00f3n de estas provincias a la\u00a0Campa\u00f1a, cuyo objetivo apunta a lograr que todas y todos los estudiantes de 3er grado de la primaria logren niveles satisfactorios de alfabetizaci\u00f3n y comprensi\u00f3n lectora. El compromiso de los 13 gobernadores se impuls\u00f3 en el marco de la reuni\u00f3n del Consejo Federal de Inversiones.<\/p>\n<p class=\"styles_paragraph__6o_o7\">Los mandatarios provinciales se comprometieron a presentar p\u00fablicamente, entre febrero y marzo de cada a\u00f1o a partir de 2026, los resultados del ciclo lectivo anterior y las metas para el nuevo ciclo. De este modo, la comunidad educativa y la ciudadan\u00eda podr\u00e1n conocer los logros alcanzados y los objetivos pr\u00f3ximos, y se favorecer\u00e1 el intercambio de buenas pr\u00e1cticas entre las jurisdicciones.<\/p>\n<p class=\"styles_paragraph__6o_o7\">El Director Ejecutivo de Argentinos por la Educaci\u00f3n, Mg. Ignacio Ibarz\u00e1bal remarc\u00f3 que \u00abpara mejorar los resultados educativos necesitamos el compromiso pol\u00edtico de alto nivel. En este sentido, el hecho de que el a\u00f1o que viene los gobernadores vayan a compartir las metas educativas de sus provincias en actos p\u00fablicos es otro paso de gran importancia\u201d.<\/p>\n<p class=\"styles_paragraph__6o_o7\">La Campa\u00f1a Nacional por la Alfabetizaci\u00f3n, impulsada por m\u00e1s de 200 organizaciones de la sociedad civil, expertos y personalidades de distintos \u00e1mbitos, comenz\u00f3 en 2023 y logr\u00f3 que seis precandidatos a presidente \u2013entre ellos, Javier Milei\u2013 y 18 gobernadores se comprometieran a priorizar la alfabetizaci\u00f3n en sus gestiones de gobierno.<\/p>\n<p class=\"styles_paragraph__6o_o7\">El pedido inclu\u00eda que se presentaran planes de alfabetizaci\u00f3n inicial y se midieran los resultados. En 2024, en el marco del Consejo Federal de Educaci\u00f3n, las 24 jurisdicciones presentaron dichos planes y desarrollaron pol\u00edticas de alfabetizaci\u00f3n.<\/p>\n<p class=\"styles_paragraph__6o_o7\">Seg\u00fan surge de un relevamiento realizado por Argentinos por la Educaci\u00f3n, en 2024 hubo 20 provincias que realizaron acciones espec\u00edficas de formaci\u00f3n docente en alfabetizaci\u00f3n inicial, mientras que en 18 provincias se realizaron evaluaciones \u2013en 10 de ellas, de manera censal\u2013. A su vez, la Secretar\u00eda de Educaci\u00f3n de la Naci\u00f3n realiz\u00f3 las pruebas Aprender Alfabetizaci\u00f3n en tercer grado, cuyos resultados se publicaron en mayo de 2025.<\/p>\n<p class=\"styles_paragraph__6o_o7\">La Directora Ejecutiva de Ense\u00f1\u00e1 por Argentina, Lic. Ver\u00f3nica Cipriota subray\u00f3 que \u00abponernos objetivos concretos, medibles y monitorearlos a\u00f1o a a\u00f1o nos da muchas m\u00e1s posibilidades de lograr mejoras reales. Esperamos que pronto se sumen las otras 11 provincias, y que todas logren institucionalizar las acciones que ya vienen llevando adelante para priorizar y mejorar la alfabetizaci\u00f3n. Que estas decisiones se consoliden como pol\u00edticas de Estado es clave para sostener los esfuerzos m\u00e1s all\u00e1 de los liderazgos actuales\u201d.<\/p>\n<p class=\"styles_paragraph__6o_o7\">A nivel regional, Argentina supo ser un faro educativo para Am\u00e9rica Latina y fue pionera en la escolarizaci\u00f3n masiva. Seg\u00fan las pruebas ERCE de UNESCO, en 1997 Argentina era el segundo pa\u00eds de la regi\u00f3n en comprensi\u00f3n lectora, detr\u00e1s de Cuba. Hoy ocupa el lugar n\u00famero 10, por debajo del promedio regional y de pa\u00edses m\u00e1s pobres como El Salvador y Ecuador.<\/p>\n<p><span style=\"color: #0000ff;\"><strong>Datos Importantes<\/strong><\/span><\/p>\n<p>Se adjunta el Documento del Acuerdo por la Educaci\u00f3n firmado por los Gobernadores Dr. Marcelo Orrego, Provincia de San Juan, Mart\u00edn Llaryora, Provincia de C\u00f3rdoba, Ignacio Torres, Provincia de Chubut, Gustavo Melella, Provincia de Tierra del Fuego, Alberto Weretilneck, Provincia de R\u00edo Negro, Rogelio Frigerio, Provincia de Entre R\u00edos, Carlos Sadir, Provincia de Jujuy) y CPN Claudio Poggi, Provincia de San Luis se comprometieron con la Campa\u00f1a Nacional por la Alfabetizaci\u00f3n.<\/p>\n<p><a href=\"https:\/\/vocesparalelas.com.ar\/sitio\/wp-content\/uploads\/2025\/06\/Acuerdo-por-la-educacion.pdf\">Acuerdo-por-la-educacion<\/a><\/p>\n<p>&nbsp;<\/p>\n<p><img loading=\"lazy\" decoding=\"async\" class=\"alignnone size-full wp-image-83125\" src=\"https:\/\/vocesparalelas.com.ar\/sitio\/wp-content\/uploads\/2025\/02\/ALUMNOS-SECUNDARIO-01.jpg\" alt=\"\" width=\"800\" height=\"534\" srcset=\"https:\/\/vocesparalelas.com.ar\/sitio\/wp-content\/uploads\/2025\/02\/ALUMNOS-SECUNDARIO-01.jpg 800w, https:\/\/vocesparalelas.com.ar\/sitio\/wp-content\/uploads\/2025\/02\/ALUMNOS-SECUNDARIO-01-300x200.jpg 300w, https:\/\/vocesparalelas.com.ar\/sitio\/wp-content\/uploads\/2025\/02\/ALUMNOS-SECUNDARIO-01-768x513.jpg 768w\" sizes=\"auto, (max-width: 800px) 100vw, 800px\" \/><\/p>\n","protected":false},"excerpt":{"rendered":"<p>Las provincias de Chaco, Chubut, C\u00f3rdoba, Entre R\u00edos, Jujuy, La Rioja, Mendoza, Misiones, R\u00edo Negro, San Juan, San Luis, Santa<\/p>\n","protected":false},"author":3,"featured_media":87647,"comment_status":"closed","ping_status":"closed","sticky":false,"template":"","format":"standard","meta":{"_acf_changed":false,"_seopress_robots_primary_cat":"none","_seopress_titles_title":"","_seopress_titles_desc":"","_seopress_robots_index":"","colormag_page_container_layout":"default_layout","colormag_page_sidebar_layout":"default_layout","footnotes":""},"categories":[5],"tags":[],"class_list":["post-87643","post","type-post","status-publish","format-standard","has-post-thumbnail","hentry","category-ofrecimientos"],"acf":[],"_links":{"self":[{"href":"https:\/\/vocesparalelas.com.ar\/sitio\/wp-json\/wp\/v2\/posts\/87643","targetHints":{"allow":["GET"]}}],"collection":[{"href":"https:\/\/vocesparalelas.com.ar\/sitio\/wp-json\/wp\/v2\/posts"}],"about":[{"href":"https:\/\/vocesparalelas.com.ar\/sitio\/wp-json\/wp\/v2\/types\/post"}],"author":[{"embeddable":true,"href":"https:\/\/vocesparalelas.com.ar\/sitio\/wp-json\/wp\/v2\/users\/3"}],"replies":[{"embeddable":true,"href":"https:\/\/vocesparalelas.com.ar\/sitio\/wp-json\/wp\/v2\/comments?post=87643"}],"version-history":[{"count":4,"href":"https:\/\/vocesparalelas.com.ar\/sitio\/wp-json\/wp\/v2\/posts\/87643\/revisions"}],"predecessor-version":[{"id":87651,"href":"https:\/\/vocesparalelas.com.ar\/sitio\/wp-json\/wp\/v2\/posts\/87643\/revisions\/87651"}],"wp:featuredmedia":[{"embeddable":true,"href":"https:\/\/vocesparalelas.com.ar\/sitio\/wp-json\/wp\/v2\/media\/87647"}],"wp:attachment":[{"href":"https:\/\/vocesparalelas.com.ar\/sitio\/wp-json\/wp\/v2\/media?parent=87643"}],"wp:term":[{"taxonomy":"category","embeddable":true,"href":"https:\/\/vocesparalelas.com.ar\/sitio\/wp-json\/wp\/v2\/categories?post=87643"},{"taxonomy":"post_tag","embeddable":true,"href":"https:\/\/vocesparalelas.com.ar\/sitio\/wp-json\/wp\/v2\/tags?post=87643"}],"curies":[{"name":"wp","href":"https:\/\/api.w.org\/{rel}","templated":true}]}}