{"id":87615,"date":"2025-06-16T15:49:08","date_gmt":"2025-06-16T18:49:08","guid":{"rendered":"https:\/\/vocesparalelas.com.ar\/sitio\/?p=87615"},"modified":"2025-06-18T00:30:03","modified_gmt":"2025-06-18T03:30:03","slug":"rector-ing-tadeo-berenguer-y-vicerrectora-esp-prof-andrea-leceta-2025-2029-de-la-unsj","status":"publish","type":"post","link":"https:\/\/vocesparalelas.com.ar\/sitio\/rector-ing-tadeo-berenguer-y-vicerrectora-esp-prof-andrea-leceta-2025-2029-de-la-unsj\/","title":{"rendered":"Rector Ing. Tadeo Berenguer y Vicerrectora, Esp. Prof. Andrea Leceta 2025 \u2013 2029 de la UNSJ"},"content":{"rendered":"<p>El Lunes, 16 de Junio, despu\u00e9s de la conferencia de prensa del Espacio \u00abUniversidad Activa\u00bb donde anunci\u00f3 que no se presentar\u00e1 al balotaje del 23 de Junio \u00abElecciones 2025\u00bb de la UNSJ.<\/p>\n<blockquote class=\"wp-embedded-content\" data-secret=\"r2hUK3j9HC\"><p><a href=\"https:\/\/vocesparalelas.com.ar\/sitio\/el-espacio-universidad-activa-no-se-presentara-al-balotaje-del-23-de-junio-elecciones-2025-de-la-unsj\/\">El Espacio \u00abUniversidad Activa\u00bb no se presentar\u00e1 al balotaje del 23 de Junio \u00abElecciones 2025\u00bb de la UNSJ<\/a><\/p><\/blockquote>\n<p><iframe loading=\"lazy\" class=\"wp-embedded-content\" sandbox=\"allow-scripts\" security=\"restricted\" style=\"position: absolute; visibility: hidden;\" title=\"\u00abEl Espacio \u00abUniversidad Activa\u00bb no se presentar\u00e1 al balotaje del 23 de Junio \u00abElecciones 2025\u00bb de la UNSJ\u00bb \u2014 Voces Paralelas\" src=\"https:\/\/vocesparalelas.com.ar\/sitio\/el-espacio-universidad-activa-no-se-presentara-al-balotaje-del-23-de-junio-elecciones-2025-de-la-unsj\/embed\/#?secret=dayPyRwZC4#?secret=r2hUK3j9HC\" data-secret=\"r2hUK3j9HC\" width=\"600\" height=\"338\" frameborder=\"0\" marginwidth=\"0\" marginheight=\"0\" scrolling=\"no\"><\/iframe><\/p>\n<p>&nbsp;<\/p>\n<p>En esta situaci\u00f3n, la Universidad Nacional de San Juan convoc\u00f3 a una conferencia de prensa donde se anunci\u00f3 que los candidatos del Espacio Vamos Unidos de la UNSJ se consagran en Rector Ing. Tadeo Berenguer y Vicerrectora, Esp. Prof. Andrea Leceta 2025 \u2013 2029.<\/p>\n<p>&nbsp;<\/p>\n<p><img loading=\"lazy\" decoding=\"async\" class=\"alignnone size-full wp-image-87618\" src=\"https:\/\/vocesparalelas.com.ar\/sitio\/wp-content\/uploads\/2025\/06\/UNSJ-RECTOR-03.jpg\" alt=\"\" width=\"800\" height=\"479\" srcset=\"https:\/\/vocesparalelas.com.ar\/sitio\/wp-content\/uploads\/2025\/06\/UNSJ-RECTOR-03.jpg 800w, https:\/\/vocesparalelas.com.ar\/sitio\/wp-content\/uploads\/2025\/06\/UNSJ-RECTOR-03-300x180.jpg 300w, https:\/\/vocesparalelas.com.ar\/sitio\/wp-content\/uploads\/2025\/06\/UNSJ-RECTOR-03-768x460.jpg 768w\" sizes=\"auto, (max-width: 800px) 100vw, 800px\" \/><\/p>\n<p>Pusieron en valor el agradecimiento a la comunidad universitaria por seguir apoyando la gesti\u00f3n para continuar en la lucha del financiamiento de la Universidad p\u00fablica, gratuita e inclusiva de calidad.<\/p>\n<p>Es importante recordar que, en las Elecciones 2025 de la UNSJ, el 11 de Junio, el Espacio Vamos Unidos de la UNSJ con candidatos Rector Ing. Tadeo Berenguer y Vicerrectora, Esp. Prof. Andrea Leceta 2025 \u2013 2029 arroj\u00f3 un 47,6% frente a su opositor del Espacio \u00abUniversidad Activa\u00bb con candidatos Rector Arq. Jorge Cocinero y Vicerrectora \u00a0Ing. Luc\u00eda Mart\u00edn, quien obtuvo el 29%.<\/p>\n<p>Finalizada la conferencia de prensa, estall\u00f3 la Unidad por la UNSJ futura 2025 &#8211; 2029 que trabajan par fortalecer la Instituci\u00f3n Universitaria P\u00fablica de San Juan.<\/p>\n<p><img loading=\"lazy\" decoding=\"async\" class=\"alignnone size-full wp-image-87620\" src=\"https:\/\/vocesparalelas.com.ar\/sitio\/wp-content\/uploads\/2025\/06\/UNSJ-RECTOR-02.jpg\" alt=\"\" width=\"800\" height=\"533\" srcset=\"https:\/\/vocesparalelas.com.ar\/sitio\/wp-content\/uploads\/2025\/06\/UNSJ-RECTOR-02.jpg 800w, https:\/\/vocesparalelas.com.ar\/sitio\/wp-content\/uploads\/2025\/06\/UNSJ-RECTOR-02-300x200.jpg 300w, https:\/\/vocesparalelas.com.ar\/sitio\/wp-content\/uploads\/2025\/06\/UNSJ-RECTOR-02-768x512.jpg 768w\" sizes=\"auto, (max-width: 800px) 100vw, 800px\" \/><\/p>\n<p>&nbsp;<\/p>\n<p>Adem\u00e1s, el Rector de la Universidad Nacional de San Juan, Ing. Tadeo Berenguer emiti\u00f3 un comunicado a la comunidad Universitaria.<\/p>\n<p>Quiero agradecer profundamente a toda la comunidad universitaria por la hist\u00f3rica participaci\u00f3n en estas elecciones. Con m\u00e1s 47% de los votos, una ampl\u00edsima mayor\u00eda nos acompa\u00f1\u00f3 con su confianza y con su deseo de seguir construyendo una Universidad Nacional de San Juan presente, comprometida con su entorno y orientada a mejorar la vida de quienes la habitan.<\/p>\n<p>Asumimos esa responsabilidad con humildad y con el firme compromiso de trabajar, desde el primer d\u00eda, en los desaf\u00edos que tenemos por delante.<\/p>\n<p>Hoy tambi\u00e9n quiero expresar mi reconocimiento al arquitecto Jorge Cocinero y al espacio Universidad Activa por su decisi\u00f3n de no presentar candidatura a rector ante el ballotage. Es un gesto de responsabilidad y madurez pol\u00edtica, que valoro profundamente, porque al renunciar a este derecho reconoce la expresi\u00f3n mayoritaria de las urnas y prioriza la estabilidad institucional.<\/p>\n<p>Asimismo me gustar\u00eda felicitar y agradecer a todos los participantes de esta elecci\u00f3n, candidatos y candidatas, autoridades, organizaciones estudiantiles, asociaciones y electores que se manifestaron en las urnas. Con sus acciones damos vida a la democracia universitaria. Son un ejemplo de civilidad que ilumina en momentos dif\u00edciles.<\/p>\n<p>Creemos en una universidad que se construye con todos y todas. Por eso, con respeto por la pluralidad, con di\u00e1logo y con vocaci\u00f3n de unidad, vamos a seguir defendiendo el acceso, fortaleciendo el bienestar, promoviendo la investigaci\u00f3n y consolidando un proyecto que mira al futuro sin dejar a nadie atr\u00e1s.<\/p>\n<p style=\"text-align: right;\">Gracias por confiar.<\/p>\n<p style=\"text-align: right;\">Vamos a seguir construyendo universidad p\u00fablica. Unidos.<\/p>\n<p style=\"text-align: right;\">Mg. Ing Tadeo Alberto Berenguer Rector de la Universidad Nacional de San Juan<\/p>\n<p>&nbsp;<\/p>\n<p><img loading=\"lazy\" decoding=\"async\" class=\"alignnone size-full wp-image-79515\" src=\"https:\/\/vocesparalelas.com.ar\/sitio\/wp-content\/uploads\/2024\/11\/UNSJ-LOGO-01.jpg\" alt=\"\" width=\"800\" height=\"459\" srcset=\"https:\/\/vocesparalelas.com.ar\/sitio\/wp-content\/uploads\/2024\/11\/UNSJ-LOGO-01.jpg 800w, https:\/\/vocesparalelas.com.ar\/sitio\/wp-content\/uploads\/2024\/11\/UNSJ-LOGO-01-300x172.jpg 300w, https:\/\/vocesparalelas.com.ar\/sitio\/wp-content\/uploads\/2024\/11\/UNSJ-LOGO-01-768x441.jpg 768w\" sizes=\"auto, (max-width: 800px) 100vw, 800px\" \/><\/p>\n","protected":false},"excerpt":{"rendered":"<p>El Lunes, 16 de Junio, despu\u00e9s de la conferencia de prensa del Espacio \u00abUniversidad Activa\u00bb donde anunci\u00f3 que no se<\/p>\n","protected":false},"author":3,"featured_media":87619,"comment_status":"closed","ping_status":"closed","sticky":false,"template":"","format":"standard","meta":{"_acf_changed":false,"_seopress_robots_primary_cat":"none","_seopress_titles_title":"","_seopress_titles_desc":"","_seopress_robots_index":"","colormag_page_container_layout":"default_layout","colormag_page_sidebar_layout":"default_layout","footnotes":""},"categories":[10],"tags":[],"class_list":["post-87615","post","type-post","status-publish","format-standard","has-post-thumbnail","hentry","category-opiniones"],"acf":[],"_links":{"self":[{"href":"https:\/\/vocesparalelas.com.ar\/sitio\/wp-json\/wp\/v2\/posts\/87615","targetHints":{"allow":["GET"]}}],"collection":[{"href":"https:\/\/vocesparalelas.com.ar\/sitio\/wp-json\/wp\/v2\/posts"}],"about":[{"href":"https:\/\/vocesparalelas.com.ar\/sitio\/wp-json\/wp\/v2\/types\/post"}],"author":[{"embeddable":true,"href":"https:\/\/vocesparalelas.com.ar\/sitio\/wp-json\/wp\/v2\/users\/3"}],"replies":[{"embeddable":true,"href":"https:\/\/vocesparalelas.com.ar\/sitio\/wp-json\/wp\/v2\/comments?post=87615"}],"version-history":[{"count":3,"href":"https:\/\/vocesparalelas.com.ar\/sitio\/wp-json\/wp\/v2\/posts\/87615\/revisions"}],"predecessor-version":[{"id":87623,"href":"https:\/\/vocesparalelas.com.ar\/sitio\/wp-json\/wp\/v2\/posts\/87615\/revisions\/87623"}],"wp:featuredmedia":[{"embeddable":true,"href":"https:\/\/vocesparalelas.com.ar\/sitio\/wp-json\/wp\/v2\/media\/87619"}],"wp:attachment":[{"href":"https:\/\/vocesparalelas.com.ar\/sitio\/wp-json\/wp\/v2\/media?parent=87615"}],"wp:term":[{"taxonomy":"category","embeddable":true,"href":"https:\/\/vocesparalelas.com.ar\/sitio\/wp-json\/wp\/v2\/categories?post=87615"},{"taxonomy":"post_tag","embeddable":true,"href":"https:\/\/vocesparalelas.com.ar\/sitio\/wp-json\/wp\/v2\/tags?post=87615"}],"curies":[{"name":"wp","href":"https:\/\/api.w.org\/{rel}","templated":true}]}}