{"id":87608,"date":"2025-06-16T13:44:46","date_gmt":"2025-06-16T16:44:46","guid":{"rendered":"https:\/\/vocesparalelas.com.ar\/sitio\/?p=87608"},"modified":"2025-06-18T00:29:31","modified_gmt":"2025-06-18T03:29:31","slug":"el-espacio-universidad-activa-no-se-presentara-al-balotaje-del-23-de-junio-elecciones-2025-de-la-unsj","status":"publish","type":"post","link":"https:\/\/vocesparalelas.com.ar\/sitio\/el-espacio-universidad-activa-no-se-presentara-al-balotaje-del-23-de-junio-elecciones-2025-de-la-unsj\/","title":{"rendered":"El Espacio \u00abUniversidad Activa\u00bb no se presentar\u00e1 al balotaje del 23 de Junio \u00abElecciones 2025\u00bb de la UNSJ"},"content":{"rendered":"<p>El Lunes, 16 de Junio de 2025, el Espacio \u00abUniversidad Activa\u00bb presidida por la f\u00f3rmula a candidatos al Rectorado de la Universidad Nacional de San Juan, Rector, Arq. Jorge Cocinero y Vicerrectora, Ing. Luc\u00eda Mart\u00edn anunciaron en conferencia de prensa acompa\u00f1ados por los distintos candidatos de las distintas Unidades Acad\u00e9micas.<\/p>\n<p>Es importante recordar que las Elecciones 2025 de la UNSJ se desarrollaron el 11 de Junio y arroj\u00f3 resultados interesantes.<\/p>\n<blockquote class=\"wp-embedded-content\" data-secret=\"iAS79jTjDL\"><p><a href=\"https:\/\/vocesparalelas.com.ar\/sitio\/gano-la-unsj-en-las-elecciones-2025\/\">Gan\u00f3 la UNSJ en las Elecciones 2025<\/a><\/p><\/blockquote>\n<p><iframe loading=\"lazy\" class=\"wp-embedded-content\" sandbox=\"allow-scripts\" security=\"restricted\" style=\"position: absolute; visibility: hidden;\" title=\"\u00abGan\u00f3 la UNSJ en las Elecciones 2025\u00bb \u2014 Voces Paralelas\" src=\"https:\/\/vocesparalelas.com.ar\/sitio\/gano-la-unsj-en-las-elecciones-2025\/embed\/#?secret=67GwH29zF0#?secret=iAS79jTjDL\" data-secret=\"iAS79jTjDL\" width=\"600\" height=\"338\" frameborder=\"0\" marginwidth=\"0\" marginheight=\"0\" scrolling=\"no\"><\/iframe><\/p>\n<p>Bajo este contexto el Espacio \u00abUniversidad Activa\u00bb el candidato a Rector Arq. Jorge Cocinero manifest\u00f3 que no se presentar\u00e1 al balotaje del 23 de Junio, en el que deb\u00eda enfrentar a los candidatos del Espacio Vamos Unidos de la UNSJ, Rector Ing. Tadeo Berenguer y Vicerrectora, Esp. Prof. Andrea Leceta 2025 \u2013 2029.<\/p>\n<p>De esta manera, presentar\u00e1 formalmente la nota a la Junta Electoral 2025 para que se declare a la f\u00f3rmula Berenguer &#8211; Laceta como los l\u00edderes de la gesti\u00f3n 2025 &#8211; 2029 los destinos de la Universidad Nacional de San Juan sin necesidad de balotaje.<\/p>\n<p>&nbsp;<\/p>\n<figure id=\"attachment_83690\" aria-describedby=\"caption-attachment-83690\" style=\"width: 800px\" class=\"wp-caption alignnone\"><img loading=\"lazy\" decoding=\"async\" class=\"size-full wp-image-83690\" src=\"https:\/\/vocesparalelas.com.ar\/sitio\/wp-content\/uploads\/2025\/03\/UNSJ-VAMOS-UNIDOS-01.jpg\" alt=\"\" width=\"800\" height=\"533\" srcset=\"https:\/\/vocesparalelas.com.ar\/sitio\/wp-content\/uploads\/2025\/03\/UNSJ-VAMOS-UNIDOS-01.jpg 800w, https:\/\/vocesparalelas.com.ar\/sitio\/wp-content\/uploads\/2025\/03\/UNSJ-VAMOS-UNIDOS-01-300x200.jpg 300w, https:\/\/vocesparalelas.com.ar\/sitio\/wp-content\/uploads\/2025\/03\/UNSJ-VAMOS-UNIDOS-01-768x512.jpg 768w\" sizes=\"auto, (max-width: 800px) 100vw, 800px\" \/><figcaption id=\"caption-attachment-83690\" class=\"wp-caption-text\">Candidata a Vicerrectora, Esp Prof. Andrea Leceta junto al candidato a Rector Ing. Tadeo Berenguer, Espacio Vamos Unidos de la UNSJ<\/figcaption><\/figure>\n<p><span style=\"color: #0000ff;\"><strong>Justificaci\u00f3n de la renuncia al Balotaje de Cocinero &#8211; Mart\u00edn<\/strong><\/span><\/p>\n<ul>\n<li>Por el bien de la Democracia de la UNSJ<\/li>\n<li>Para no ocasionar un gasto oneroso e innecesario.<\/li>\n<li>El mensaje que se ha dado en las elecciones ha sido claro y los resultados no se puede revertir.<\/li>\n<li>Defender\u00e1n las posiciones en el Consejo Superior de la UNSJ, en los Consejos Directivos de cada Unidad Acad\u00e9mica.<\/li>\n<li>Van a seguir defendiendo el Proyecto del Espacio \u00abUniversidad Activa\u00bb.<\/li>\n<\/ul>\n<p><img loading=\"lazy\" decoding=\"async\" class=\"alignnone size-large wp-image-36750\" src=\"https:\/\/vocesparalelas.com.ar\/sitio\/wp-content\/uploads\/2021\/04\/UNSJ-ELECCIONES-800x449.jpg\" alt=\"\" width=\"800\" height=\"449\" srcset=\"https:\/\/vocesparalelas.com.ar\/sitio\/wp-content\/uploads\/2021\/04\/UNSJ-ELECCIONES-800x449.jpg 800w, https:\/\/vocesparalelas.com.ar\/sitio\/wp-content\/uploads\/2021\/04\/UNSJ-ELECCIONES-300x168.jpg 300w, https:\/\/vocesparalelas.com.ar\/sitio\/wp-content\/uploads\/2021\/04\/UNSJ-ELECCIONES-768x431.jpg 768w, https:\/\/vocesparalelas.com.ar\/sitio\/wp-content\/uploads\/2021\/04\/UNSJ-ELECCIONES.jpg 1024w\" sizes=\"auto, (max-width: 800px) 100vw, 800px\" \/><\/p>\n","protected":false},"excerpt":{"rendered":"<p>El Lunes, 16 de Junio de 2025, el Espacio \u00abUniversidad Activa\u00bb presidida por la f\u00f3rmula a candidatos al Rectorado de<\/p>\n","protected":false},"author":3,"featured_media":87611,"comment_status":"closed","ping_status":"closed","sticky":false,"template":"","format":"standard","meta":{"_acf_changed":false,"_seopress_robots_primary_cat":"none","_seopress_titles_title":"","_seopress_titles_desc":"","_seopress_robots_index":"","colormag_page_container_layout":"default_layout","colormag_page_sidebar_layout":"default_layout","footnotes":""},"categories":[10],"tags":[],"class_list":["post-87608","post","type-post","status-publish","format-standard","has-post-thumbnail","hentry","category-opiniones"],"acf":[],"_links":{"self":[{"href":"https:\/\/vocesparalelas.com.ar\/sitio\/wp-json\/wp\/v2\/posts\/87608","targetHints":{"allow":["GET"]}}],"collection":[{"href":"https:\/\/vocesparalelas.com.ar\/sitio\/wp-json\/wp\/v2\/posts"}],"about":[{"href":"https:\/\/vocesparalelas.com.ar\/sitio\/wp-json\/wp\/v2\/types\/post"}],"author":[{"embeddable":true,"href":"https:\/\/vocesparalelas.com.ar\/sitio\/wp-json\/wp\/v2\/users\/3"}],"replies":[{"embeddable":true,"href":"https:\/\/vocesparalelas.com.ar\/sitio\/wp-json\/wp\/v2\/comments?post=87608"}],"version-history":[{"count":3,"href":"https:\/\/vocesparalelas.com.ar\/sitio\/wp-json\/wp\/v2\/posts\/87608\/revisions"}],"predecessor-version":[{"id":87614,"href":"https:\/\/vocesparalelas.com.ar\/sitio\/wp-json\/wp\/v2\/posts\/87608\/revisions\/87614"}],"wp:featuredmedia":[{"embeddable":true,"href":"https:\/\/vocesparalelas.com.ar\/sitio\/wp-json\/wp\/v2\/media\/87611"}],"wp:attachment":[{"href":"https:\/\/vocesparalelas.com.ar\/sitio\/wp-json\/wp\/v2\/media?parent=87608"}],"wp:term":[{"taxonomy":"category","embeddable":true,"href":"https:\/\/vocesparalelas.com.ar\/sitio\/wp-json\/wp\/v2\/categories?post=87608"},{"taxonomy":"post_tag","embeddable":true,"href":"https:\/\/vocesparalelas.com.ar\/sitio\/wp-json\/wp\/v2\/tags?post=87608"}],"curies":[{"name":"wp","href":"https:\/\/api.w.org\/{rel}","templated":true}]}}