{"id":87601,"date":"2025-06-16T11:13:39","date_gmt":"2025-06-16T14:13:39","guid":{"rendered":"https:\/\/vocesparalelas.com.ar\/sitio\/?p=87601"},"modified":"2025-06-16T11:13:39","modified_gmt":"2025-06-16T14:13:39","slug":"proyecto-de-reestructuracion-ampliacion-y-remodelacion-de-la-terminal-de-omnibus-de-san-juan","status":"publish","type":"post","link":"https:\/\/vocesparalelas.com.ar\/sitio\/proyecto-de-reestructuracion-ampliacion-y-remodelacion-de-la-terminal-de-omnibus-de-san-juan\/","title":{"rendered":"Proyecto de reestructuraci\u00f3n, ampliaci\u00f3n y remodelaci\u00f3n de la Terminal de \u00d3mnibus de San Juan"},"content":{"rendered":"<p>El gobernador de San Juan, Dr. Marcelo Orrego se reuni\u00f3 con el ministro de Infraestructura, Agua y Energ\u00eda, del Gobierno de San Juan, Arq. Fernando Perea, quien le present\u00f3 el proyecto de reestructuraci\u00f3n, ampliaci\u00f3n y remodelaci\u00f3n de la Terminal de \u00d3mnibus de San Juan.<\/p>\n<p>Adem\u00e1s de poner en valor y conservar como patrimonio urbano al actual edificio, la obra contempla la construcci\u00f3n de una segunda edificaci\u00f3n con una propuesta innovadora y de alto impacto arquitect\u00f3nico.<\/p>\n<p><img loading=\"lazy\" decoding=\"async\" class=\"alignnone size-full wp-image-87605\" src=\"https:\/\/vocesparalelas.com.ar\/sitio\/wp-content\/uploads\/2025\/06\/SAN-JUAN-TERMINAL-OMNIBUS-02.jpg\" alt=\"\" width=\"800\" height=\"450\" srcset=\"https:\/\/vocesparalelas.com.ar\/sitio\/wp-content\/uploads\/2025\/06\/SAN-JUAN-TERMINAL-OMNIBUS-02.jpg 800w, https:\/\/vocesparalelas.com.ar\/sitio\/wp-content\/uploads\/2025\/06\/SAN-JUAN-TERMINAL-OMNIBUS-02-300x169.jpg 300w, https:\/\/vocesparalelas.com.ar\/sitio\/wp-content\/uploads\/2025\/06\/SAN-JUAN-TERMINAL-OMNIBUS-02-768x432.jpg 768w\" sizes=\"auto, (max-width: 800px) 100vw, 800px\" \/><\/p>\n<p>En este contexto, el ministro de Infraestructura, Agua y Energ\u00eda, del Gobierno de San Juan, Arq. Fernando Perea describi\u00f3 que \u00abes una obra estrat\u00e9gica pensada en la proyecci\u00f3n que tendr\u00e1 la provincia ante un pr\u00f3ximo crecimiento de la actividad minera. Creemos necesario poner a la altura de esas futuras circunstancias a este emblem\u00e1tico edificio de San Juan. Se est\u00e1 trabajando en los pliegos de la licitaci\u00f3n que se realizar\u00eda antes de que finalice el mes de Julio de 2025, para dar inicio a los trabajos a fines de agosto. En esa misma l\u00ednea, indic\u00f3 que la obra ser\u00e1 financiada en un 100% con fondos provinciales.<\/p>\n<p>Este nuevo proyecto suma un segundo edificio de m\u00e1s de 14.000 m\u00b2 cubiertos y semicubiertos, que permitir\u00e1 duplicar la capacidad operativa actual. En total, se incorporar\u00e1n m\u00e1s de 20 nuevas d\u00e1rsenas para colectivos, \u00e1reas de espera, espacios comerciales, un sector gastron\u00f3mico, patios recreativos y dos terrazas con vistas directas a la plaza Di St\u00e9fano.<\/p>\n<p>Vale destacar que ambos edificios estar\u00e1n conectados mediante un puente peatonal de 75 metros de longitud, pensado para garantizar una circulaci\u00f3n fluida y segura entre sectores. El dise\u00f1o arquitect\u00f3nico se apoya en un lenguaje formal minimalista, funcional y sustentable, utilizando materiales nobles como hormig\u00f3n, acero, vidrio y piedra natural. La propuesta busca generar una fuerte integraci\u00f3n entre interior y exterior, optimizando la luz natural, el confort t\u00e9rmico y la eficiencia energ\u00e9tica.<\/p>\n<p><iframe loading=\"lazy\" title=\"SAN JUAN TERMINAL DE \u00d3MNIBUS\" width=\"800\" height=\"450\" src=\"https:\/\/www.youtube.com\/embed\/1_3p0_Bm7eI?feature=oembed\" frameborder=\"0\" allow=\"accelerometer; autoplay; clipboard-write; encrypted-media; gyroscope; picture-in-picture; web-share\" referrerpolicy=\"strict-origin-when-cross-origin\" allowfullscreen><\/iframe><\/p>\n<p>Asimismo, la nueva Terminal incorporar\u00e1 tecnolog\u00eda de vanguardia inspirada en modelos aeroportuarios tales como terminales digitales de autogesti\u00f3n, pantallas con informaci\u00f3n en tiempo real, cintas transportadoras, sistemas de despacho de equipaje, c\u00e1maras de seguridad, acceso por tarjetas de proximidad y plena accesibilidad para personas con discapacidad. Todo dise\u00f1ado para ofrecer una experiencia \u00e1gil, moderna y segura.<\/p>\n<p>Esta transformaci\u00f3n apunta a mucho m\u00e1s que mejorar la infraestructura, puesto que tambi\u00e9n busca consolidar la terminal como un polo social y comercial, un punto de encuentro con identidad propia que fortalezca el sentido de pertenencia de los sanjuaninos y potencie la conectividad con otras provincias y pa\u00edses vecinos.<\/p>\n<p><img loading=\"lazy\" decoding=\"async\" class=\"alignnone size-large wp-image-87606\" src=\"https:\/\/vocesparalelas.com.ar\/sitio\/wp-content\/uploads\/2025\/06\/SAN-JUAN-TERMINAL-OMNIBUS-03.jpg\" alt=\"\" width=\"800\" height=\"486\" srcset=\"https:\/\/vocesparalelas.com.ar\/sitio\/wp-content\/uploads\/2025\/06\/SAN-JUAN-TERMINAL-OMNIBUS-03.jpg 800w, https:\/\/vocesparalelas.com.ar\/sitio\/wp-content\/uploads\/2025\/06\/SAN-JUAN-TERMINAL-OMNIBUS-03-300x182.jpg 300w, https:\/\/vocesparalelas.com.ar\/sitio\/wp-content\/uploads\/2025\/06\/SAN-JUAN-TERMINAL-OMNIBUS-03-768x467.jpg 768w\" sizes=\"auto, (max-width: 800px) 100vw, 800px\" \/><\/p>\n<p>Entendiendo que la Terminal, en funcionamiento desde 1973, es parte de la memoria colectiva de los sanjuaninos y un nodo clave del sistema de transporte interprovincial y nacional, y que su ubicaci\u00f3n estrat\u00e9gica -cercana a hospitales, organismos p\u00fablicos y principales rutas- la convierte en un punto neur\u00e1lgico para quienes necesitan desplazarse de forma c\u00f3moda y eficiente, es que esta obra resulta de vital importancia para todos los sanjuaninos, y reafirma el compromiso del Gobierno de San Juan con la modernizaci\u00f3n, la inclusi\u00f3n y el desarrollo sostenible, apostando a una infraestructura p\u00fablica que mejore la calidad de vida de todos los ciudadanos.<\/p>\n<p><img loading=\"lazy\" decoding=\"async\" class=\"alignnone size-full wp-image-65642\" src=\"https:\/\/vocesparalelas.com.ar\/sitio\/wp-content\/uploads\/2023\/11\/GOBIERNO-SAN-JUAN.jpg\" alt=\"\" width=\"800\" height=\"600\" srcset=\"https:\/\/vocesparalelas.com.ar\/sitio\/wp-content\/uploads\/2023\/11\/GOBIERNO-SAN-JUAN.jpg 800w, https:\/\/vocesparalelas.com.ar\/sitio\/wp-content\/uploads\/2023\/11\/GOBIERNO-SAN-JUAN-300x225.jpg 300w, https:\/\/vocesparalelas.com.ar\/sitio\/wp-content\/uploads\/2023\/11\/GOBIERNO-SAN-JUAN-768x576.jpg 768w\" sizes=\"auto, (max-width: 800px) 100vw, 800px\" \/><\/p>\n","protected":false},"excerpt":{"rendered":"<p>El gobernador de San Juan, Dr. Marcelo Orrego se reuni\u00f3 con el ministro de Infraestructura, Agua y Energ\u00eda, del Gobierno<\/p>\n","protected":false},"author":3,"featured_media":87604,"comment_status":"closed","ping_status":"closed","sticky":false,"template":"","format":"standard","meta":{"_acf_changed":false,"_seopress_robots_primary_cat":"none","_seopress_titles_title":"","_seopress_titles_desc":"","_seopress_robots_index":"","colormag_page_container_layout":"default_layout","colormag_page_sidebar_layout":"default_layout","footnotes":""},"categories":[1,7],"tags":[],"class_list":["post-87601","post","type-post","status-publish","format-standard","has-post-thumbnail","hentry","category-destacadas","category-videos"],"acf":[],"_links":{"self":[{"href":"https:\/\/vocesparalelas.com.ar\/sitio\/wp-json\/wp\/v2\/posts\/87601","targetHints":{"allow":["GET"]}}],"collection":[{"href":"https:\/\/vocesparalelas.com.ar\/sitio\/wp-json\/wp\/v2\/posts"}],"about":[{"href":"https:\/\/vocesparalelas.com.ar\/sitio\/wp-json\/wp\/v2\/types\/post"}],"author":[{"embeddable":true,"href":"https:\/\/vocesparalelas.com.ar\/sitio\/wp-json\/wp\/v2\/users\/3"}],"replies":[{"embeddable":true,"href":"https:\/\/vocesparalelas.com.ar\/sitio\/wp-json\/wp\/v2\/comments?post=87601"}],"version-history":[{"count":1,"href":"https:\/\/vocesparalelas.com.ar\/sitio\/wp-json\/wp\/v2\/posts\/87601\/revisions"}],"predecessor-version":[{"id":87607,"href":"https:\/\/vocesparalelas.com.ar\/sitio\/wp-json\/wp\/v2\/posts\/87601\/revisions\/87607"}],"wp:featuredmedia":[{"embeddable":true,"href":"https:\/\/vocesparalelas.com.ar\/sitio\/wp-json\/wp\/v2\/media\/87604"}],"wp:attachment":[{"href":"https:\/\/vocesparalelas.com.ar\/sitio\/wp-json\/wp\/v2\/media?parent=87601"}],"wp:term":[{"taxonomy":"category","embeddable":true,"href":"https:\/\/vocesparalelas.com.ar\/sitio\/wp-json\/wp\/v2\/categories?post=87601"},{"taxonomy":"post_tag","embeddable":true,"href":"https:\/\/vocesparalelas.com.ar\/sitio\/wp-json\/wp\/v2\/tags?post=87601"}],"curies":[{"name":"wp","href":"https:\/\/api.w.org\/{rel}","templated":true}]}}