{"id":87597,"date":"2025-06-15T10:22:50","date_gmt":"2025-06-15T13:22:50","guid":{"rendered":"https:\/\/vocesparalelas.com.ar\/sitio\/?p=87597"},"modified":"2025-06-16T11:14:03","modified_gmt":"2025-06-16T14:14:03","slug":"padres-que-madrugan-por-amor","status":"publish","type":"post","link":"https:\/\/vocesparalelas.com.ar\/sitio\/padres-que-madrugan-por-amor\/","title":{"rendered":"Padres que madrugan por amor"},"content":{"rendered":"<p>Por el Arzobispo de San Juan de Cuyo, Monse\u00f1or Jorge Eduardo Lozano<\/p>\n<p>Cada tercer domingo de junio celebramos en Argentina el D\u00eda del Padre, una fecha que nos invita no solo a entregar un regalo o compartir un almuerzo en familia, sino a reconocer, agradecer y alentar a tantos hombres que, silenciosamente, construyen la vida del hogar y la sociedad d\u00eda a d\u00eda con esfuerzo y amor.<\/p>\n<p>Queremos hoy dirigirnos especialmente a vos, pap\u00e1 trabajador, que te levant\u00e1s muy temprano cada ma\u00f1ana, aun cuando el cuerpo pide un rato m\u00e1s de descanso, para salir a buscar el pan, para sostener el hogar, para no fallar en la responsabilidad que elegiste con alegr\u00eda y tal vez, tambi\u00e9n, temores.<\/p>\n<p>En una oportunidad Jes\u00fas dijo a los disc\u00edpulos: <strong>\u201c<\/strong>El que trabaja merece su salario\u201d (Lucas 10,7). Varias veces hemos conversado con pap\u00e1s que salen muchas horas a cartonear buscando, con fr\u00edo o calor, c\u00f3mo llevar algo a casa. Dios ve tu esfuerzo y no lo pasa por alto. \u00c9l te acompa\u00f1a cuando sal\u00eds con el cielo todav\u00eda oscuro y volv\u00e9s a veces sin haber sido comprendido, o sin que nadie te pregunte c\u00f3mo te fue. Pero cada jornada tuya es una semilla de amor sembrada en el coraz\u00f3n de tus hijos. Aunque creas que no te miran, ellos te observan. Te admiran m\u00e1s de lo que imagin\u00e1s.<\/p>\n<p>La vida de familia no se sostiene s\u00f3lo con plata. Tambi\u00e9n se alimenta de afecto, de ternura, de momentos compartidos. Por eso, adem\u00e1s de animarte en tu lucha diaria, queremos invitarte hoy a no dejar pasar esos peque\u00f1os gestos que hacen que un hijo se sienta querido: ayudar a remontar un barrilete, ense\u00f1ar a andar en bicicleta, jugar juntos al f\u00fatbol o a las cartas, acompa\u00f1ar en una tarea escolar aunque no sepas mucho del tema, cocinar juntos un arroz con lo que haya. Peque\u00f1os gestos que son grandes momentos, muchas veces inolvidables.<\/p>\n<p>Denis Lord, un novelista canadiense, escribi\u00f3 una vez: \u201cUn padre no es el que da la vida, eso ser\u00eda demasiado f\u00e1cil, un padre es el que da el amor\u201d.<\/p>\n<p>Y ese amor tambi\u00e9n se demuestra con presencia. El tiempo vale m\u00e1s que el regalo m\u00e1s caro. Un rato con vos puede sanar tristezas, dar seguridad, hacer que tus hijos crean en s\u00ed mismos.<\/p>\n<p>La ternura de un padre deja huella. Porque no todo es ense\u00f1ar a ser fuerte: tambi\u00e9n hace falta mostrar que uno puede emocionarse, pedir perd\u00f3n, abrazar sin decir nada, acompa\u00f1ar una noche de fiebre o una decepci\u00f3n escolar. Esas cosas, aunque parezcan peque\u00f1as, hacen que los hijos crezcan m\u00e1s seguros, m\u00e1s plenos, m\u00e1s humanos.<\/p>\n<p>En varias oportunidades la Biblia mira el amor humano para ense\u00f1arnos acerca de Dios. Fijate c\u00f3mo reza en Salmo: \u201cComo un padre siente ternura<\/p>\n<p>por sus hijos, as\u00ed siente ternura el Se\u00f1or por sus fieles\u201d (Salmo 103,13). El ejemplo del buen padre humano es reflejo del amor del Padre celestial.<\/p>\n<p>Los hijos necesitan afecto, s\u00ed, y tambi\u00e9n gu\u00eda. Ayudalos a cuidar su salud, a no abandonar el colegio, a tener metas y sue\u00f1os. Hablales de Dios, rez\u00e1 con ellos, mostrate como alguien que tambi\u00e9n busca crecer en la fe. Un pap\u00e1 creyente no es un superhombre: es un hombre que sabe que necesita ayuda, que camina con Dios y que ense\u00f1a a confiar.<\/p>\n<p>Y record\u00e1 esto: aunque tus hijos crezcan, siempre vas a ser su pap\u00e1. No dejes de estar cerca. Tu palabra, tu abrazo, tu mirada siguen siendo importantes. Incluso cuando no te lo dicen o cuando ya sos abuelo.<\/p>\n<p>En este d\u00eda tambi\u00e9n pensamos en los ni\u00f1os que no tienen pap\u00e1 cerca, o que lo han perdido. Vos, pap\u00e1, pod\u00e9s ser modelo, gu\u00eda, compa\u00f1\u00eda para alg\u00fan ni\u00f1o o adolescente que anda desorientado o solo. Mir\u00e1 a los amigos cercanos de tus hijos y acogelos en tu coraz\u00f3n. Tu manera de ser puede encender una luz en otros. Escribi\u00f3 Friedrich Schiller: \u201cNo es la carne y la sangre, sino el coraz\u00f3n, lo que nos hace padres e hijos\u201d. Eso es un padre: ra\u00edz, refugio, horizonte.<\/p>\n<p>Que en este D\u00eda del Padre te sientas valorado, bendecido y acompa\u00f1ado. Que puedas agradecer lo vivido y animarte a seguir construyendo, con tus errores y aciertos, una familia donde haya amor, ternura y fe.<\/p>\n<p>Con mi cari\u00f1o y admiraci\u00f3n rezo por vos. Feliz d\u00eda, pap\u00e1. Gracias por todo lo que das.<\/p>\n<p><iframe loading=\"lazy\" title=\"SAN JUAN MONSE\u00d1OR JORGE LOZANO\" width=\"800\" height=\"450\" src=\"https:\/\/www.youtube.com\/embed\/RZaO-LPf0Qg?feature=oembed\" frameborder=\"0\" allow=\"accelerometer; autoplay; clipboard-write; encrypted-media; gyroscope; picture-in-picture; web-share\" referrerpolicy=\"strict-origin-when-cross-origin\" allowfullscreen><\/iframe><\/p>\n<p><img loading=\"lazy\" decoding=\"async\" class=\"alignnone size-full wp-image-61416\" src=\"https:\/\/vocesparalelas.com.ar\/sitio\/wp-content\/uploads\/2023\/07\/ARZOBISPADO-EDIFICIO.jpg\" alt=\"\" width=\"800\" height=\"600\" srcset=\"https:\/\/vocesparalelas.com.ar\/sitio\/wp-content\/uploads\/2023\/07\/ARZOBISPADO-EDIFICIO.jpg 800w, https:\/\/vocesparalelas.com.ar\/sitio\/wp-content\/uploads\/2023\/07\/ARZOBISPADO-EDIFICIO-300x225.jpg 300w, https:\/\/vocesparalelas.com.ar\/sitio\/wp-content\/uploads\/2023\/07\/ARZOBISPADO-EDIFICIO-768x576.jpg 768w\" sizes=\"auto, (max-width: 800px) 100vw, 800px\" \/><\/p>\n","protected":false},"excerpt":{"rendered":"<p>Por el Arzobispo de San Juan de Cuyo, Monse\u00f1or Jorge Eduardo Lozano Cada tercer domingo de junio celebramos en Argentina<\/p>\n","protected":false},"author":3,"featured_media":81112,"comment_status":"closed","ping_status":"closed","sticky":false,"template":"","format":"standard","meta":{"_acf_changed":false,"_seopress_robots_primary_cat":"none","_seopress_titles_title":"","_seopress_titles_desc":"","_seopress_robots_index":"","colormag_page_container_layout":"default_layout","colormag_page_sidebar_layout":"default_layout","footnotes":""},"categories":[10,7],"tags":[],"class_list":["post-87597","post","type-post","status-publish","format-standard","has-post-thumbnail","hentry","category-opiniones","category-videos"],"acf":[],"_links":{"self":[{"href":"https:\/\/vocesparalelas.com.ar\/sitio\/wp-json\/wp\/v2\/posts\/87597","targetHints":{"allow":["GET"]}}],"collection":[{"href":"https:\/\/vocesparalelas.com.ar\/sitio\/wp-json\/wp\/v2\/posts"}],"about":[{"href":"https:\/\/vocesparalelas.com.ar\/sitio\/wp-json\/wp\/v2\/types\/post"}],"author":[{"embeddable":true,"href":"https:\/\/vocesparalelas.com.ar\/sitio\/wp-json\/wp\/v2\/users\/3"}],"replies":[{"embeddable":true,"href":"https:\/\/vocesparalelas.com.ar\/sitio\/wp-json\/wp\/v2\/comments?post=87597"}],"version-history":[{"count":1,"href":"https:\/\/vocesparalelas.com.ar\/sitio\/wp-json\/wp\/v2\/posts\/87597\/revisions"}],"predecessor-version":[{"id":87600,"href":"https:\/\/vocesparalelas.com.ar\/sitio\/wp-json\/wp\/v2\/posts\/87597\/revisions\/87600"}],"wp:featuredmedia":[{"embeddable":true,"href":"https:\/\/vocesparalelas.com.ar\/sitio\/wp-json\/wp\/v2\/media\/81112"}],"wp:attachment":[{"href":"https:\/\/vocesparalelas.com.ar\/sitio\/wp-json\/wp\/v2\/media?parent=87597"}],"wp:term":[{"taxonomy":"category","embeddable":true,"href":"https:\/\/vocesparalelas.com.ar\/sitio\/wp-json\/wp\/v2\/categories?post=87597"},{"taxonomy":"post_tag","embeddable":true,"href":"https:\/\/vocesparalelas.com.ar\/sitio\/wp-json\/wp\/v2\/tags?post=87597"}],"curies":[{"name":"wp","href":"https:\/\/api.w.org\/{rel}","templated":true}]}}