{"id":87592,"date":"2025-06-14T20:03:45","date_gmt":"2025-06-14T23:03:45","guid":{"rendered":"https:\/\/vocesparalelas.com.ar\/sitio\/?p=87592"},"modified":"2025-06-16T20:25:47","modified_gmt":"2025-06-16T23:25:47","slug":"declaracion-de-la-presidenta-de-la-corte-de-justicia-de-san-juan-dra-adriana-garcia-nieto","status":"publish","type":"post","link":"https:\/\/vocesparalelas.com.ar\/sitio\/declaracion-de-la-presidenta-de-la-corte-de-justicia-de-san-juan-dra-adriana-garcia-nieto\/","title":{"rendered":"Declaraci\u00f3n de la Presidenta de la Corte de Justicia de San Juan, Dra. Adriana Garc\u00eda Nieto"},"content":{"rendered":"<p>Antes del comienzo del acto del reconocimiento a la trayectoria del Periodista, en la Sede Acad\u00e9mica del Poder Judicial en el Club Sirio Liban\u00e9s, la Presidenta de la Corte de Justicia de San Juan, Dra. Adriana Garc\u00eda Nieto realiz\u00f3 contacto con los Periodistas San Juan, quienes realizaron diferentes preguntas y que fueron respondidas.<\/p>\n<p><iframe loading=\"lazy\" title=\"CJSJ PRESIDENTA DRA ADRIANA GARCIA NIETO\" width=\"800\" height=\"450\" src=\"https:\/\/www.youtube.com\/embed\/U7qklVAIOss?feature=oembed\" frameborder=\"0\" allow=\"accelerometer; autoplay; clipboard-write; encrypted-media; gyroscope; picture-in-picture; web-share\" referrerpolicy=\"strict-origin-when-cross-origin\" allowfullscreen><\/iframe><\/p>\n<p>&nbsp;<\/p>\n<p><img loading=\"lazy\" decoding=\"async\" class=\"alignnone size-full wp-image-62371\" src=\"https:\/\/vocesparalelas.com.ar\/sitio\/wp-content\/uploads\/2023\/08\/CORTE-JUSTICIA-SAN-JUAN-01.jpg\" alt=\"\" width=\"800\" height=\"503\" srcset=\"https:\/\/vocesparalelas.com.ar\/sitio\/wp-content\/uploads\/2023\/08\/CORTE-JUSTICIA-SAN-JUAN-01.jpg 800w, https:\/\/vocesparalelas.com.ar\/sitio\/wp-content\/uploads\/2023\/08\/CORTE-JUSTICIA-SAN-JUAN-01-300x189.jpg 300w, https:\/\/vocesparalelas.com.ar\/sitio\/wp-content\/uploads\/2023\/08\/CORTE-JUSTICIA-SAN-JUAN-01-768x483.jpg 768w\" sizes=\"auto, (max-width: 800px) 100vw, 800px\" \/><\/p>\n","protected":false},"excerpt":{"rendered":"<p>Antes del comienzo del acto del reconocimiento a la trayectoria del Periodista, en la Sede Acad\u00e9mica del Poder Judicial en<\/p>\n","protected":false},"author":3,"featured_media":87595,"comment_status":"closed","ping_status":"closed","sticky":false,"template":"","format":"standard","meta":{"_acf_changed":false,"_seopress_robots_primary_cat":"none","_seopress_titles_title":"","_seopress_titles_desc":"","_seopress_robots_index":"","colormag_page_container_layout":"default_layout","colormag_page_sidebar_layout":"default_layout","footnotes":""},"categories":[10,7],"tags":[],"class_list":["post-87592","post","type-post","status-publish","format-standard","has-post-thumbnail","hentry","category-opiniones","category-videos"],"acf":[],"_links":{"self":[{"href":"https:\/\/vocesparalelas.com.ar\/sitio\/wp-json\/wp\/v2\/posts\/87592","targetHints":{"allow":["GET"]}}],"collection":[{"href":"https:\/\/vocesparalelas.com.ar\/sitio\/wp-json\/wp\/v2\/posts"}],"about":[{"href":"https:\/\/vocesparalelas.com.ar\/sitio\/wp-json\/wp\/v2\/types\/post"}],"author":[{"embeddable":true,"href":"https:\/\/vocesparalelas.com.ar\/sitio\/wp-json\/wp\/v2\/users\/3"}],"replies":[{"embeddable":true,"href":"https:\/\/vocesparalelas.com.ar\/sitio\/wp-json\/wp\/v2\/comments?post=87592"}],"version-history":[{"count":1,"href":"https:\/\/vocesparalelas.com.ar\/sitio\/wp-json\/wp\/v2\/posts\/87592\/revisions"}],"predecessor-version":[{"id":87596,"href":"https:\/\/vocesparalelas.com.ar\/sitio\/wp-json\/wp\/v2\/posts\/87592\/revisions\/87596"}],"wp:featuredmedia":[{"embeddable":true,"href":"https:\/\/vocesparalelas.com.ar\/sitio\/wp-json\/wp\/v2\/media\/87595"}],"wp:attachment":[{"href":"https:\/\/vocesparalelas.com.ar\/sitio\/wp-json\/wp\/v2\/media?parent=87592"}],"wp:term":[{"taxonomy":"category","embeddable":true,"href":"https:\/\/vocesparalelas.com.ar\/sitio\/wp-json\/wp\/v2\/categories?post=87592"},{"taxonomy":"post_tag","embeddable":true,"href":"https:\/\/vocesparalelas.com.ar\/sitio\/wp-json\/wp\/v2\/tags?post=87592"}],"curies":[{"name":"wp","href":"https:\/\/api.w.org\/{rel}","templated":true}]}}