{"id":87583,"date":"2025-06-14T12:32:23","date_gmt":"2025-06-14T15:32:23","guid":{"rendered":"https:\/\/vocesparalelas.com.ar\/sitio\/?p=87583"},"modified":"2025-06-20T00:37:16","modified_gmt":"2025-06-20T03:37:16","slug":"homenaje-y-reconocimiento-a-los-periodistas-por-la-corte-de-justicia-de-san-juan","status":"publish","type":"post","link":"https:\/\/vocesparalelas.com.ar\/sitio\/homenaje-y-reconocimiento-a-los-periodistas-por-la-corte-de-justicia-de-san-juan\/","title":{"rendered":"Homenaje y Reconocimiento a los Periodistas por la Corte de Justicia de San Juan"},"content":{"rendered":"<p>La Presidenta de la Corte de Justicia de San Juan, Dra. Adriana Garc\u00eda Nieto, junto a los ministros Dr. Juan Jos\u00e9 Victoria y Dr. Marcelo Jorge Lima, encabezaron un acto con motivo de conmemorarse el 7 de junio el D\u00eda del Periodista, en el que se reconoci\u00f3 la trayectoria y se realiz\u00f3 un homenaje Post Mortem a periodistas.<\/p>\n<p>En sus palabras de apertura la Presidenta de la Corte de Justicia de San Juan, Dra. Adriana Garc\u00eda Nieto, expres\u00f3 que \u201cen estos \u00faltimos a\u00f1os, el Poder Judicial de San Juan, a trav\u00e9s de la Corte de Justicia los recibe para celebrar el D\u00eda del y la Periodista. Y en ese marco, reconocerles la profesionalidad y el compromiso con el que desarrollan su labor que permite ser puente entre la sociedad y este poder del Estado. Y digo ser puente y no barrera, porque justamente siendo puente es que nos permite a cada uno de nosotros cumplir con la funci\u00f3n que tenemos al servicio de la comunidad\u201d.<\/p>\n<p><iframe loading=\"lazy\" title=\"CJSJ PRESIDENTA DRA ADRIANA GARCIA NIETO\" width=\"800\" height=\"450\" src=\"https:\/\/www.youtube.com\/embed\/KnGXtYgbZ5Y?feature=oembed\" frameborder=\"0\" allow=\"accelerometer; autoplay; clipboard-write; encrypted-media; gyroscope; picture-in-picture; web-share\" referrerpolicy=\"strict-origin-when-cross-origin\" allowfullscreen><\/iframe><\/p>\n<p>Finalmente, la Presidenta de la Corte de Justicia de San Juan, Dra. Adriana Garc\u00eda Nieto agradeci\u00f3 a los Periodistas el compromiso profesional<\/p>\n<p><iframe loading=\"lazy\" title=\"CJSJ PRESIDENTA DRA ADRIANA GARCIA NIETO\" width=\"800\" height=\"450\" src=\"https:\/\/www.youtube.com\/embed\/U0dK5KJhhAA?feature=oembed\" frameborder=\"0\" allow=\"accelerometer; autoplay; clipboard-write; encrypted-media; gyroscope; picture-in-picture; web-share\" referrerpolicy=\"strict-origin-when-cross-origin\" allowfullscreen><\/iframe><\/p>\n<p>&nbsp;<\/p>\n<p>Luego, se proyect\u00f3 un video en el que el periodista Rony Vargas, referente del periodismo radial sanjuanino y del pa\u00eds, quien no pudo estar presente en el acto, expres\u00f3 un afectuoso mensaje por el acto de reconocimientos.<\/p>\n<p><strong><span style=\"color: #800080;\">HOMENAJE POST MORTEM<\/span><\/strong><\/p>\n<p>A continuaci\u00f3n, la Corte de Justicia realiz\u00f3 un Homenaje Post Mortem a trav\u00e9s de la proyecci\u00f3n de un video a los periodistas destacando la tarea que dejaron su legado en la radio, la televisi\u00f3n y la gr\u00e1fica.<\/p>\n<ul>\n<li>Mario Pereyra,<\/li>\n<li>Nina Galv\u00e1n,<\/li>\n<li>H\u00e9ctor Podda,<\/li>\n<li>Leonardo Muro y<\/li>\n<li>Leopoldo Urisa<\/li>\n<\/ul>\n<p>El primer Homenaje Post Mortem fue para Mario Pereyra. La presidenta de la Corte de Justicia, Dra. Garc\u00eda Nieto, hizo entrega de la distinci\u00f3n a su esposa, Estela Gonz\u00e1lez, quien viaj\u00f3 especialmente desde C\u00f3rdoba para asistir al acto. Mario Pereyra falleci\u00f3 en el 2020 a los 77 a\u00f1os. Se trata de una de las grandes leyendas de la radio argentina,<br \/>\ncomenzando por Radio Col\u00f3n y luego como director de Cadena 3, provincia de C\u00f3rdoba.<\/p>\n<p>Seguidamente, se hizo entrega de la plaqueta en homenaje a Nina Galv\u00e1n, a sus hijas, Mar\u00eda Gabriela y Mar\u00eda Fernanda Galv\u00e1n y nietos. Fue una de las personalidades m\u00e1s reconocidas de la televisi\u00f3n sanjuanina. Falleci\u00f3 el 4 de abril de 2025 a los 86 a\u00f1os. Figura destacada en la historia de los medios en San Juan, conocida por su labor como<br \/>\nconductora, sobre todo en su programa Femenina por la pantalla de Canal 8 y productora. Su nombre se asocia con una \u00e9poca de oro de la televisi\u00f3n de San Juan.<\/p>\n<p>A continuaci\u00f3n, el homenaje a H\u00e9ctor Podda se hizo entrega de la distinci\u00f3n a su hija Marcela Podda. H\u00e9ctor Podda fue actor en la Escuela de Arte Dram\u00e1tico de la Provincia y luego director de teatro. En los \u201870 se inici\u00f3 en el periodismo radial y desarroll\u00f3 la mayor parte de su carrera en los micr\u00f3fonos de LV5 Radio Sarmiento.<\/p>\n<p>Posteriormente, se hizo entrega de la plaqueta a Andr\u00e9s y Gabriel Muro, en homenaje a su padre, Leonardo Muro, reconocido periodista radial y televisivo. Falleci\u00f3 en septiembre de 2024 a los 53 a\u00f1os. Fue locutor, productor y periodista. Tambi\u00e9n estuvo presente su madre Beatriz Ruiz y familiares.<\/p>\n<p>Adem\u00e1s, la Corte de Justicia hizo entrega de la distinci\u00f3n a Mariano Leopoldo y Soledad Urisa, hijos del reportero gr\u00e1fico Leopoldo Urisa, el cual falleci\u00f3 el 24 de agosto de 2015 a la edad de 60 a\u00f1os. Desempe\u00f1\u00f3 una extensa carrera como Reportero Gr\u00e1fico en Diario de Cuyo, retratando momentos hist\u00f3ricos en la vida pol\u00edtica, institucional y deportiva de la provincia.<\/p>\n<p><strong><span style=\"color: #800080;\">RECONOCIMIENTO A LA TRAYECTORIA<\/span><\/strong><\/p>\n<p>Tambi\u00e9n, se realiz\u00f3 un Reconocimiento a la Trayectoria a periodistas exponentes de la comunidad medi\u00e1tica:<\/p>\n<ul>\n<li>Rony Vargas,<\/li>\n<li>Celia Illanes,<\/li>\n<li>Elizabeth P\u00e9rez,<\/li>\n<li>Osvaldo Benmuyal y<\/li>\n<li>Antonio Nacusi<\/li>\n<\/ul>\n<p>La presidenta de la Corte de Justicia, Dra. Garc\u00eda Nieto, realiz\u00f3 la entrega de la placa a Rony Vargas, recibiendo el reconocimiento en su nombre su hermana M\u00f3nica Vargas. Fue maestro rural con 17 a\u00f1os en Divisadero. En 1962 comenz\u00f3 en LVI Radio Col\u00f3n leyendo avisos comerciales. En 1964 conoci\u00f3 en la puerta de esa emisora a Mario Pereyra y naci\u00f3 una relaci\u00f3n que dur\u00f3 toda la vida: convirtieron a Radio LV3 en Cadena 3, una radio federal con 430 emisoras adheridas en cada provincia Argentina.<\/p>\n<p>Seguidamente, el director de la Direcci\u00f3n de Comunicaci\u00f3n Institucional del Poder Judicial, Gustavo Mart\u00ednez Puga, realiz\u00f3 la entrega de la distinci\u00f3n a Celia Illanes, quien comenz\u00f3 a desarrollar su carrera en 1987 sin parar hasta el d\u00eda de hoy, en su casa que la vio nacer, LV1 Radio Col\u00f3n. Trabaj\u00f3 en Radio San Mart\u00edn, Radio Vida y Radio Armon\u00eda,<br \/>\ndonde se desempe\u00f1\u00f3 22 a\u00f1os. Productora period\u00edstica. Llev\u00f3 sus programas \u201cSin Vueltas\u201d y \u201cValor Agregado\u201d a diferentes medios.<\/p>\n<p>Luego, la Dra. Adriana Garc\u00eda Nieto hizo entrega de la placa a Elizabeth P\u00e9rez, licenciada en Comunicaci\u00f3n Social (UNSJ). Desde 1994 en Diario de Cuyo, Cronista de Informaci\u00f3n Gral. y Pol\u00edtica. Desde 2001 jefa de Econom\u00eda, siendo la primera mujer en ocupar ese cargo en ese medio de comunicaci\u00f3n escrito, donde retir\u00f3 por jubilaci\u00f3n.<br \/>\nActualmente trabaja en tiempo de San Juan.<\/p>\n<p>El Ministro de la Corte de Justicia, Dr. Juan Jos\u00e9 Victoria, entreg\u00f3 la plaqueta a Oslvado Benmuyal, creador y conductor desde hace 34 a\u00f1os del programa Con Alma y Vida. Director y \u00fanico propietario de Radio Estaci\u00f3n Claridad. Condujo los informativos de Canal 5 Telesol y Canal 8 San Juan, donde actualmente junto a su compa\u00f1era de vida Mar\u00eda Silvia Mart\u00edn conducen Pensar San Juan.<\/p>\n<p>Finalmente, el Ministro de la Corte, Dr. Marcelo Jorge Lima, hizo entrega de la distinci\u00f3n a Antonio Nacusi, quien comenz\u00f3 en Convicciones, peri\u00f3dico del Colegio Nacional \u201cPablo Cabrera\u201d. Licenciado en Ciencias de la Comunicaci\u00f3n (UNSJ). Trabaj\u00f3 en las radios Nacional, Col\u00f3n, Sarmiento, La Paz y Vida; Canal 8. Desde el 2006 es Director y Propietario de Radio Antena 1, donde conduce el cl\u00e1sico \u201cCaf\u00e9 a la Turca\u201d, con 27 a\u00f1os al aire.<\/p>\n<p><img loading=\"lazy\" decoding=\"async\" class=\"alignnone size-full wp-image-87590\" src=\"https:\/\/vocesparalelas.com.ar\/sitio\/wp-content\/uploads\/2025\/06\/CJSJ-PERIODISTAS-02.jpg\" alt=\"\" width=\"800\" height=\"533\" srcset=\"https:\/\/vocesparalelas.com.ar\/sitio\/wp-content\/uploads\/2025\/06\/CJSJ-PERIODISTAS-02.jpg 800w, https:\/\/vocesparalelas.com.ar\/sitio\/wp-content\/uploads\/2025\/06\/CJSJ-PERIODISTAS-02-300x200.jpg 300w, https:\/\/vocesparalelas.com.ar\/sitio\/wp-content\/uploads\/2025\/06\/CJSJ-PERIODISTAS-02-768x512.jpg 768w\" sizes=\"auto, (max-width: 800px) 100vw, 800px\" \/><\/p>\n<p><span style=\"color: #800080;\"><strong>La actividad se desarroll\u00f3 e 12 de junio en la Sede Acad\u00e9mica del Poder Judicial del Club Sirio Liban\u00e9s.\u00a0<\/strong><\/span><\/p>\n<p><iframe loading=\"lazy\" title=\"Acto d\u00eda del Periodista 2025 de la Corte de Justicia de San Juan\" width=\"800\" height=\"450\" src=\"https:\/\/www.youtube.com\/embed\/ErvPSQIq16U?feature=oembed\" frameborder=\"0\" allow=\"accelerometer; autoplay; clipboard-write; encrypted-media; gyroscope; picture-in-picture; web-share\" referrerpolicy=\"strict-origin-when-cross-origin\" allowfullscreen><\/iframe><\/p>\n<p>&nbsp;<\/p>\n<p><img loading=\"lazy\" decoding=\"async\" class=\"alignnone size-full wp-image-62371\" src=\"https:\/\/vocesparalelas.com.ar\/sitio\/wp-content\/uploads\/2023\/08\/CORTE-JUSTICIA-SAN-JUAN-01.jpg\" alt=\"\" width=\"800\" height=\"503\" srcset=\"https:\/\/vocesparalelas.com.ar\/sitio\/wp-content\/uploads\/2023\/08\/CORTE-JUSTICIA-SAN-JUAN-01.jpg 800w, https:\/\/vocesparalelas.com.ar\/sitio\/wp-content\/uploads\/2023\/08\/CORTE-JUSTICIA-SAN-JUAN-01-300x189.jpg 300w, https:\/\/vocesparalelas.com.ar\/sitio\/wp-content\/uploads\/2023\/08\/CORTE-JUSTICIA-SAN-JUAN-01-768x483.jpg 768w\" sizes=\"auto, (max-width: 800px) 100vw, 800px\" \/><\/p>\n<p>&nbsp;<\/p>\n<p>&nbsp;<\/p>\n","protected":false},"excerpt":{"rendered":"<p>La Presidenta de la Corte de Justicia de San Juan, Dra. Adriana Garc\u00eda Nieto, junto a los ministros Dr. Juan<\/p>\n","protected":false},"author":3,"featured_media":87586,"comment_status":"closed","ping_status":"closed","sticky":false,"template":"","format":"standard","meta":{"_acf_changed":false,"_seopress_robots_primary_cat":"none","_seopress_titles_title":"","_seopress_titles_desc":"","_seopress_robots_index":"","colormag_page_container_layout":"default_layout","colormag_page_sidebar_layout":"default_layout","footnotes":""},"categories":[10,7],"tags":[],"class_list":["post-87583","post","type-post","status-publish","format-standard","has-post-thumbnail","hentry","category-opiniones","category-videos"],"acf":[],"_links":{"self":[{"href":"https:\/\/vocesparalelas.com.ar\/sitio\/wp-json\/wp\/v2\/posts\/87583","targetHints":{"allow":["GET"]}}],"collection":[{"href":"https:\/\/vocesparalelas.com.ar\/sitio\/wp-json\/wp\/v2\/posts"}],"about":[{"href":"https:\/\/vocesparalelas.com.ar\/sitio\/wp-json\/wp\/v2\/types\/post"}],"author":[{"embeddable":true,"href":"https:\/\/vocesparalelas.com.ar\/sitio\/wp-json\/wp\/v2\/users\/3"}],"replies":[{"embeddable":true,"href":"https:\/\/vocesparalelas.com.ar\/sitio\/wp-json\/wp\/v2\/comments?post=87583"}],"version-history":[{"count":1,"href":"https:\/\/vocesparalelas.com.ar\/sitio\/wp-json\/wp\/v2\/posts\/87583\/revisions"}],"predecessor-version":[{"id":87591,"href":"https:\/\/vocesparalelas.com.ar\/sitio\/wp-json\/wp\/v2\/posts\/87583\/revisions\/87591"}],"wp:featuredmedia":[{"embeddable":true,"href":"https:\/\/vocesparalelas.com.ar\/sitio\/wp-json\/wp\/v2\/media\/87586"}],"wp:attachment":[{"href":"https:\/\/vocesparalelas.com.ar\/sitio\/wp-json\/wp\/v2\/media?parent=87583"}],"wp:term":[{"taxonomy":"category","embeddable":true,"href":"https:\/\/vocesparalelas.com.ar\/sitio\/wp-json\/wp\/v2\/categories?post=87583"},{"taxonomy":"post_tag","embeddable":true,"href":"https:\/\/vocesparalelas.com.ar\/sitio\/wp-json\/wp\/v2\/tags?post=87583"}],"curies":[{"name":"wp","href":"https:\/\/api.w.org\/{rel}","templated":true}]}}