{"id":87573,"date":"2025-06-12T21:40:57","date_gmt":"2025-06-13T00:40:57","guid":{"rendered":"https:\/\/vocesparalelas.com.ar\/sitio\/?p=87573"},"modified":"2025-06-17T21:24:59","modified_gmt":"2025-06-18T00:24:59","slug":"curso-formativo-sobre-abordaje-inicial-del-paciente-quemado-en-el-hospital-dr-marcial-quiroga-de-san-juan","status":"publish","type":"post","link":"https:\/\/vocesparalelas.com.ar\/sitio\/curso-formativo-sobre-abordaje-inicial-del-paciente-quemado-en-el-hospital-dr-marcial-quiroga-de-san-juan\/","title":{"rendered":"Curso Formativo sobre Abordaje Inicial del Paciente Quemado en el Hospital Dr. Marcial Quiroga de San Juan"},"content":{"rendered":"<p data-start=\"76\" data-end=\"270\">Con el inicio en la Zona Sanitaria II, comenz\u00f3 el Curso Formativo sobre Abordaje Inicial del Paciente Quemado, una capacitaci\u00f3n que se desarrollar\u00e1 en las cinco zonas sanitarias de la provincia.<\/p>\n<p data-start=\"272\" data-end=\"410\">La primera jornada tuvo lugar en Caucete y estuvo destinada a m\u00e9dicos y enfermeros de instituciones de primer y segundo nivel de atenci\u00f3n.<\/p>\n<p data-start=\"412\" data-end=\"663\">El objetivo del curso es brindar herramientas a los equipos de salud para el adecuado manejo inicial de pacientes con quemaduras, promoviendo una correcta intervenci\u00f3n en el lugar, as\u00ed como el traslado oportuno al centro de derivaci\u00f3n correspondiente.<\/p>\n<p data-start=\"665\" data-end=\"858\">La capacitaci\u00f3n fue organizada por el Departamento de Medicina Asistencial y la Divisi\u00f3n de Enfermer\u00eda, con la participaci\u00f3n del staff del Servicio de Quemados del Hospital Dr. Marcial Quiroga.<\/p>\n<p data-start=\"665\" data-end=\"858\"><img loading=\"lazy\" decoding=\"async\" class=\"alignnone size-full wp-image-50515\" src=\"https:\/\/vocesparalelas.com.ar\/sitio\/wp-content\/uploads\/2022\/07\/HMQ-FRENTE.jpg\" alt=\"\" width=\"800\" height=\"600\" srcset=\"https:\/\/vocesparalelas.com.ar\/sitio\/wp-content\/uploads\/2022\/07\/HMQ-FRENTE.jpg 800w, https:\/\/vocesparalelas.com.ar\/sitio\/wp-content\/uploads\/2022\/07\/HMQ-FRENTE-300x225.jpg 300w, https:\/\/vocesparalelas.com.ar\/sitio\/wp-content\/uploads\/2022\/07\/HMQ-FRENTE-768x576.jpg 768w\" sizes=\"auto, (max-width: 800px) 100vw, 800px\" \/><\/p>\n","protected":false},"excerpt":{"rendered":"<p>Con el inicio en la Zona Sanitaria II, comenz\u00f3 el Curso Formativo sobre Abordaje Inicial del Paciente Quemado, una capacitaci\u00f3n<\/p>\n","protected":false},"author":3,"featured_media":87576,"comment_status":"closed","ping_status":"closed","sticky":false,"template":"","format":"standard","meta":{"_acf_changed":false,"_seopress_robots_primary_cat":"none","_seopress_titles_title":"","_seopress_titles_desc":"","_seopress_robots_index":"","colormag_page_container_layout":"default_layout","colormag_page_sidebar_layout":"default_layout","footnotes":""},"categories":[9],"tags":[],"class_list":["post-87573","post","type-post","status-publish","format-standard","has-post-thumbnail","hentry","category-cursos"],"acf":[],"_links":{"self":[{"href":"https:\/\/vocesparalelas.com.ar\/sitio\/wp-json\/wp\/v2\/posts\/87573","targetHints":{"allow":["GET"]}}],"collection":[{"href":"https:\/\/vocesparalelas.com.ar\/sitio\/wp-json\/wp\/v2\/posts"}],"about":[{"href":"https:\/\/vocesparalelas.com.ar\/sitio\/wp-json\/wp\/v2\/types\/post"}],"author":[{"embeddable":true,"href":"https:\/\/vocesparalelas.com.ar\/sitio\/wp-json\/wp\/v2\/users\/3"}],"replies":[{"embeddable":true,"href":"https:\/\/vocesparalelas.com.ar\/sitio\/wp-json\/wp\/v2\/comments?post=87573"}],"version-history":[{"count":1,"href":"https:\/\/vocesparalelas.com.ar\/sitio\/wp-json\/wp\/v2\/posts\/87573\/revisions"}],"predecessor-version":[{"id":87577,"href":"https:\/\/vocesparalelas.com.ar\/sitio\/wp-json\/wp\/v2\/posts\/87573\/revisions\/87577"}],"wp:featuredmedia":[{"embeddable":true,"href":"https:\/\/vocesparalelas.com.ar\/sitio\/wp-json\/wp\/v2\/media\/87576"}],"wp:attachment":[{"href":"https:\/\/vocesparalelas.com.ar\/sitio\/wp-json\/wp\/v2\/media?parent=87573"}],"wp:term":[{"taxonomy":"category","embeddable":true,"href":"https:\/\/vocesparalelas.com.ar\/sitio\/wp-json\/wp\/v2\/categories?post=87573"},{"taxonomy":"post_tag","embeddable":true,"href":"https:\/\/vocesparalelas.com.ar\/sitio\/wp-json\/wp\/v2\/tags?post=87573"}],"curies":[{"name":"wp","href":"https:\/\/api.w.org\/{rel}","templated":true}]}}