{"id":87566,"date":"2025-06-12T21:25:24","date_gmt":"2025-06-13T00:25:24","guid":{"rendered":"https:\/\/vocesparalelas.com.ar\/sitio\/?p=87566"},"modified":"2025-06-12T21:36:54","modified_gmt":"2025-06-13T00:36:54","slug":"sesiono-la-mesa-nacional-de-came-joven-en-san-juan","status":"publish","type":"post","link":"https:\/\/vocesparalelas.com.ar\/sitio\/sesiono-la-mesa-nacional-de-came-joven-en-san-juan\/","title":{"rendered":"Sesion\u00f3 la Mesa Nacional de CAME Joven en San Juan"},"content":{"rendered":"<p>Por segundo a\u00f1o consecutivo, San Juan fue anfitriona de la Mesa Nacional de CAME Joven, un encuentro que reuni\u00f3 a delegados provinciales en un espacio activo de di\u00e1logo, intercambio y acci\u00f3n.<\/p>\n<p>En el acto de apertura participaron autoridades como los secretarios de Industria, Comercio y Servicios, Alejandro Mart\u00edn, y de Coordinaci\u00f3n para el Desarrollo Econ\u00f3mico, Alfredo Aciar; el diputado provincial Enzo Cornejo; la vicepresidenta Regional de CAME, Claudia Fern\u00e1ndez; el presidente de la Federaci\u00f3n Econ\u00f3mica de San Juan, Daniel Milla; los referentes de CAME Joven, Gast\u00f3n Azcona, y del empresariado local, Angela Baudino; junto a los directores de Industria y Comercio, Roc\u00edo C\u00e1rdenas, y de Pymes y Emprendedores, Jos\u00e9 Carpino.<\/p>\n<p>Durante la jornada, los representantes analizaron la coyuntura de sus sectores y delinearon ejes para implementar pol\u00edticas comunes con perspectiva federal que beneficien a todas las regiones. El evento incluy\u00f3 espacios de networking y debates sectoriales para consolidarse como puente entre las nuevas generaciones empresariales y las oportunidades de crecimiento en industrias clave.<\/p>\n<p>El secretario de Industria, Comercio y Servicios, Alejandro Mart\u00edn, destac\u00f3: \u00abEstos encuentros federales suman. Aqu\u00ed hay j\u00f3venes con gran voluntad de desarrollo que aprovechan a CAME. Trabajamos para que los emprendedores accedan a financiamiento, formaci\u00f3n y acompa\u00f1amiento a trav\u00e9s de nuestras direcciones. Argentina tiene menos emprendedores que otros pa\u00edses de la regi\u00f3n y el mundo; necesitamos impulsarlos, y aqu\u00ed veo materia fuerte\u00bb.<\/p>\n<p>En la misma l\u00ednea, la vicepresidenta de CAME, Claudia Fern\u00e1ndez, reflexion\u00f3 que \u00abcada empresario aporta su experiencia para llevar adelante empresas de cualquier tama\u00f1o, con sue\u00f1os de crecer. Ser dirigente implica dar algo invaluable: nuestro tiempo. Dedicamos parte de nuestra vida para que otros logren lo que nosotros alcanzamos con pasi\u00f3n y dedicaci\u00f3n. Reunir a las 24 provincias siempre requiere m\u00e1s tiempo del disponible para compartir todo lo que ocurre en cada territorio\u00bb.<\/p>\n<p>&nbsp;<\/p>\n<p>&nbsp;<\/p>\n","protected":false},"excerpt":{"rendered":"<p>Por segundo a\u00f1o consecutivo, San Juan fue anfitriona de la Mesa Nacional de CAME Joven, un encuentro que reuni\u00f3 a<\/p>\n","protected":false},"author":3,"featured_media":87569,"comment_status":"closed","ping_status":"closed","sticky":false,"template":"","format":"standard","meta":{"_acf_changed":false,"_seopress_robots_primary_cat":"none","_seopress_titles_title":"","_seopress_titles_desc":"","_seopress_robots_index":"","colormag_page_container_layout":"default_layout","colormag_page_sidebar_layout":"default_layout","footnotes":""},"categories":[1],"tags":[],"class_list":["post-87566","post","type-post","status-publish","format-standard","has-post-thumbnail","hentry","category-destacadas"],"acf":[],"_links":{"self":[{"href":"https:\/\/vocesparalelas.com.ar\/sitio\/wp-json\/wp\/v2\/posts\/87566","targetHints":{"allow":["GET"]}}],"collection":[{"href":"https:\/\/vocesparalelas.com.ar\/sitio\/wp-json\/wp\/v2\/posts"}],"about":[{"href":"https:\/\/vocesparalelas.com.ar\/sitio\/wp-json\/wp\/v2\/types\/post"}],"author":[{"embeddable":true,"href":"https:\/\/vocesparalelas.com.ar\/sitio\/wp-json\/wp\/v2\/users\/3"}],"replies":[{"embeddable":true,"href":"https:\/\/vocesparalelas.com.ar\/sitio\/wp-json\/wp\/v2\/comments?post=87566"}],"version-history":[{"count":3,"href":"https:\/\/vocesparalelas.com.ar\/sitio\/wp-json\/wp\/v2\/posts\/87566\/revisions"}],"predecessor-version":[{"id":87572,"href":"https:\/\/vocesparalelas.com.ar\/sitio\/wp-json\/wp\/v2\/posts\/87566\/revisions\/87572"}],"wp:featuredmedia":[{"embeddable":true,"href":"https:\/\/vocesparalelas.com.ar\/sitio\/wp-json\/wp\/v2\/media\/87569"}],"wp:attachment":[{"href":"https:\/\/vocesparalelas.com.ar\/sitio\/wp-json\/wp\/v2\/media?parent=87566"}],"wp:term":[{"taxonomy":"category","embeddable":true,"href":"https:\/\/vocesparalelas.com.ar\/sitio\/wp-json\/wp\/v2\/categories?post=87566"},{"taxonomy":"post_tag","embeddable":true,"href":"https:\/\/vocesparalelas.com.ar\/sitio\/wp-json\/wp\/v2\/tags?post=87566"}],"curies":[{"name":"wp","href":"https:\/\/api.w.org\/{rel}","templated":true}]}}