{"id":87561,"date":"2025-06-12T21:18:03","date_gmt":"2025-06-13T00:18:03","guid":{"rendered":"https:\/\/vocesparalelas.com.ar\/sitio\/?p=87561"},"modified":"2025-06-16T23:59:33","modified_gmt":"2025-06-17T02:59:33","slug":"se-presento-el-protocolo-interinstitucional-contra-el-trabajo-infantil-en-san-juan","status":"publish","type":"post","link":"https:\/\/vocesparalelas.com.ar\/sitio\/se-presento-el-protocolo-interinstitucional-contra-el-trabajo-infantil-en-san-juan\/","title":{"rendered":"Se present\u00f3 el Protocolo Interinstitucional contra el trabajo infantil en San Juan"},"content":{"rendered":"<p>En el auditorio del Museo Provincial de Bellas Artes Franklin Rawson, fue presentado el \u201cProtocolo interinstitucional de actuaci\u00f3n ante la situaci\u00f3n de trabajo infantil de la provincia de San Juan\u201d, una herramienta que busca fortalecer la respuesta del Estado ante la vulneraci\u00f3n de derechos de ni\u00f1os, ni\u00f1as y adolescentes.<\/p>\n<p>El documento, que fue expuesto p\u00fablicamente por Gatica, establece un marco de actuaci\u00f3n unificado para los organismos provinciales y municipales, con el objetivo de articular intervenciones eficaces en casos de trabajo infantil. Entre sus ejes principales, aborda las definiciones legales del trabajo infantil y adolescente, los indicadores de riesgo, los mecanismos de denuncia, y las rutas de actuaci\u00f3n ante distintas situaciones detectadas.<\/p>\n<p>El protocolo convoca a una amplia red de instituciones del Estado: \u00e1reas de gobierno vinculadas al trabajo, la ni\u00f1ez, la salud, la educaci\u00f3n, la justicia y la seguridad, adem\u00e1s de organizaciones sociales que act\u00faan en el territorio.<\/p>\n<p>Para cerrar la actividad, los presentes recorrieron una muestra de dibujos realizados por ni\u00f1os y ni\u00f1as, alusivos a la erradicaci\u00f3n del trabajo infantil, expuesta en el foyer del Museo Provincial de Bellas Artes Franklin Rawson.<\/p>\n<p><span style=\"color: #ff6600;\"><strong>Se adjunta el Documento \u201cProtocolo interinstitucional de actuaci\u00f3n ante la situaci\u00f3n de trabajo infantil de la provincia de San Juan\u201d<\/strong><\/span><\/p>\n<p><a href=\"https:\/\/vocesparalelas.com.ar\/sitio\/wp-content\/uploads\/2025\/06\/PROTOCOLODEACTUACION1-comprimido.pdf\">PROTOCOLO+DE+ACTUACION+(1)-comprimido<\/a><\/p>\n<p>&nbsp;<\/p>\n<p><iframe loading=\"lazy\" title=\"SAN JUAN NO AL TRABAJO INFANTIL\" width=\"800\" height=\"450\" src=\"https:\/\/www.youtube.com\/embed\/aqJP_yQvR9k?feature=oembed\" frameborder=\"0\" allow=\"accelerometer; autoplay; clipboard-write; encrypted-media; gyroscope; picture-in-picture; web-share\" referrerpolicy=\"strict-origin-when-cross-origin\" allowfullscreen><\/iframe><\/p>\n<p>&nbsp;<\/p>\n","protected":false},"excerpt":{"rendered":"<p>En el auditorio del Museo Provincial de Bellas Artes Franklin Rawson, fue presentado el \u201cProtocolo interinstitucional de actuaci\u00f3n ante la<\/p>\n","protected":false},"author":3,"featured_media":87564,"comment_status":"closed","ping_status":"closed","sticky":false,"template":"","format":"standard","meta":{"_acf_changed":false,"_seopress_robots_primary_cat":"none","_seopress_titles_title":"","_seopress_titles_desc":"","_seopress_robots_index":"","colormag_page_container_layout":"default_layout","colormag_page_sidebar_layout":"default_layout","footnotes":""},"categories":[5,7],"tags":[],"class_list":["post-87561","post","type-post","status-publish","format-standard","has-post-thumbnail","hentry","category-ofrecimientos","category-videos"],"acf":[],"_links":{"self":[{"href":"https:\/\/vocesparalelas.com.ar\/sitio\/wp-json\/wp\/v2\/posts\/87561","targetHints":{"allow":["GET"]}}],"collection":[{"href":"https:\/\/vocesparalelas.com.ar\/sitio\/wp-json\/wp\/v2\/posts"}],"about":[{"href":"https:\/\/vocesparalelas.com.ar\/sitio\/wp-json\/wp\/v2\/types\/post"}],"author":[{"embeddable":true,"href":"https:\/\/vocesparalelas.com.ar\/sitio\/wp-json\/wp\/v2\/users\/3"}],"replies":[{"embeddable":true,"href":"https:\/\/vocesparalelas.com.ar\/sitio\/wp-json\/wp\/v2\/comments?post=87561"}],"version-history":[{"count":3,"href":"https:\/\/vocesparalelas.com.ar\/sitio\/wp-json\/wp\/v2\/posts\/87561\/revisions"}],"predecessor-version":[{"id":87589,"href":"https:\/\/vocesparalelas.com.ar\/sitio\/wp-json\/wp\/v2\/posts\/87561\/revisions\/87589"}],"wp:featuredmedia":[{"embeddable":true,"href":"https:\/\/vocesparalelas.com.ar\/sitio\/wp-json\/wp\/v2\/media\/87564"}],"wp:attachment":[{"href":"https:\/\/vocesparalelas.com.ar\/sitio\/wp-json\/wp\/v2\/media?parent=87561"}],"wp:term":[{"taxonomy":"category","embeddable":true,"href":"https:\/\/vocesparalelas.com.ar\/sitio\/wp-json\/wp\/v2\/categories?post=87561"},{"taxonomy":"post_tag","embeddable":true,"href":"https:\/\/vocesparalelas.com.ar\/sitio\/wp-json\/wp\/v2\/tags?post=87561"}],"curies":[{"name":"wp","href":"https:\/\/api.w.org\/{rel}","templated":true}]}}