{"id":87556,"date":"2025-06-12T14:11:59","date_gmt":"2025-06-12T17:11:59","guid":{"rendered":"https:\/\/vocesparalelas.com.ar\/sitio\/?p=87556"},"modified":"2025-06-14T20:04:39","modified_gmt":"2025-06-14T23:04:39","slug":"agenda-cultural-de-san-juan-10","status":"publish","type":"post","link":"https:\/\/vocesparalelas.com.ar\/sitio\/agenda-cultural-de-san-juan-10\/","title":{"rendered":"Agenda Cultural de San Juan"},"content":{"rendered":"<p>El Ministerio de Turismo, Cultura y Deporte del Gobierno de San Juan ofrece propuestas culturales para el fin de semana en sus distintos espacios.<\/p>\n<p>En el Auditorio Ing. Juan Victoria, contin\u00faa la exhibici\u00f3n la muestra experimental \u00abEl pl\u00e1stico como protagonista\u00bb, instalada en el Foyer Sur, con entrada libre y gratuita hasta el 25 de Junio. El s\u00e1bado, 14 de Junio, a las 21:30 hs., el pianista y compositor de San Juan Tito Oliva presenta su nuevo trabajo discogr\u00e1fico, \u00abEsperando al Chasqui\u00bb, acompa\u00f1ado por Rich Syracuse en contrabajo, Jeff Siegel en bater\u00eda, Ale Demogli en guitarra y Alejandro Santos en flauta. La entrada general tiene un valor de $7.000.<\/p>\n<p>El\u00a0Teatro Sarmiento\u00a0propone tres propuestas que van desde la m\u00fasica al teatro. El\u00a0viernes 13, a las 22, se presenta\u00a0Antolog\u00eda, a cargo de\u00a0El Rey Pelusa, con entradas en entradaweb.com.ar. El\u00a0s\u00e1bado 14\u00a0a las 21:30 ser\u00e1 el turno del comediante\u00a0Homero Pettinato, con un espect\u00e1culo de mon\u00f3logos y m\u00fasica, tambi\u00e9n con entradas disponibles en la misma plataforma. Finalmente,\u00a0el domingo 15, a las 20, se presentar\u00e1 la obra\u00a0\u00abUna clase especial\u00bb, protagonizada por Dami\u00e1n de Santo y Mart\u00edn Seefeld, una clase especial invita al p\u00fablico a re\u00edr y reflexionar sobre los v\u00ednculos y las emociones humanas.<\/p>\n<p>El Museo Provincial de Bellas Artes Franklin Rawson\u00a0se exhiben las\u00a0muestras \u00abSobre lo sereno, una mirada a la colecci\u00f3n\u00bb, \u00abEl Azem, breve antolog\u00eda\u00bb y \u00abSantuarios, rituales del tiempo\u00bb, XIX Escuela Cuyana y la colecci\u00f3n permanente. El horario de visita es de martes a domingo de 12 a 20, con entrada general de $500, $300 para estudiantes y jubilados, y sin cargo para menores de 6 a\u00f1os. Los domingos la entrada es gratuita para todo p\u00fablico.<\/p>\n<p>En el\u00a0Teatro del Bicentenario,\u00a0el grupo Whipala se presentar\u00e1 el viernes 13 a las 21:30 con\u00a0Chaski, un espect\u00e1culo que fusiona sonidos contempor\u00e1neos con lenguas y ritmos andinos. Las entradas se adquieren en la boleter\u00eda del teatro o en tuentrada.com a un valor de $5.000. El\u00a0s\u00e1bado 14\u00a0a las 21:30 sube a escena la comedia teatral\u00a0Pacto de los Rosales, con tickets disponibles a $12.000 en tuentrada.com.<\/p>\n<p>En el\u00a0Centro Cultural Conte Grand, todos los jueves, de 16 a 21, se realiza el ciclo\u00a0\u00abC\u00edrculo Electr\u00f3nico\u00bb\u00a0con entrada libre y gratuita. El s\u00e1bado 14 de junio, entre las 14 y las 20, se desarrollar\u00e1 la jornada\u00a0Conectando en Seguridad, tambi\u00e9n con acceso libre.<\/p>\n<p>En el Chalet Cantoni &#8211; Casa Cultural\u00a0contin\u00faa hasta el 28 de junio la\u00a0muestra de arte Memoria, en el marco del ciclo de exhibiciones con entrada libre y gratuita. Adem\u00e1s, el s\u00e1bado 14 de junio de 16 a 20:30 se llevar\u00e1 a cabo el\u00a0Paseo Cantoni, una feria cultural y productiva con m\u00e1s de 60 emprendedores con una gran variedad de rubros: dise\u00f1o, cosm\u00e9tica natural, tejidos, arte gr\u00e1fico, cer\u00e1mica, productos gourmet, panificados, cerveza artesanal, DJ y mucho m\u00e1s. Entrada libre y gratutia.<\/p>\n<p><span style=\"color: #ff6600;\"><strong>Para mas informaci\u00f3n<\/strong><\/span><\/p>\n<p>Los interesados pueden consultar el Instagram:<\/p>\n<p>cultura.sanjuan.gob.ar<\/p>\n<p>@turismoculturaydeporte.<\/p>\n<p><img loading=\"lazy\" decoding=\"async\" class=\"alignnone size-full wp-image-65642\" src=\"https:\/\/vocesparalelas.com.ar\/sitio\/wp-content\/uploads\/2023\/11\/GOBIERNO-SAN-JUAN.jpg\" alt=\"\" width=\"800\" height=\"600\" srcset=\"https:\/\/vocesparalelas.com.ar\/sitio\/wp-content\/uploads\/2023\/11\/GOBIERNO-SAN-JUAN.jpg 800w, https:\/\/vocesparalelas.com.ar\/sitio\/wp-content\/uploads\/2023\/11\/GOBIERNO-SAN-JUAN-300x225.jpg 300w, https:\/\/vocesparalelas.com.ar\/sitio\/wp-content\/uploads\/2023\/11\/GOBIERNO-SAN-JUAN-768x576.jpg 768w\" sizes=\"auto, (max-width: 800px) 100vw, 800px\" \/><\/p>\n","protected":false},"excerpt":{"rendered":"<p>El Ministerio de Turismo, Cultura y Deporte del Gobierno de San Juan ofrece propuestas culturales para el fin de semana<\/p>\n","protected":false},"author":3,"featured_media":1815,"comment_status":"closed","ping_status":"closed","sticky":false,"template":"","format":"standard","meta":{"_acf_changed":false,"_seopress_robots_primary_cat":"none","_seopress_titles_title":"","_seopress_titles_desc":"","_seopress_robots_index":"","colormag_page_container_layout":"default_layout","colormag_page_sidebar_layout":"default_layout","footnotes":""},"categories":[20],"tags":[],"class_list":["post-87556","post","type-post","status-publish","format-standard","has-post-thumbnail","hentry","category-cartelera"],"acf":[],"_links":{"self":[{"href":"https:\/\/vocesparalelas.com.ar\/sitio\/wp-json\/wp\/v2\/posts\/87556","targetHints":{"allow":["GET"]}}],"collection":[{"href":"https:\/\/vocesparalelas.com.ar\/sitio\/wp-json\/wp\/v2\/posts"}],"about":[{"href":"https:\/\/vocesparalelas.com.ar\/sitio\/wp-json\/wp\/v2\/types\/post"}],"author":[{"embeddable":true,"href":"https:\/\/vocesparalelas.com.ar\/sitio\/wp-json\/wp\/v2\/users\/3"}],"replies":[{"embeddable":true,"href":"https:\/\/vocesparalelas.com.ar\/sitio\/wp-json\/wp\/v2\/comments?post=87556"}],"version-history":[{"count":2,"href":"https:\/\/vocesparalelas.com.ar\/sitio\/wp-json\/wp\/v2\/posts\/87556\/revisions"}],"predecessor-version":[{"id":87560,"href":"https:\/\/vocesparalelas.com.ar\/sitio\/wp-json\/wp\/v2\/posts\/87556\/revisions\/87560"}],"wp:featuredmedia":[{"embeddable":true,"href":"https:\/\/vocesparalelas.com.ar\/sitio\/wp-json\/wp\/v2\/media\/1815"}],"wp:attachment":[{"href":"https:\/\/vocesparalelas.com.ar\/sitio\/wp-json\/wp\/v2\/media?parent=87556"}],"wp:term":[{"taxonomy":"category","embeddable":true,"href":"https:\/\/vocesparalelas.com.ar\/sitio\/wp-json\/wp\/v2\/categories?post=87556"},{"taxonomy":"post_tag","embeddable":true,"href":"https:\/\/vocesparalelas.com.ar\/sitio\/wp-json\/wp\/v2\/tags?post=87556"}],"curies":[{"name":"wp","href":"https:\/\/api.w.org\/{rel}","templated":true}]}}