{"id":87533,"date":"2025-06-11T22:00:03","date_gmt":"2025-06-12T01:00:03","guid":{"rendered":"https:\/\/vocesparalelas.com.ar\/sitio\/?p=87533"},"modified":"2025-06-12T00:50:24","modified_gmt":"2025-06-12T03:50:24","slug":"300-alumnos-del-secundario-de-los-departamentos-iglesia-y-jachal-fueron-capacitados-por-la-corte-de-justicia-de-san-juan","status":"publish","type":"post","link":"https:\/\/vocesparalelas.com.ar\/sitio\/300-alumnos-del-secundario-de-los-departamentos-iglesia-y-jachal-fueron-capacitados-por-la-corte-de-justicia-de-san-juan\/","title":{"rendered":"300 alumnos del Secundario de los Departamentos Iglesia y J\u00e1chal fueron capacitados por la Corte de Justicia de San Juan"},"content":{"rendered":"<p>La Oficina de la Mujer (OM), dependiente de la Corte de Justicia de San Juan, brind\u00f3 el Taller \u00abAprender a Querer-Nos\u201d los d\u00edas 5 y 6 de junio en dos escuelas de J\u00e1chal y dos de Iglesia, destinado a estudiantes del nivel Secundario, quienes asistieron acompa\u00f1ados de docentes y directivos.<\/p>\n<p>El 5 de junio, la OM brind\u00f3 el taller a estudiantes de establecimientos educativos de J\u00e1chal, la EPET N.\u00ba 1, ubicada en calle Agust\u00edn G\u00f3mez y General Acha y la Escuela Agroindustrial Monse\u00f1or Dr. Juan Antonio Videla Cuello, en la localidad San Isidro.<\/p>\n<p>Adem\u00e1s, la Oficina Judicial Multifuero, \u00c1rea Penal de la Segunda Circunscripci\u00f3n Judicial, brind\u00f3 una capacitaci\u00f3n sobre el uso responsable de redes: \u201cRedes Sociales: Libertad con Responsabilidad\u201d. Estuvo a cargo de Juan Manuel Vargas, Mar\u00eda Victoria Salas y Erica Ag\u00fcero Victoria.<\/p>\n<p>El 6 de junio, la Oficina de la Mujer capacit\u00f3 a estudiantes de todos los a\u00f1os de la Escuela Secundaria Ricardo G\u00fciraldes en el Club Los Andes, localidad Tudcum; y tambi\u00e9n a los y las alumnas de la Escuela Secundaria 17 de Agosto, de Las Flores.<\/p>\n<p><img loading=\"lazy\" decoding=\"async\" class=\"alignnone size-full wp-image-87536\" src=\"https:\/\/vocesparalelas.com.ar\/sitio\/wp-content\/uploads\/2025\/06\/CJSJ-TALLERES-01.jpg\" alt=\"\" width=\"800\" height=\"450\" srcset=\"https:\/\/vocesparalelas.com.ar\/sitio\/wp-content\/uploads\/2025\/06\/CJSJ-TALLERES-01.jpg 800w, https:\/\/vocesparalelas.com.ar\/sitio\/wp-content\/uploads\/2025\/06\/CJSJ-TALLERES-01-300x169.jpg 300w, https:\/\/vocesparalelas.com.ar\/sitio\/wp-content\/uploads\/2025\/06\/CJSJ-TALLERES-01-768x432.jpg 768w\" sizes=\"auto, (max-width: 800px) 100vw, 800px\" \/><\/p>\n<p>La Dra. Adriana Garc\u00eda Nieto, presidenta de la Corte de Justicia y responsable de la OM, asisti\u00f3 a los talleres acompa\u00f1ada por los jueces de ambos departamentos y reflexion\u00f3 sobre la importancia de abordar las distintas problem\u00e1ticas desde la prevenci\u00f3n: \u201cEl Poder Judicial es quien recibe todas las denuncias despu\u00e9s de que se cometi\u00f3 el hecho, porque vienen a denunciarnos el delito que ocurri\u00f3.<\/p>\n<p>Entonces nosotros, desde hace un par de a\u00f1os, empezamos a trabajar con el equipo en prevenci\u00f3n, en venir a contarles qu\u00e9 es lo que tienen que hacer, de qu\u00e9 se tienen que cuidar para que no les pase y qu\u00e9 es lo que no tienen que hacer para no terminar en el banquillo de los acusados y puedan disfrutar de una adolescencia plena\u201d.<\/p>\n<p>El taller estuvo a cargo del Equipo Operativo de la Oficina de la Mujer. En esta oportunidad asistieron Natacha Porolli y Amelia Mart\u00edn; por el Consejo Consultivo de la OM, la Lic. Carolina Tamagnini; con participaci\u00f3n de la jueza de Paz Letrada de Sarmiento, Dra. Eugenia Barassi.<\/p>\n<p>El objetivo del taller \u201cAprender a querer-nos\u201d es abordar problem\u00e1ticas como acoso escolar, mal uso de redes sociales y violencia en el noviazgo, facilitando herramientas para que los j\u00f3venes puedan mantener relaciones sanas en sus vidas y aprendan a valorarse, encontrarse y quererse.<\/p>\n<p>Mediante estas charlas se busca promover una vinculaci\u00f3n basada en el buen trato, el respeto y la igualdad de g\u00e9nero, contribuyendo as\u00ed al desarrollo de relaciones de noviazgo sin violencia y a la construcci\u00f3n de proyectos de vida alejados de estereotipos y mandatos de g\u00e9nero tradicionales.<\/p>\n<p><img loading=\"lazy\" decoding=\"async\" class=\"alignnone size-full wp-image-62371\" src=\"https:\/\/vocesparalelas.com.ar\/sitio\/wp-content\/uploads\/2023\/08\/CORTE-JUSTICIA-SAN-JUAN-01.jpg\" alt=\"\" width=\"800\" height=\"503\" srcset=\"https:\/\/vocesparalelas.com.ar\/sitio\/wp-content\/uploads\/2023\/08\/CORTE-JUSTICIA-SAN-JUAN-01.jpg 800w, https:\/\/vocesparalelas.com.ar\/sitio\/wp-content\/uploads\/2023\/08\/CORTE-JUSTICIA-SAN-JUAN-01-300x189.jpg 300w, https:\/\/vocesparalelas.com.ar\/sitio\/wp-content\/uploads\/2023\/08\/CORTE-JUSTICIA-SAN-JUAN-01-768x483.jpg 768w\" sizes=\"auto, (max-width: 800px) 100vw, 800px\" \/><\/p>\n","protected":false},"excerpt":{"rendered":"<p>La Oficina de la Mujer (OM), dependiente de la Corte de Justicia de San Juan, brind\u00f3 el Taller \u00abAprender a<\/p>\n","protected":false},"author":3,"featured_media":87537,"comment_status":"closed","ping_status":"closed","sticky":false,"template":"","format":"standard","meta":{"_acf_changed":false,"_seopress_robots_primary_cat":"none","_seopress_titles_title":"","_seopress_titles_desc":"","_seopress_robots_index":"","colormag_page_container_layout":"default_layout","colormag_page_sidebar_layout":"default_layout","footnotes":""},"categories":[1],"tags":[],"class_list":["post-87533","post","type-post","status-publish","format-standard","has-post-thumbnail","hentry","category-destacadas"],"acf":[],"_links":{"self":[{"href":"https:\/\/vocesparalelas.com.ar\/sitio\/wp-json\/wp\/v2\/posts\/87533","targetHints":{"allow":["GET"]}}],"collection":[{"href":"https:\/\/vocesparalelas.com.ar\/sitio\/wp-json\/wp\/v2\/posts"}],"about":[{"href":"https:\/\/vocesparalelas.com.ar\/sitio\/wp-json\/wp\/v2\/types\/post"}],"author":[{"embeddable":true,"href":"https:\/\/vocesparalelas.com.ar\/sitio\/wp-json\/wp\/v2\/users\/3"}],"replies":[{"embeddable":true,"href":"https:\/\/vocesparalelas.com.ar\/sitio\/wp-json\/wp\/v2\/comments?post=87533"}],"version-history":[{"count":1,"href":"https:\/\/vocesparalelas.com.ar\/sitio\/wp-json\/wp\/v2\/posts\/87533\/revisions"}],"predecessor-version":[{"id":87538,"href":"https:\/\/vocesparalelas.com.ar\/sitio\/wp-json\/wp\/v2\/posts\/87533\/revisions\/87538"}],"wp:featuredmedia":[{"embeddable":true,"href":"https:\/\/vocesparalelas.com.ar\/sitio\/wp-json\/wp\/v2\/media\/87537"}],"wp:attachment":[{"href":"https:\/\/vocesparalelas.com.ar\/sitio\/wp-json\/wp\/v2\/media?parent=87533"}],"wp:term":[{"taxonomy":"category","embeddable":true,"href":"https:\/\/vocesparalelas.com.ar\/sitio\/wp-json\/wp\/v2\/categories?post=87533"},{"taxonomy":"post_tag","embeddable":true,"href":"https:\/\/vocesparalelas.com.ar\/sitio\/wp-json\/wp\/v2\/tags?post=87533"}],"curies":[{"name":"wp","href":"https:\/\/api.w.org\/{rel}","templated":true}]}}