{"id":87513,"date":"2025-06-11T19:39:14","date_gmt":"2025-06-11T22:39:14","guid":{"rendered":"https:\/\/vocesparalelas.com.ar\/sitio\/?p=87513"},"modified":"2025-06-16T11:23:04","modified_gmt":"2025-06-16T14:23:04","slug":"la-camara-de-diputados-de-san-juan-entrego-las-distinciones-ciudadanos-ilustres-y-personalidades-destacadas","status":"publish","type":"post","link":"https:\/\/vocesparalelas.com.ar\/sitio\/la-camara-de-diputados-de-san-juan-entrego-las-distinciones-ciudadanos-ilustres-y-personalidades-destacadas\/","title":{"rendered":"La C\u00e1mara de Diputados de San Juan entreg\u00f3 las distinciones \u201cCiudadanos Ilustres\u201d y \u201cPersonalidades Destacadas\u201d"},"content":{"rendered":"<p>En el marco de la semana de la Fundaci\u00f3n de San Juan y en cumplimiento de los art\u00edculos 6\u00ba y 7\u00ba de la Ley N\u00ba 868-F, la C\u00e1mara de Diputados de San Juan otorg\u00f3 los reconocimientos \u201cCiudadanos Ilustres\u201d y \u201cPersonalidades Destacadas\u201d por sus prestigiosas trayectorias y aportes significativos en la provincia.<\/p>\n<p>El homenaje fue llevado a cabo durante la Primera Sesi\u00f3n Especial que estuvo encabezada por el vicepresidente primero de la C\u00e1mara de Diputados, legislador Enzo Cornejo. Acompa\u00f1aron los secretarios Legislativo, Dr. Gustavo Velert; y Administrativo, Lic. Jorge Fern\u00e1ndez.<\/p>\n<p>Previo a pasar lectura del orden del d\u00eda, el vicepresidente primero agradeci\u00f3 la presencia de las personas que fueron distinguidas por esta C\u00e1mara de Diputados, a sus familiares y tambi\u00e9n a quienes asistieron en representaci\u00f3n de aquellos que hoy no est\u00e1n y que han dejado un legado importante en la vida de la provincia de San Juan.<\/p>\n<p>Este 2025, recibieron el t\u00edtulo\u00a0\u201cCiudadano\/a Ilustre de la Provincia de San Juan\u201d las siguientes personas:<\/p>\n<ul>\n<li>Juan Jos\u00e9 Chica (post morten) por su actividad pol\u00edtica, deportiva y sindical<\/li>\n<li>Alicia Mirtha Romero,\u00a0por su carrera art\u00edstica.<\/li>\n<li>Miryan Benigna And\u00fajar (post morten), por su compromiso socio educativo, su f\u00e9rrea defensa de la vida y la dignidad humana y su trayectoria social y docente.<\/li>\n<\/ul>\n<p>Mientras que la distinci\u00f3n de\u00a0\u201cPersonalidad Destacada de la Provincia de San Juan\u201d\u00a0fueron otorgadas a las siguientes personas:<\/p>\n<ul>\n<li>Luis Alberto Paredes, por su actividad cultural y radial<\/li>\n<li>Sara Perla Welner (post morten), por su actividad educativa y pol\u00edtica, social y de g\u00e9nero<\/li>\n<li>Evaristo Ales Ruis (post morten),\u00a0por su actividad empresarial y pol\u00edtica.<\/li>\n<li>Ricardo Nieto,por su carrera empresarial y dirigente vecinal.<\/li>\n<\/ul>\n<p><span style=\"color: #800080;\"><strong>Declaraci\u00f3n del hijo de un \u201cCiudadanos Ilustres\u201d<\/strong><\/span><\/p>\n<p><iframe loading=\"lazy\" title=\"Ciudadanos Ilustres 2025\" width=\"800\" height=\"450\" src=\"https:\/\/www.youtube.com\/embed\/CKbUKj6JfWI?feature=oembed\" frameborder=\"0\" allow=\"accelerometer; autoplay; clipboard-write; encrypted-media; gyroscope; picture-in-picture; web-share\" referrerpolicy=\"strict-origin-when-cross-origin\" allowfullscreen><\/iframe><\/p>\n<p>(21 de agosto de 1952 &#8211; 2 de octubre de 2023 -71 A\u00d1OS)<\/p>\n<p>El diputado Pedro Albagli fue el encargado de hablar sobre la vida de Juan Jos\u00e9 Chica y coment\u00f3:<\/p>\n<p>\u201cEl 11 de febrero de 1952 desde Motril Granada Espa\u00f1a lleg\u00f3 a Argentina desde Espa\u00f1a junto a su padre Juan y su madre Carmen y sus Hermanos Eduardo y Susana y dos t\u00edos. Trabajaron la tierra como agricultores y luego a los Parrales de Uva en el departamento Chimbas en la zona norte cerca de calle Salta y la Costanera.<\/p>\n<p>Curs\u00f3 sus estudios Primarios en la Escuela Avellaneda ubicada en la Villa Uni\u00f3n hasta tercer grado y luego a partir de Cuarto Grado se pas\u00f3 a la Escuela Bavio de Chimbas. La secundaria la realiz\u00f3 en la Escuela Industrial de Capital.<\/p>\n<p>En el mes de noviembre del a\u00f1o 1970, se inscribi\u00f3 en un Concurso para entrar a trabajar en la Empresa El\u00e9ctrica Estatal Nacional: Agua Y Energ\u00eda, y luego de aprobar el examen logr\u00f3 ser encargado de la Estaci\u00f3n de Energ\u00eda de la Localidad de Media Agua, con 20 a\u00f1os por su capacidad laboral.<\/p>\n<p>Despu\u00e9s, pas\u00f3 por el Proyecto del Dique Punta Negra y la Estaci\u00f3n Central Sarmiento ubicada en calle Salta y Benavidez. Posteriormente, decidi\u00f3 integrar el Sindicato de Luz y Fuerza tras ver que \u00e9l y sus compa\u00f1eros no recib\u00edan una buena remuneraci\u00f3n. Milit\u00f3 en la Juventud de dicho Sindicato para comenzar a pelear por los derechos de los trabajadores. Sufri\u00f3 mucha persecuci\u00f3n militar, \u00e9l y sus compa\u00f1eros estuvieron presos en la Central de Polic\u00eda de San Juan, por reunirse y luchar por los derechos del personal de luz y fuerza.<\/p>\n<p>Lleg\u00f3 en el a\u00f1o 1988 a Secretario General de Luz y Fuerza, llev\u00f3 a cabo una obra in\u00e9dita en el Sindicato, ya que se adquiri\u00f3 el Edificio de calle 9 de Julio con salida a calle Brasil, la Cl\u00ednica Madre Teresa de Calcuta para los afiliados, adquiri\u00f3 los terrenos y construyo el Camping Parque Norte en Concepci\u00f3n, El Para\u00edso en el departamento Pocito y Palmar del Lago, en el departamento Ullum.<\/p>\n<p>En el Plano Deportivo, a la edad de 12 a\u00f1os jug\u00f3 al F\u00fatbol en la Sexta y Quinta Divisi\u00f3n del Club Sportivo Desamparados y tambi\u00e9n el Club Col\u00f3n Junior.<\/p>\n<p>Su amor por el F\u00fatbol lo llev\u00f3 a que el 8 de agosto de 1978, despu\u00e9s del mundial que gan\u00f3 la Selecci\u00f3n Argentina junto a los dirigentes Hilario S\u00e1nchez Y Rogelio Mallea, fundaron la \u00abEscuela de F\u00fatbol del C.A.S.M.\u00bb que obtuvieron muchos logros nacionales en el vecino pa\u00eds de Chile.<\/p>\n<p>Luego lleg\u00f3 a ser presidente del Club Atl\u00e9tico San Mart\u00edn y logr\u00f3 ascender al Campeonato Nacional B de F\u00fatbol que era un logro para el futbol Sanjuanino, realiz\u00f3 una profunda remodelaci\u00f3n de todo el Estadio y la adquisici\u00f3n del predio que se encuentra al costado de la Avenida de Circunvalaci\u00f3n en donde hoy est\u00e1n las Canchas de Futbol Auxiliares.<\/p>\n<p>En el a\u00f1o 2004, lleg\u00f3 a la presidencia de la Federaci\u00f3n Ciclista Sanjuanina y, luego fue el encargado del Equipo de ciclismo m\u00e1s ganador de la historia del ciclismo sanjuanino: Palmar de Lago. Reform\u00f3 la Sede Social, construy\u00f3 el Sal\u00f3n de Usos M\u00faltiples y fue el impulsor del Vel\u00f3dromo Vicente A, Chancay. Presidi\u00f3 tambi\u00e9n la Fundaci\u00f3n para el Progreso &#8211; Pe\u00f1a Bici Tour, a trav\u00e9s de la que cre\u00f3 la competencia de ciclismo \u00abGiro del Sol\u00bb.<\/p>\n<p>Tambi\u00e9n presidi\u00f3 las 62\u00ba Organizaciones Sindicales Peronistas. Fue diputado Nacional mandato cumplido y diputado Provincial en los per\u00edodos 1999-2003 y 2019-2023. Por otro lado, fue subsecretario de Deportes de la provincia de San Juan y uno de los dirigentes deportivos y sindical m\u00e1s importante de la provincia y del pa\u00eds. Estuvo casado con Beatriz Mu\u00f1oz y tuvo dos hijos: Juan Manuel (Juanchi) y Jorge (Koki).<\/p>\n<p>\u00abLealtad, Amistad, Trabajo, Compromiso y Humildad. El amor hacia los suyos, de no abandonarlos nunca, son el legado que nos dej\u00f3.\u00bb<\/p>\n<p>Tambi\u00e9n, dedicaron unas palabras los diputados Eduardo Cabello y Enzo Cornejo en su memoria.<\/p>\n<p><span style=\"color: #800080;\">ALICIA MIRTHA ROMERO<\/span><\/p>\n<p>Despu\u00e9s, la diputada M\u00f3nica Gonz\u00e1lez present\u00f3 los principales aspectos sobre la vida de Alicia Romero y relat\u00f3:<\/p>\n<p>\u201cNaci\u00f3 en San Juan en 1943. Estudi\u00f3 en la Universidad Nacional de San Juan y egres\u00f3 como Profesora de Artes Pl\u00e1sticas, en 1975. Ejerci\u00f3 la docencia media y superior, 1969\/95. Curs\u00f3 talleres libres con Luis Quesada, Luis Su\u00e1rez Jofr\u00e9 y Miguel \u00c1ngel Sugo. Present\u00f3 sus trabajos en muestras colectivas e individuales en Concursos y Encuentros Nacionales de Escultura en piedra y madera a partir de 1970 en San Juan, Mendoza, C\u00f3rdoba, Santa Fe, R\u00edo Negro, Chaco, Misiones y Buenos Aires. Expuso en Cuba y Holanda.\u00a0 Fue una de las integrantes del libro 40 Escultores Argentinos.<\/p>\n<p>A lo largo de su vida, Mirta ha enfrentado y superado desaf\u00edos en un mundo de la escultura que, en sus inicios, estaba dominado por figuras masculinas. Aunque enfrent\u00f3 comentarios despectivos y actitudes de desd\u00e9n, logr\u00f3 ganarse el respeto de sus colegas por su destreza y habilidad y trabajo en solitario, tal como ella misma relata en numerosas entrevistas.<\/p>\n<p>Mirta Romero, ha representado a Argentina en simposios de escultura en lugares como Suiza, Francia, Dinamarca, Finlandia, y Alemania y ha recibido numerosos premios, incluyendo el Primer Premio en el Concurso de Murales en San Juan en 1972, Tercer Premio en el Sal\u00f3n Cuyano de Artes Pl\u00e1sticas en 1977, Monumento A la Madre Universal en 1987, Premio Alberti en 1989; el Primer Premio en el Concurso Expo-Sol de San Juan en 1993, el Primer Premio en el Concurso de Escultura en Nieve de Valloire, Francia en 1995; obtuvo el Primer Premio en el 8\u00ba Simposio Internacional en St. Blasien, en 1998.<\/p>\n<p>Sus obras tambi\u00e9n se encuentran en varias provincias argentinas, y en diversos pa\u00edses incluyendo la Catedral de Saint Braseen en Alemania.\u00a0 En San Juan podemos admirar sus obras en la Gruta de F\u00e1tima; en la C\u00e1mara de Diputados donde fue colocada la obra \u201cClamor de Libertad\u201d y en el Parque Escult\u00f3rico del Centro Ambiental Anchipurac con su obra \u201cClamor de la Tierra\u201d. En la Plaza del Barrio Los Tilos, Desamparados en el a\u00f1o 2024 la municipalidad de la Capital emplazo la obra \u201cGerminando Vida\u201d. El mensaje principal de la obra es la celebraci\u00f3n del milagro de la vida, evocando la armon\u00eda y la interconexi\u00f3n entre los seres vivos.<\/p>\n<p>Una buena parte de sus trabajos muestran figuras humanas unidas, abrazadas, escuch\u00e1ndose o de la mano, y tambi\u00e9n hay dise\u00f1os abstractos. \u201cPredomina en su creaci\u00f3n como eje tem\u00e1tico, la figura humana. Tiene un natural poder de s\u00edntesis y simplifica los vol\u00famenes. Hace una interpretaci\u00f3n m\u00e1s que una transcripci\u00f3n. De ah\u00ed que sus trabajos, si bien tienen fuerte poder evocador, se dir\u00eda que, en vez de unir, separan el mundo de las ideas del mundo de la realidad\u201d. (Aldo Galli, cr\u00edtico de arte del diario La Naci\u00f3n, Diario Los Andes, 10 de septiembre de 2010).<\/p>\n<p><span style=\"color: #800080;\"><strong>MIRYAN BENIGNA AND\u00daJAR<\/strong><\/span><\/p>\n<p>Seguidamente, el diputado Juan de la Cruz C\u00f3rdoba brind\u00f3 detalles sobre la vida de Miryan And\u00fajar y dijo:<\/p>\n<p>\u201cHoy nos convoca un acto de profunda significaci\u00f3n para nuestra provincia: el reconocimiento post mortem de Ciudadana Ilustre a la Dra. Myriam Benigna And\u00fajar. Es un tributo desde la serena y objetiva apreciaci\u00f3n de una trayectoria de vida dedicada al conocimiento, a la justicia y al servicio de la comunidad. Su legado, marcado por la coherencia y el compromiso, perdura en cada \u00e1mbito que enriqueci\u00f3 con su incansable labor.<\/p>\n<p>Myriam And\u00fajar fue, ante todo, una abogada ejemplar, egresada de la Universidad Cat\u00f3lica de Cuyo en 1979. Su formaci\u00f3n no se detuvo all\u00ed; la impuls\u00f3 a especializarse en la Doctrina Social de la Iglesia, a cursar una Maestr\u00eda en \u00c9tica Biom\u00e9dica y Biotecnol\u00f3gica, y a perfeccionarse en Docencia Universitaria. Esta sed de saber no era un fin en s\u00ed misma, sino el cimiento para una vocaci\u00f3n docente ininterrumpida y multifac\u00e9tica.<\/p>\n<p>Desde 1980, la Dra. And\u00fajar ejerci\u00f3 como profesora titular efectiva en diversas facultades de la Universidad Cat\u00f3lica de Cuyo, incluyendo Ciencias Econ\u00f3micas, Derecho y Ciencias Sociales, Psicolog\u00eda, Ciencias de la Alimentaci\u00f3n, Bioqu\u00edmica y Farmacia, y Ciencias M\u00e9dicas. Su influencia se extendi\u00f3 a la ense\u00f1anza de la \u00c9tica General y Jur\u00eddica, la \u00c9tica Profesional del Notario, Teolog\u00eda, Derecho y Legislaci\u00f3n del Vino y los Alimentos, y \u00c9tica y Legislaci\u00f3n. En el \u00e1mbito de posgrado, fue una destacada docente en maestr\u00edas de Derecho Administrativo de la Econom\u00eda y Derecho Empresario, adem\u00e1s de disertar en innumerables cursos y jornadas sobre \u00c9tica Jur\u00eddica y Bio\u00e9tica, formando a generaciones de profesionales y contribuyendo al debate sobre temas cruciales para la sociedad.<\/p>\n<p>Su compromiso con el conocimiento trascendi\u00f3 las aulas. La Dra. And\u00fajar fue una investigadora dedicada, dirigiendo proyectos como el de \u00abNeurociencias: una nueva l\u00ednea de investigaci\u00f3n en la Bio\u00e9tica\u00bb y el Programa de Neuro\u00e9tica del Instituto de Bio\u00e9tica de la UCCuyo. Su pluma fue prol\u00edfica, plasmando sus reflexiones en art\u00edculos sobre \u00e9tica, bio\u00e9tica y derecho, colaborando semanalmente en peri\u00f3dicos provinciales y publicando obras de coautor\u00eda que abordan temas de gran relevancia social, como la clonaci\u00f3n, la no violencia, el derecho a la vida del ser humano no nacido y la educaci\u00f3n sexual. Fue, adem\u00e1s, coautora y coordinadora general del \u00abManual de \u00c9tica para las fuerzas de Seguridad de la provincia de San Juan\u00bb.<\/p>\n<p>La gesti\u00f3n y el liderazgo fueron tambi\u00e9n pilares de su trayectoria. Fue Directora del Instituto de la Familia, del Programa \u201cFamilia y Desarrollo\u201d, Decana de la Facultad de Derecho y Ciencias Sociales de la UCCuyo entre 2007 y 2011, y miembro del Consejo Directivo de dicha Facultad en los a\u00f1os subsiguientes. Su capacidad de coordinaci\u00f3n se manifest\u00f3 en diplomaturas sobre bio\u00e9tica y educaci\u00f3n sexual integral.<\/p>\n<p>M\u00e1s all\u00e1 de sus logros acad\u00e9micos y profesionales, Myriam And\u00fajar se distingui\u00f3 por su incansable participaci\u00f3n en comisiones asesoras y grupos de trabajo que abordaron problem\u00e1ticas de la m\u00e1s alta relevancia social. Fue coordinadora del grupo PRE.VEN.SION. sobre prevenci\u00f3n del S.I.D.A., vicepresidente de la Comisi\u00f3n Arquidiocesana para la defensa de la vida humana y de la familia, y miembro del \u00abConsejo Provincial Mujer \u2013 Familia\u00bb. Su expertise fue reconocida a nivel nacional, siendo parte de la Comisi\u00f3n de Especialistas convocada por el Ministerio de Educaci\u00f3n de la Naci\u00f3n para reglamentar la ley de Educaci\u00f3n Sexual en las escuelas. Su compromiso con la justicia y la paz la llev\u00f3 a ser miembro titular de la Comisi\u00f3n Nacional de Justicia y Paz de la Conferencia Episcopal Argentina y cofundadora de un espacio para personas Trans.<\/p>\n<p>Dict\u00f3 innumerables cursos, conferencias y seminarios, compartiendo su saber sobre clonaci\u00f3n humana, fecundaci\u00f3n artificial, eutanasia, objeci\u00f3n de conciencia, y de manera muy destacada, sobre la implementaci\u00f3n de la educaci\u00f3n sexual en las escuelas. Su voz reson\u00f3 en debates trascendentales, como la exposici\u00f3n en la C\u00e1mara de Diputados de la Naci\u00f3n sobre el proyecto de ley de legalizaci\u00f3n del aborto en 2018.<\/p>\n<p>\u201cEsposa, madre, abuela, abogada, profesora, dirigente, l\u00edder religiosa y social\u201d, as\u00ed la defini\u00f3 el Pbro. Dr. Jos\u00e9 Juan Garc\u00eda durante un merecido homenaje que recibi\u00f3 en vida, \u201cpor los aportes que tuvo en diferentes \u00e1mbitos social, cultural y educativo. Una gran defensora de la Vida, defendiendo los principios \u00e9ticos que la promueven y denunciando los ataques contra la infinita dignidad de la persona y de su fundamental derecho a la vida hasta su natural extinci\u00f3n\u201d.<\/p>\n<p>La hoja de vida de la Dra. And\u00fajar proclama tantas carreras de grado, posgrados, c\u00e1tedras a cargo, investigaciones, publicaciones y libros, asesor\u00edas, cargos de suma importancia, que no nos alcanzar\u00eda la sesi\u00f3n para poder dar lectura a cada hito en la prospera vida de esta sanjuanina.<\/p>\n<p>A la Dra. And\u00fajar se la puede encasillar en cuanto halago exista, se le puede ver cuanta virtud se pretenda, pero por sobre todo resalta su coherencia y generosidad; vivi\u00f3 dando lo que sab\u00eda y se esforz\u00f3 por saber lo mejor, para darlo. En nuestros trabajos, escuelas, universidades, ministerios, entre otros, basta con una simple vista para encontrar una huella de Miryan.<\/p>\n<p>La Dra. Myriam Benigna And\u00fajar nos ha dejado un legado de incansable dedicaci\u00f3n a la educaci\u00f3n, al derecho y a la construcci\u00f3n de una sociedad m\u00e1s justa y consciente. Su vida fue un testimonio de que el conocimiento, la \u00e9tica y el compromiso c\u00edvico son herramientas poderosas para transformar el mundo. Este reconocimiento como Ciudadana Ilustre no es solo un homenaje a su memoria, sino una invitaci\u00f3n a que su ejemplo siga inspirando a las futuras generaciones.<\/p>\n<p><span style=\"color: #800080;\"><strong>Declaraci\u00f3n de un distinguido \u201cPersonalidades Destacadas\u201d<\/strong><\/span><\/p>\n<p><iframe loading=\"lazy\" title=\"Personalidades Destacadas 2025\" width=\"800\" height=\"450\" src=\"https:\/\/www.youtube.com\/embed\/n7aJY4AmJmU?feature=oembed\" frameborder=\"0\" allow=\"accelerometer; autoplay; clipboard-write; encrypted-media; gyroscope; picture-in-picture; web-share\" referrerpolicy=\"strict-origin-when-cross-origin\" allowfullscreen><\/iframe><\/p>\n<p><span style=\"color: #800080;\"><strong>LUIS ALFREDO PAREDES<\/strong><\/span><\/p>\n<p>A continuaci\u00f3n, el diputado Leopoldo Soler habl\u00f3 sobre la vida de Luis Paredes y expres\u00f3:<\/p>\n<p>\u201cHoy no solo distinguimos a una persona, sino que tambi\u00e9n celebramos un modo de vida, una identidad, una ra\u00edz profunda que forma parte de nuestro ADN cultural: la tradici\u00f3n gaucha.<\/p>\n<p>Reconocer a quien ha dedicado m\u00e1s de cuatro d\u00e9cadas a enaltecer nuestras culturas y tradiciones gauchas no es un mero acto protocolar. Es un gesto de justicia hist\u00f3rica. Porque cuando hablamos de nuestras ra\u00edces, de nuestra memoria viva, de nuestras expresiones m\u00e1s aut\u00e9nticas, inevitablemente pensamos en personas como Luis Alfredo Paredes.<\/p>\n<p>Con su voz inconfundible en la radio, animando festivales de doma y folclore, luciendo con orgullo la pilcha gaucha, ha sido y sigue siendo un faro para generaciones enteras. No hay jineteada ni festival que no lo tenga como parte del alma del evento. No hay encuentro criollo donde no se reconozca su presencia, su palabra, su entrega.<\/p>\n<p>Ha sabido, adem\u00e1s, llevar la cultura popular a los micr\u00f3fonos, a los pueblos, a las escuelas, a cada rinc\u00f3n donde a\u00fan late la memoria de nuestros mayores.<\/p>\n<p>Nacido en San Juan departamento Santa Luc\u00eda, en 1955, padre de Jos\u00e9 Luis, N\u00e9stor, Fernanda y Marcelo.<\/p>\n<p>En el a\u00f1o 1983 comenz\u00f3 su recorrido cultural en la Agrupaci\u00f3n Gaucha \u201cTroperos de Santa Luc\u00eda. Al a\u00f1o siguiente, en 1984, debut\u00f3 como animador de jineteadas, pe\u00f1as y festivales, siendo su mentor el reconocido Jorge Dar\u00edo Bence.<\/p>\n<p>Con el tiempo se fue destacando en dicha labor al punto que fue convocado por primera vez a nivel nacional para animar el Festival de Doma en la Ensenada, La Plata, provincia de Buenos Aires. Desde entonces comenz\u00f3 su recorrido nacional en otros tantos festivales como R\u00edo Cuarto, Santa Rosa de Calamuchita, Santo Tom\u00e9, Corriente, San Luis, Villa Mercedes, Mendoza, Tupungato, General Alvear, La Rioja, Chamical, Chepes, Olta.<\/p>\n<p>Ha compartido escenarios con figuras destacada como: Payador de Am\u00e9rica Gustavo Guichon, y conjuntamente con otros reconocidos relatores nacionales como Juan Jorba y Nicol\u00e1s Membriani.<\/p>\n<p>Esta trayectoria hizo que hoy contin\u00fae siendo el conductor y animador oficial de las jineteadas y acontecimientos culturales que lleva a cabo la Federaci\u00f3n y la Confederaci\u00f3n Gaucha Sanjuanina. Esto implica su participaci\u00f3n casi todos los domingos en los 19 departamentos de San Juan.<\/p>\n<p>As\u00ed mismo es la voz tradicional de los desfiles patrios de nuestra provincia, fiestas tradicionales como la de J\u00e1chal, Ullum, Zonda, escenarios folcl\u00f3ricos de la Fiesta Nacional de Sol, la cabalgata de FE a la DIFUNTA CORREA todos los a\u00f1os y la fiesta Nacional del M\u00e9dano de Oro.<\/p>\n<p>Ha trabajado en diferentes radios con su reconocido programa \u201cLonja y Guitarra\u201d que lleva adelante hace 35 a\u00f1os. Este programa es una contribuci\u00f3n diaria a la cultura y a nuestras tradiciones para mantenerlas vivas, porque en el mismo se transmite la m\u00fasica cuyana, se relatan y difunden las actividades gauchas y de danzas. Se brinda espacio a los artistas. En la actualidad es acompa\u00f1ado en su programa radial por su hijo mayor, quien sigue el legado de su padre siendo Payador y locutor.<\/p>\n<p>En un mundo donde muchas veces se quiere imponer lo inmediato sobre lo profundo, lo global sobre lo local, quienes defienden nuestras ra\u00edces cumplen un rol esencial. No solo preservan tradiciones, sino que las mantienen vivas, din\u00e1micas, accesibles.<\/p>\n<p>Gracias a personas como Luisito, nuestras infancias conocen el sonido del malambo, el valor de la jineteada, el respeto por el caballo, la poes\u00eda sencilla de una payada, la emoci\u00f3n que despierta una zamba bailada en tierra adentro\u201d.<\/p>\n<p><span style=\"color: #800080;\"><strong>SARA PERLA WELNER<\/strong><\/span><\/p>\n<p>M\u00e1s tarde, la legisladora Graciela Seva habl\u00f3 sobre la vida de Sara Welner y dijo:<\/p>\n<p>\u201cEn representaci\u00f3n del Interbloque PJ, en esta sesi\u00f3n especial que tiene por objeto distinguir a comprovincianos, hombres y mujeres sanjuaninas que cumplen o han cumplido servicios de excepci\u00f3n en la provincia y son destacados por su obra, su trayectoria en forma sobresaliente en el campo de la pol\u00edtica, de la ciencia, de la cultura y fundamentalmente en defensa de los derechos sostenidos de nuestra Constituci\u00f3n provincial.<\/p>\n<p>Y tal cual lo expresa la Ley 868-F, concede honores por servicios de gran importancia prestados a la Provincia.<\/p>\n<p>En este marco hoy, proponemos otorgar la distinci\u00f3n de Personalidad Destacada de la Provincia de San Juan, por su trayectoria social y pol\u00edtica a una inmensa mujer como fue Sara Perla Werner.<\/p>\n<p>Por su aporte a la pol\u00edtica provincial: por la decisi\u00f3n de dedicar su vida a la construcci\u00f3n de un Partido Pol\u00edtico y su intervenci\u00f3n en el debate p\u00fablico y su acci\u00f3n militante.<\/p>\n<p>Por ser impulsora del Movimiento de Mujeres Sanjuaninas que levant\u00f3 las banderas de la lucha feminista en San Juan.<\/p>\n<p>Por su legado invaluable a nuestra comunidad, porque ten\u00eda un profundo compromiso con las causas justas. Ella se anim\u00f3 a levantar la voz incluso cuando estaba prohibido.<\/p>\n<p>Perla Welner, naci\u00f3 el 6 de mayo de 1948, en Hurlingham, provincia de Buenos Aires. Era hija de familia polaca: su madre, Eva Rochman y su padre, Leiser Welner, sobreviviente de los campos de concentraci\u00f3n de Auschwitz.<\/p>\n<p>La historia de sus padres marc\u00f3 a Perla con la decisi\u00f3n de involucrarse y formar parte de la lucha contra toda forma de injusticia y desigualdad, que fueron temas de discusi\u00f3n en el seno familiar.<\/p>\n<p>Perla se recibi\u00f3 de maestra normal nacional. Comenz\u00f3 a trabajar a los 15 a\u00f1os en la escuela Platerito como auxiliar de Jard\u00edn de Infantes mientras terminaba la secundaria y donde junto a otros docentes, desarrollaron la primera experiencia de educaci\u00f3n Integral de Argentina y Am\u00e9rica con un equipo pedag\u00f3gico dirigido por Haydee Cava de Astigueta.<\/p>\n<p>En 1972 se conoci\u00f3 con Alberto Ag\u00fcero, y se casaron el 5 de diciembre de 1974. Se vinieron a vivir en San Juan, en esta tierra formaron una familia: que hoy est\u00e1 presente, sus hijos:\u00a0 Ana In\u00e9s, Federico y Laura.<\/p>\n<p>Desde su llegada a San Juan tom\u00f3 contacto con mujeres trabajadoras rurales, a quienes ayud\u00f3 a organizarse y visibilizar sus propias problem\u00e1ticas como mujeres.<\/p>\n<p>Realiz\u00f3 una amplia labor pol\u00edtica denunciando el preparativo del golpe de estado, actividad que le vali\u00f3 la c\u00e1rcel en 1975, mientras estaba embarazada de su primera hija.<\/p>\n<p>Fue delegada gremial docente y particip\u00f3 activamente en el gremio UDAP durante toda su trayectoria hasta jubilarse. Nunca quiso hacer carrera directiva en el sistema educativo, ya que su verdadera vocaci\u00f3n era la militancia social.<\/p>\n<p>Desde muy joven se afili\u00f3 al Partido Comunista y luego en el a\u00f1o 1967 fue fundadora del Partido Comunista Revolucionario, partido en el que milit\u00f3 hasta su fallecimiento.<\/p>\n<p>En la d\u00e9cada del 80, lider\u00f3 una importante campa\u00f1a por la creaci\u00f3n de jardines maternales, para que las mujeres rurales pudieran trabajar y lograr independencia econ\u00f3mica.<\/p>\n<p>En coordinaci\u00f3n con dirigentes de distintas fuerzas pol\u00edticas de la provincia, impuls\u00f3 la creaci\u00f3n de multisectoriales, foros, talleres y encuentros donde se abordaron temas que hasta entonces se evitaban: la subordinaci\u00f3n de la mujer en todos los \u00e1mbitos y su exclusi\u00f3n de la vida pol\u00edtica.<\/p>\n<p>Desde 1988, promovi\u00f3 activamente la participaci\u00f3n de mujeres sanjuaninas en los Encuentros Nacionales de Mujeres.<\/p>\n<p>Integr\u00f3 las comisiones organizadoras de los dos Encuentros Nacionales de Mujeres realizados en la provincia en 1998 y 2013. Particip\u00f3 en la fundaci\u00f3n de la filial San Juan de la Asociaci\u00f3n de Amas de Casa del Pa\u00eds.<\/p>\n<p>Fue miembro de la Comisi\u00f3n de Justicia y Paz, y particip\u00f3 en nuestra provincia en la lucha por:<\/p>\n<ul>\n<li style=\"list-style-type: none;\">\n<ul>\n<li>el divorcio vincular,<\/li>\n<li>el matrimonio igualitario,<\/li>\n<li>el Plan Mujer,<\/li>\n<li>la campa\u00f1a por la Ley de Salud Sexual y Procreaci\u00f3n Responsable,<\/li>\n<li>la implementaci\u00f3n de la ESI (Educaci\u00f3n Sexual Integral), y<\/li>\n<li>la Campa\u00f1a por la Interrupci\u00f3n Voluntaria del Embarazo: IVE: Legal, Seguro y Gratuito.<\/li>\n<\/ul>\n<\/li>\n<\/ul>\n<p>Durante la crisis del 2001 impuls\u00f3 la creaci\u00f3n de comedores populares que se sosten\u00edan con el aporte de vecinos y comerciantes de los barrios m\u00e1s carenciados de la provincia.<\/p>\n<p>Junto al Movimiento de Mujeres Sanjuaninas, acompa\u00f1\u00f3 a cientos de v\u00edctimas de violencia de g\u00e9nero y luch\u00f3 por sus derechos, mucho antes de que existieran leyes que las ampararan.<\/p>\n<p>Tambi\u00e9n luch\u00f3 por justicia junto a las familias de v\u00edctimas de femicidio.<\/p>\n<p>Particip\u00f3 en el Segundo Congreso Internacional Feminista, donde present\u00f3 una ponencia sobre \u201cEl trabajo rural de las mujeres sanjuaninas\u201d. Apoy\u00f3 decididamente la implementaci\u00f3n desde cupos femeninos hasta la lucha por la Paridad de G\u00e9nero en cargos pol\u00edticos, judiciales y sindicales.<\/p>\n<p>En varias oportunidades fue candidata en las listas del Partido del Trabajo y del Pueblo y los frentes que integr\u00f3, pero m\u00e1s all\u00e1 de los cargos y las candidaturas, ella demostr\u00f3 que \u00ablos derechos se ganan en la calle\u00bb y que ante la injusticia debemos levantar la voz.<\/p>\n<p>En 2019, impuls\u00f3 la creaci\u00f3n de la C\u00e1tedra de Estudios de G\u00e9nero en la Facultad de Filosof\u00eda, Humanidades y Artes (FFHA), que funciona ininterrumpidamente hasta la actualidad.<\/p>\n<p>El a\u00f1o pasado, recibi\u00f3 un reconocimiento por parte de las integrantes de la C\u00e1tedra de G\u00e9nero le rindi\u00f3 un merecido homenaje por su valiosa contribuci\u00f3n a la causa feminista y su legado servir\u00e1 inspiraci\u00f3n a generaciones de mujeres dentro y fuera de nuestra provincia.<\/p>\n<p>Perla, falleci\u00f3 el 15 de enero de 2025, rodeada de sus seres queridos, de sus amigas, de sus camaradas, y tambi\u00e9n compa\u00f1eros y compa\u00f1eras del campo nacional y popular.<\/p>\n<p>Es a partir del 15 de enero, d\u00eda de su desaparici\u00f3n f\u00edsica, tenemos el compromiso de recordar y reconocer el valor de Perla, por su coraje, por su lucha por la justicia social, los derechos humanos y la causa feminista.<\/p>\n<p>Estoy segura, que si Perla estuviera presente, en estos tiempos, estar\u00eda en la calle, defendiendo a todas y todos, quienes est\u00e1n padeciendo situaci\u00f3n de pobreza, crueldad y marginalidad.<\/p>\n<p>Perla por su firme compromiso con las causas justas y su incansable lucha se ha convertido en una figura relevante de nuestra provincia.<\/p>\n<p>Su generosidad, coherencia y entrega ser\u00e1n siempre un faro para todas las mujeres sanjuaninas\u201d.<\/p>\n<p><span style=\"color: #800080;\"><strong>EVARISTO ALES RUIS<\/strong><\/span><\/p>\n<p>Despu\u00e9s, el diputado Luis Rueda present\u00f3 la biograf\u00eda de Evaristo Ruis y expres\u00f3:<\/p>\n<p>\u201cDesde el Bloque de Diputados Bloquista vamos a proponer a esta C\u00e1mara de Diputados que se declare como Personalidad Destacada de la provincia de San Juan -Post Mortem- a Don Evaristo Al\u00e9s Ruiz, un sanjuanino ejemplar cuya vida y obra merecen nuestra memoria agradecida y el homenaje formal de este cuerpo legislativo.<\/p>\n<p>Don Evaristo naci\u00f3 el 30 de marzo de 1925 y falleci\u00f3 el 20 de agosto de 2003, siempre en su querida Provincia de San Juan. Su infancia estuvo marcada por la adversidad: a los siete a\u00f1os perdi\u00f3 a su padre, y desde entonces acompa\u00f1\u00f3 a su madre en las labores agr\u00edcolas de su finca ubicada en el M\u00e9dano de Oro. Curs\u00f3 sus estudios primarios en la Escuela \u00c1ngel de Rojas, y desde joven abraz\u00f3 una vocaci\u00f3n que lo acompa\u00f1ar\u00eda toda su vida: la del transporte.<\/p>\n<p>Apenas con 17 a\u00f1os, el 15 de noviembre de 1942, y con el esfuerzo conjunto junto a su madre, adquiri\u00f3 su primer cami\u00f3n. Siempre recordaba que deb\u00eda cargarlo y descargarlo a pala, porque en aquel entonces no exist\u00edan los volquetes. Este dato, lejos de ser anecd\u00f3tico, resume la cultura del esfuerzo que caracteriz\u00f3 a Don Evaristo.<\/p>\n<p>Cinco a\u00f1os m\u00e1s tarde, adquiri\u00f3 la l\u00ednea 25 de la empresa El Plata, que realizaba el recorrido en Pocito desde el Quinto Cuartel hasta la Plaza Aberastain. Con el paso del tiempo, y a partir de la venta de la l\u00ednea 11 por parte de la empresa Mayo, fue uno de sus adquirentes, y as\u00ed naci\u00f3 la empresa El Inca. Posteriormente, se asoci\u00f3 con los due\u00f1os de la empresa 4 de Junio, que operaban la l\u00ednea 36 \u2014tambi\u00e9n adquirida a la empresa Mayo\u2014, forjando una entra\u00f1able amistad con Pedro Antonio G\u00f3mez. De esa uni\u00f3n naci\u00f3 lo que hoy conocemos como Transportes Automotores 20 de Junio S.A.<\/p>\n<p>En 1974, fund\u00f3 la empresa TICSA, Transporte Interprovincial Cuyo Sur Argentino. Un a\u00f1o m\u00e1s tarde, junto a su amigo Jos\u00e9 Rosell\u00f3, crearon la empresa Del Sur y Media Agua, de transporte de larga distancia.<\/p>\n<p>Sin duda, uno de los hitos m\u00e1s significativos de su vida empresarial se dio en 1964, cuando, con motivo de la apertura del Paso Internacional de Agua Negra durante el gobierno bloquista del Dr. Leopoldo Bravo, fund\u00f3 la empresa TAN \u2013 Transporte Agua Negra, llevando a cabo ese mismo a\u00f1o el primer viaje en colectivo que uni\u00f3 San Juan con la ciudad de Coquimbo, en el vecino pa\u00eds de Chile. Este hecho marc\u00f3 un punto de inflexi\u00f3n en la integraci\u00f3n regional y en la historia del transporte sanjuanino.<\/p>\n<p>Don Evaristo no solo fue un pionero en el sector privado. Tambi\u00e9n dej\u00f3 una huella profunda en lo p\u00fablico. Fue:<\/p>\n<ul>\n<li>Intendente de la Municipalidad de la Ciudad de San Juan entre 1983 y 1987, siendo el primer jefe comunal en completar un mandato constitucional de cuatro a\u00f1os desde el regreso de la democracia.<\/li>\n<li>Presidente de la Honorable Convenci\u00f3n del Partido Bloquista.<\/li>\n<li>Convencional constituyente de la Carta Org\u00e1nica de la Municipalidad de la Ciudad de San Juan.<\/li>\n<li>Presidente del Banco San Juan entre 1987 y 1991.<\/li>\n<li>Accionista y vicepresidente del Banco Agrario.<\/li>\n<li>Presidente de la compa\u00f1\u00eda de seguros La Dota, con sede en C\u00f3rdoba, y de La \u00danica, filial San Juan.<\/li>\n<li>Presidente de la Sociedad Uni\u00f3n Propietarios de \u00d3mnibus (SUPO).<\/li>\n<li>Vicepresidente de la Federaci\u00f3n Econ\u00f3mica de San Juan.<\/li>\n<li>Vicepresidente de la Federaci\u00f3n Argentina del Transporte Automotor de Pasajeros (FATAP).<\/li>\n<li>Titular de Evaristo Al\u00e9s SACIFI, representante de General Motors Argentina en San Juan.<\/li>\n<li>Titular de Otori Nasai, concesionario Toyota en la provincia.<\/li>\n<li>Agricultor y productor de vid, siendo propietario del establecimiento vitivin\u00edcola que llev\u00f3 su nombre: Don Evaristo.<\/li>\n<\/ul>\n<p>A nivel familiar, fue padre de Evaristo, Ana Mar\u00eda y Mar\u00eda Cristina, quienes continuaron su legado de esfuerzo, compromiso y trabajo.<\/p>\n<p>Don Evaristo Al\u00e9s Ruiz fue un hombre de acci\u00f3n, visi\u00f3n, esfuerzo y compromiso. Un verdadero emprendedor que no s\u00f3lo supo generar empleo y desarrollo, sino tambi\u00e9n poner su capacidad y experiencia al servicio del inter\u00e9s p\u00fablico y del ideario bloquista que abraz\u00f3 hasta el final de sus d\u00edas.<\/p>\n<p>Este merecido homenaje cobra un valor a\u00fan m\u00e1s simb\u00f3lico porque se da en el a\u00f1o en que conmemoramos el centenario del natalicio de Don Evaristo, una fecha que nos invita no solo a recordar, sino tambi\u00e9n a reafirmar el valor del trabajo, la honestidad y la dedicaci\u00f3n al pr\u00f3jimo.<\/p>\n<p>Finalmente, queremos expresar nuestro agradecimiento a su familia, que hoy nos acompa\u00f1a en este reconocimiento: a sus hijos, nietos y allegados, les hacemos llegar el respeto y el afecto de todo el pueblo sanjuanino, representado en esta Legislatura\u201d.<\/p>\n<p><span style=\"color: #800080;\"><strong>RICARDO NIETO<\/strong><\/span><\/p>\n<div class=\"com-content-article__body\">\n<p>Por \u00faltimo, la diputada Mar\u00eda Lascano present\u00f3 la biograf\u00eda de Ricardo Nieto sobre quien expres\u00f3:<\/p>\n<p>Ricardo Nieto es una persona que a lo largo de su vida ha demostrado hacer de las adversidades una oportunidad y as\u00ed de esa manera en uno de los peores momentos que le toc\u00f3 atravesar, a partir de que pierde su trabajo, funda Portho Gelato, una empresa que a lo largo de estos a\u00f1os ha ido creciendo, ha ido consolid\u00e1ndose, no solo en la provincia, sino tambi\u00e9n a nivel internacional por la calidad de los productos que trabajan de la mano de este desarrollo. \u00c9l entiende que no hay crecimiento si no hay apoyo a la comunidad, con lo cual esto tambi\u00e9n es muy importante y en este sentido ha sido y es todav\u00eda presidente de la uni\u00f3n vecinal del barrio Camus. Una uni\u00f3n vecinal que crece d\u00eda a d\u00eda, que se anima a nuevos desaf\u00edos y adem\u00e1s asesora de manera gratuita y de manera muy solidaria a otras uniones vecinales para que puedan crecer, para que puedan auto gestionarse y resolver un mont\u00f3n de problemas que llevan adelante estas asociaciones.<\/p>\n<p>Tambi\u00e9n forma parte de la mesa de responsabilidad social. Hace muchos a\u00f1os que la integra y es pionero en esta mirada acerca de la funci\u00f3n que tienen las empresas en la comunidad para poder desarrollar nuevos proveedores, apoyar a peque\u00f1os emprendimientos, generar una cadena de valor que aporte al crecimiento de las comunidades.<\/p>\n<p>Tras la aprobaci\u00f3n de los candidatos presentados, fue realizada la entrega de cada una de las distinciones de \u201cCiudadanos Ilustres\u201d y \u201cPersonalidades Destacadas\u201d.<\/p>\n<p>&nbsp;<\/p>\n<\/div>\n<figure id=\"attachment_37951\" aria-describedby=\"caption-attachment-37951\" style=\"width: 800px\" class=\"wp-caption alignnone\"><img loading=\"lazy\" decoding=\"async\" class=\"size-full wp-image-37951\" src=\"https:\/\/vocesparalelas.com.ar\/sitio\/wp-content\/uploads\/2021\/05\/CAMARA-EDIFICIO.jpg\" alt=\"\" width=\"800\" height=\"515\" srcset=\"https:\/\/vocesparalelas.com.ar\/sitio\/wp-content\/uploads\/2021\/05\/CAMARA-EDIFICIO.jpg 800w, https:\/\/vocesparalelas.com.ar\/sitio\/wp-content\/uploads\/2021\/05\/CAMARA-EDIFICIO-300x193.jpg 300w, https:\/\/vocesparalelas.com.ar\/sitio\/wp-content\/uploads\/2021\/05\/CAMARA-EDIFICIO-768x494.jpg 768w\" sizes=\"auto, (max-width: 800px) 100vw, 800px\" \/><figcaption id=\"caption-attachment-37951\" class=\"wp-caption-text\">Legislatura Provincial de San Juan, Rep\u00fablica Argentina<\/figcaption><\/figure>\n<p>&nbsp;<\/p>\n","protected":false},"excerpt":{"rendered":"<p>En el marco de la semana de la Fundaci\u00f3n de San Juan y en cumplimiento de los art\u00edculos 6\u00ba y<\/p>\n","protected":false},"author":3,"featured_media":87516,"comment_status":"closed","ping_status":"closed","sticky":false,"template":"","format":"standard","meta":{"_acf_changed":false,"_seopress_robots_primary_cat":"none","_seopress_titles_title":"","_seopress_titles_desc":"","_seopress_robots_index":"","colormag_page_container_layout":"default_layout","colormag_page_sidebar_layout":"default_layout","footnotes":""},"categories":[8,7],"tags":[],"class_list":["post-87513","post","type-post","status-publish","format-standard","has-post-thumbnail","hentry","category-concursos","category-videos"],"acf":[],"_links":{"self":[{"href":"https:\/\/vocesparalelas.com.ar\/sitio\/wp-json\/wp\/v2\/posts\/87513","targetHints":{"allow":["GET"]}}],"collection":[{"href":"https:\/\/vocesparalelas.com.ar\/sitio\/wp-json\/wp\/v2\/posts"}],"about":[{"href":"https:\/\/vocesparalelas.com.ar\/sitio\/wp-json\/wp\/v2\/types\/post"}],"author":[{"embeddable":true,"href":"https:\/\/vocesparalelas.com.ar\/sitio\/wp-json\/wp\/v2\/users\/3"}],"replies":[{"embeddable":true,"href":"https:\/\/vocesparalelas.com.ar\/sitio\/wp-json\/wp\/v2\/comments?post=87513"}],"version-history":[{"count":1,"href":"https:\/\/vocesparalelas.com.ar\/sitio\/wp-json\/wp\/v2\/posts\/87513\/revisions"}],"predecessor-version":[{"id":87517,"href":"https:\/\/vocesparalelas.com.ar\/sitio\/wp-json\/wp\/v2\/posts\/87513\/revisions\/87517"}],"wp:featuredmedia":[{"embeddable":true,"href":"https:\/\/vocesparalelas.com.ar\/sitio\/wp-json\/wp\/v2\/media\/87516"}],"wp:attachment":[{"href":"https:\/\/vocesparalelas.com.ar\/sitio\/wp-json\/wp\/v2\/media?parent=87513"}],"wp:term":[{"taxonomy":"category","embeddable":true,"href":"https:\/\/vocesparalelas.com.ar\/sitio\/wp-json\/wp\/v2\/categories?post=87513"},{"taxonomy":"post_tag","embeddable":true,"href":"https:\/\/vocesparalelas.com.ar\/sitio\/wp-json\/wp\/v2\/tags?post=87513"}],"curies":[{"name":"wp","href":"https:\/\/api.w.org\/{rel}","templated":true}]}}