{"id":87506,"date":"2025-06-11T12:25:05","date_gmt":"2025-06-11T15:25:05","guid":{"rendered":"https:\/\/vocesparalelas.com.ar\/sitio\/?p=87506"},"modified":"2025-06-14T21:34:37","modified_gmt":"2025-06-15T00:34:37","slug":"feria-agroproductiva-dia-del-padre-en-rivadavia","status":"publish","type":"post","link":"https:\/\/vocesparalelas.com.ar\/sitio\/feria-agroproductiva-dia-del-padre-en-rivadavia\/","title":{"rendered":"Feria Agroproductiva \u00abD\u00eda del Padre\u00bb en Rivadavia"},"content":{"rendered":"<p>El S\u00e1bado, 14 de Junio, de 16 a 21 horas, el Parque de Rivadavia es el escenario de una nueva edici\u00f3n de la Feria Agroproductiva Itinerante, una propuesta que combina productos locales, artesan\u00edas y celebraci\u00f3n familiar en anticipo al D\u00eda del Padre.<\/p>\n<p>Organizada en conjunto con la Direcci\u00f3n de Turismo y Cultura de la Municipalidad de Rivadavia, la feria ofrece una amplia variedad de productos frescos y elaborados por peque\u00f1os productores de la zona.<\/p>\n<p><strong><span style=\"color: #ff6600;\">Los visitantes pueden encontrar<\/span><\/strong><\/p>\n<ul>\n<li>Frutas y verduras de estaci\u00f3n<\/li>\n<li>Aceites, conservas y panificados artesanales<\/li>\n<li>Plantas y cosm\u00e9tica natural<\/li>\n<li>Artesan\u00edas y emprendimientos locales<\/li>\n<\/ul>\n<p>Adem\u00e1s, la feria integra a los expositores de la Feria de Artesanos y Emprendedores de Rivadavia, consolidando un espacio de promoci\u00f3n econ\u00f3mica y encuentro comunitario.<\/p>\n<p>Con entrada libre y gratuita, la jornada invita a las familias a disfrutar del aire libre, descubrir productos de calidad y encontrar regalos originales para el D\u00eda del Padre, mientras se fomenta el consumo responsable y el desarrollo local.<\/p>\n<p><img loading=\"lazy\" decoding=\"async\" class=\"alignnone size-large wp-image-15197\" src=\"https:\/\/vocesparalelas.com.ar\/sitio\/wp-content\/uploads\/2018\/09\/PARQUE-DE-RIVADAVIA-01-800x600.jpg\" alt=\"\" width=\"800\" height=\"600\" srcset=\"https:\/\/vocesparalelas.com.ar\/sitio\/wp-content\/uploads\/2018\/09\/PARQUE-DE-RIVADAVIA-01-800x600.jpg 800w, https:\/\/vocesparalelas.com.ar\/sitio\/wp-content\/uploads\/2018\/09\/PARQUE-DE-RIVADAVIA-01-300x225.jpg 300w, https:\/\/vocesparalelas.com.ar\/sitio\/wp-content\/uploads\/2018\/09\/PARQUE-DE-RIVADAVIA-01-768x576.jpg 768w, https:\/\/vocesparalelas.com.ar\/sitio\/wp-content\/uploads\/2018\/09\/PARQUE-DE-RIVADAVIA-01.jpg 1000w\" sizes=\"auto, (max-width: 800px) 100vw, 800px\" \/><\/p>\n<p>&nbsp;<\/p>\n","protected":false},"excerpt":{"rendered":"<p>El S\u00e1bado, 14 de Junio, de 16 a 21 horas, el Parque de Rivadavia es el escenario de una nueva<\/p>\n","protected":false},"author":3,"featured_media":23443,"comment_status":"closed","ping_status":"closed","sticky":false,"template":"","format":"standard","meta":{"_acf_changed":false,"_seopress_robots_primary_cat":"none","_seopress_titles_title":"","_seopress_titles_desc":"","_seopress_robots_index":"","colormag_page_container_layout":"default_layout","colormag_page_sidebar_layout":"default_layout","footnotes":""},"categories":[1],"tags":[],"class_list":["post-87506","post","type-post","status-publish","format-standard","has-post-thumbnail","hentry","category-destacadas"],"acf":[],"_links":{"self":[{"href":"https:\/\/vocesparalelas.com.ar\/sitio\/wp-json\/wp\/v2\/posts\/87506","targetHints":{"allow":["GET"]}}],"collection":[{"href":"https:\/\/vocesparalelas.com.ar\/sitio\/wp-json\/wp\/v2\/posts"}],"about":[{"href":"https:\/\/vocesparalelas.com.ar\/sitio\/wp-json\/wp\/v2\/types\/post"}],"author":[{"embeddable":true,"href":"https:\/\/vocesparalelas.com.ar\/sitio\/wp-json\/wp\/v2\/users\/3"}],"replies":[{"embeddable":true,"href":"https:\/\/vocesparalelas.com.ar\/sitio\/wp-json\/wp\/v2\/comments?post=87506"}],"version-history":[{"count":2,"href":"https:\/\/vocesparalelas.com.ar\/sitio\/wp-json\/wp\/v2\/posts\/87506\/revisions"}],"predecessor-version":[{"id":87510,"href":"https:\/\/vocesparalelas.com.ar\/sitio\/wp-json\/wp\/v2\/posts\/87506\/revisions\/87510"}],"wp:featuredmedia":[{"embeddable":true,"href":"https:\/\/vocesparalelas.com.ar\/sitio\/wp-json\/wp\/v2\/media\/23443"}],"wp:attachment":[{"href":"https:\/\/vocesparalelas.com.ar\/sitio\/wp-json\/wp\/v2\/media?parent=87506"}],"wp:term":[{"taxonomy":"category","embeddable":true,"href":"https:\/\/vocesparalelas.com.ar\/sitio\/wp-json\/wp\/v2\/categories?post=87506"},{"taxonomy":"post_tag","embeddable":true,"href":"https:\/\/vocesparalelas.com.ar\/sitio\/wp-json\/wp\/v2\/tags?post=87506"}],"curies":[{"name":"wp","href":"https:\/\/api.w.org\/{rel}","templated":true}]}}