{"id":87491,"date":"2025-06-10T21:15:24","date_gmt":"2025-06-11T00:15:24","guid":{"rendered":"https:\/\/vocesparalelas.com.ar\/sitio\/?p=87491"},"modified":"2025-06-11T00:15:41","modified_gmt":"2025-06-11T03:15:41","slug":"la-junta-electoral-de-la-unsj-capacito-a-las-autoridades-de-mesa-elecciones-2025","status":"publish","type":"post","link":"https:\/\/vocesparalelas.com.ar\/sitio\/la-junta-electoral-de-la-unsj-capacito-a-las-autoridades-de-mesa-elecciones-2025\/","title":{"rendered":"La Junta Electoral de la UNSJ capacit\u00f3 a las autoridades de mesa \u00abElecciones 2025\u00bb"},"content":{"rendered":"<p>Con motivo de las elecciones del 11 de junio en las que Universidad Nacional de San Juan atravesar\u00e1 otro proceso democr\u00e1tico donde se elegir\u00e1n autoridades generales es decir rector\/a, vicerrector\/a, consejeros\/as superiores y a nivel de unidades acad\u00e9micas decanos\/as, vicedecanos\/as, director\/a y vicedirector\/a y consejeros\/as directivos\/as, el pasado 9 de junio la Junta Electoral dict\u00f3 una capacitaci\u00f3n para autoridades de mesa, que comenz\u00f3 a las 18 horas y tuvo una duraci\u00f3n de alrededor de dos horas.<\/p>\n<p>Esta formaci\u00f3n arranc\u00f3 con el previo env\u00edo de un instructivo y luego presencialmente la Junta explic\u00f3 a las personas asistentes cada una de las etapas del acto eleccionario, adem\u00e1s de brindarles consejos sobre c\u00f3mo realizar correctamente el escrutinio, t\u00e9cnicas de conteo, e identificaci\u00f3n de todas las variables del voto: v\u00e1lido, nulo, observado, recurrido, blanco, etc.<\/p>\n<p>Por otro lado tambi\u00e9n se les manifestaron a los\/as presidentes\/as c\u00f3mo va a ser el trabajo conjunto con el referente de la junta electoral en cada unidad acad\u00e9mica, explicando cu\u00e1l ser\u00e1 la funci\u00f3n de \u00e9ste con el que tienen que coordinar el d\u00eda de la elecci\u00f3n.<\/p>\n<p>Al respecto de la capacitaci\u00f3n la presidenta de la Junta Electoral Ana Laura Garc\u00eda expres\u00f3 que \u201csi bien la actividad fue de participaci\u00f3n voluntaria, \u00e9sta tuvo gran convocatoria, asistieron alrededor de 80 personas, quienes manifestaron que esta capacitaci\u00f3n no se hab\u00eda realizado antes\u201d.<\/p>\n<p>Sigui\u00f3 explicando la autoridad que \u201chubo muy buena participaci\u00f3n y predisposici\u00f3n,\u00a0\u00a0las personas asistentes pudieron hacer preguntas, sacarse las dudas, y sus devoluciones fueron muy buenas, se fueron entendiendo todo con mucha claridad\u201d.<\/p>\n<p><img loading=\"lazy\" decoding=\"async\" class=\"alignnone size-full wp-image-79515\" src=\"https:\/\/vocesparalelas.com.ar\/sitio\/wp-content\/uploads\/2024\/11\/UNSJ-LOGO-01.jpg\" alt=\"\" width=\"800\" height=\"459\" srcset=\"https:\/\/vocesparalelas.com.ar\/sitio\/wp-content\/uploads\/2024\/11\/UNSJ-LOGO-01.jpg 800w, https:\/\/vocesparalelas.com.ar\/sitio\/wp-content\/uploads\/2024\/11\/UNSJ-LOGO-01-300x172.jpg 300w, https:\/\/vocesparalelas.com.ar\/sitio\/wp-content\/uploads\/2024\/11\/UNSJ-LOGO-01-768x441.jpg 768w\" sizes=\"auto, (max-width: 800px) 100vw, 800px\" \/><\/p>\n","protected":false},"excerpt":{"rendered":"<p>Con motivo de las elecciones del 11 de junio en las que Universidad Nacional de San Juan atravesar\u00e1 otro proceso<\/p>\n","protected":false},"author":3,"featured_media":87494,"comment_status":"closed","ping_status":"closed","sticky":false,"template":"","format":"standard","meta":{"_acf_changed":false,"_seopress_robots_primary_cat":"none","_seopress_titles_title":"","_seopress_titles_desc":"","_seopress_robots_index":"","colormag_page_container_layout":"default_layout","colormag_page_sidebar_layout":"default_layout","footnotes":""},"categories":[1],"tags":[],"class_list":["post-87491","post","type-post","status-publish","format-standard","has-post-thumbnail","hentry","category-destacadas"],"acf":[],"_links":{"self":[{"href":"https:\/\/vocesparalelas.com.ar\/sitio\/wp-json\/wp\/v2\/posts\/87491","targetHints":{"allow":["GET"]}}],"collection":[{"href":"https:\/\/vocesparalelas.com.ar\/sitio\/wp-json\/wp\/v2\/posts"}],"about":[{"href":"https:\/\/vocesparalelas.com.ar\/sitio\/wp-json\/wp\/v2\/types\/post"}],"author":[{"embeddable":true,"href":"https:\/\/vocesparalelas.com.ar\/sitio\/wp-json\/wp\/v2\/users\/3"}],"replies":[{"embeddable":true,"href":"https:\/\/vocesparalelas.com.ar\/sitio\/wp-json\/wp\/v2\/comments?post=87491"}],"version-history":[{"count":1,"href":"https:\/\/vocesparalelas.com.ar\/sitio\/wp-json\/wp\/v2\/posts\/87491\/revisions"}],"predecessor-version":[{"id":87495,"href":"https:\/\/vocesparalelas.com.ar\/sitio\/wp-json\/wp\/v2\/posts\/87491\/revisions\/87495"}],"wp:featuredmedia":[{"embeddable":true,"href":"https:\/\/vocesparalelas.com.ar\/sitio\/wp-json\/wp\/v2\/media\/87494"}],"wp:attachment":[{"href":"https:\/\/vocesparalelas.com.ar\/sitio\/wp-json\/wp\/v2\/media?parent=87491"}],"wp:term":[{"taxonomy":"category","embeddable":true,"href":"https:\/\/vocesparalelas.com.ar\/sitio\/wp-json\/wp\/v2\/categories?post=87491"},{"taxonomy":"post_tag","embeddable":true,"href":"https:\/\/vocesparalelas.com.ar\/sitio\/wp-json\/wp\/v2\/tags?post=87491"}],"curies":[{"name":"wp","href":"https:\/\/api.w.org\/{rel}","templated":true}]}}