{"id":87482,"date":"2025-06-10T22:58:36","date_gmt":"2025-06-11T01:58:36","guid":{"rendered":"https:\/\/vocesparalelas.com.ar\/sitio\/?p=87482"},"modified":"2025-06-11T10:31:07","modified_gmt":"2025-06-11T13:31:07","slug":"se-inauguro-la-ampliacion-y-remodelacion-del-caps-dr-rolando-conturso-en-rivadavia-de-san-juan","status":"publish","type":"post","link":"https:\/\/vocesparalelas.com.ar\/sitio\/se-inauguro-la-ampliacion-y-remodelacion-del-caps-dr-rolando-conturso-en-rivadavia-de-san-juan\/","title":{"rendered":"Se inaugur\u00f3 la ampliaci\u00f3n y remodelaci\u00f3n del CAPs \u00abDr. Rolando Conturso\u00bb en Rivadavia de San Juan"},"content":{"rendered":"<p>En el Departamento Rivadavia, el Gobernador de San Juan, Dr. Marcelo Orrego, el Vicegobernador, Dr. Fabi\u00e1n Mart\u00edn, el Ministro de Salud, Dr. Amilcar Dobladez y el Intendente de la Municipalidad de Rivadavia, Sergio Miodowsky junto al resto de autoridades inauguraron la ampliaci\u00f3n y remodelaci\u00f3n del CAPs \u00abDr. Rolando Conturso\u00bb, un espacio de Salud que beneficia a los vecinos de la Localidad de Marquesado.<\/p>\n<p>Las autoridades en su ingreso descubrieron la placa que declara el momento en que se inaugura la ampliaci\u00f3n y remodelaci\u00f3n del CAPs.<\/p>\n<p><img loading=\"lazy\" decoding=\"async\" class=\"alignnone size-full wp-image-87486\" src=\"https:\/\/vocesparalelas.com.ar\/sitio\/wp-content\/uploads\/2025\/06\/RIVADAVIA-CAPs-02.jpg\" alt=\"\" width=\"800\" height=\"533\" srcset=\"https:\/\/vocesparalelas.com.ar\/sitio\/wp-content\/uploads\/2025\/06\/RIVADAVIA-CAPs-02.jpg 800w, https:\/\/vocesparalelas.com.ar\/sitio\/wp-content\/uploads\/2025\/06\/RIVADAVIA-CAPs-02-300x200.jpg 300w, https:\/\/vocesparalelas.com.ar\/sitio\/wp-content\/uploads\/2025\/06\/RIVADAVIA-CAPs-02-768x512.jpg 768w\" sizes=\"auto, (max-width: 800px) 100vw, 800px\" \/><\/p>\n<p>Posteriormente, las autoridades realizaron la recorrida por el interior disfrutando cada espacio con el equipamiento necesario para que el paciente y el profesional se encuentren dignamente.<\/p>\n<p><img loading=\"lazy\" decoding=\"async\" class=\"alignnone size-full wp-image-87488\" src=\"https:\/\/vocesparalelas.com.ar\/sitio\/wp-content\/uploads\/2025\/06\/RIVADAVIA-CAPs-03.jpg\" alt=\"\" width=\"800\" height=\"533\" srcset=\"https:\/\/vocesparalelas.com.ar\/sitio\/wp-content\/uploads\/2025\/06\/RIVADAVIA-CAPs-03.jpg 800w, https:\/\/vocesparalelas.com.ar\/sitio\/wp-content\/uploads\/2025\/06\/RIVADAVIA-CAPs-03-300x200.jpg 300w, https:\/\/vocesparalelas.com.ar\/sitio\/wp-content\/uploads\/2025\/06\/RIVADAVIA-CAPs-03-768x512.jpg 768w\" sizes=\"auto, (max-width: 800px) 100vw, 800px\" \/><\/p>\n<p>A continuaci\u00f3n el Ministro de Salud, Dr. Amilcar Dobladez , quien destac\u00f3 la importancia de estas obras y que se pretende continuar mejorando el servicio de salud en San Juan.<\/p>\n<p><iframe loading=\"lazy\" title=\"CAPS RIVADAVIA MINISTRO DR AMILCAR DOBLADEZ\" width=\"800\" height=\"450\" src=\"https:\/\/www.youtube.com\/embed\/_bM4Km3UGbo?feature=oembed\" frameborder=\"0\" allow=\"accelerometer; autoplay; clipboard-write; encrypted-media; gyroscope; picture-in-picture; web-share\" referrerpolicy=\"strict-origin-when-cross-origin\" allowfullscreen><\/iframe><\/p>\n<p>Seguidamente, el Intendente de la Municipalidad de Rivadavia, Sergio Miodowsky agradeci\u00f3 los logros para que la gente que llegue a la atenci\u00f3n primaria la encuentre en el espacio de Salud Luego el Vicegobernador, Dr. Fabi\u00e1n Mart\u00edn puntualiz\u00f3 la necesidad en la zona para que los pacientes sean atendidos por profesionales de primer nivel como se lo merecen.<\/p>\n<p><iframe loading=\"lazy\" title=\"CAPS RIVADAVIA VICEGOBERNADOR DR FABI\u00c1N MART\u00cdN\" width=\"800\" height=\"450\" src=\"https:\/\/www.youtube.com\/embed\/l7KIGoP-6iU?feature=oembed\" frameborder=\"0\" allow=\"accelerometer; autoplay; clipboard-write; encrypted-media; gyroscope; picture-in-picture; web-share\" referrerpolicy=\"strict-origin-when-cross-origin\" allowfullscreen><\/iframe><\/p>\n<p>Finalmente, el Gobernador, Dr. Marcelo Orrego felicit\u00f3 a los profesionales que dedican su trabajo con responsabilidad orientando a los pacientes.<\/p>\n<p><iframe loading=\"lazy\" title=\"CAPS RIVADAVIA GOBERNADOR DR MARCELO ORREGO\" width=\"800\" height=\"450\" src=\"https:\/\/www.youtube.com\/embed\/uKVlWvatsxc?feature=oembed\" frameborder=\"0\" allow=\"accelerometer; autoplay; clipboard-write; encrypted-media; gyroscope; picture-in-picture; web-share\" referrerpolicy=\"strict-origin-when-cross-origin\" allowfullscreen><\/iframe><\/p>\n<p>Las obras, llevadas adelante por el Ministerio de Infraestructura, Agua y Energ\u00eda del Gobierno de San Juan, en conjunto con el Ministerio de Salud, incluyeron trabajos de mantenimiento general, mejoras edilicias y una importante ampliaci\u00f3n de los espacios.<\/p>\n<p>Tras la intervenci\u00f3n, el centro de salud cuenta con una superficie total de 167,88 m\u00b2, sumando 62 m\u00b2 nuevos a los 106 m\u00b2 originales. El nuevo edificio alberga los siguientes espacios:<\/p>\n<ul>\n<li>Acceso principal peatonal<\/li>\n<li>Consultorio de Medicina Familiar<\/li>\n<li>Consultorio de Cl\u00ednica M\u00e9dica<\/li>\n<li>Consultorio de Psicolog\u00eda<\/li>\n<li>Consultorio de Nutrici\u00f3n<\/li>\n<li>Consultorio de Odontolog\u00eda<\/li>\n<li>Farmacia<\/li>\n<li>\u00c1rea de Enfermer\u00eda<\/li>\n<li>\u00c1rea de Vacunaci\u00f3n<\/li>\n<li>Sanitario p\u00fablico<\/li>\n<li>Sanitario para el personal<\/li>\n<li>Sanitario para personas con discapacidad<\/li>\n<li>\u00c1rea limpia y \u00e1rea sucia<\/li>\n<li>Acopio final de residuos patol\u00f3gicos<\/li>\n<li>Sala de espera<\/li>\n<li>Recepci\u00f3n<\/li>\n<\/ul>\n<p><img loading=\"lazy\" decoding=\"async\" class=\"alignnone size-full wp-image-87489\" src=\"https:\/\/vocesparalelas.com.ar\/sitio\/wp-content\/uploads\/2025\/06\/RIVADAVIA-CAPs-04.jpg\" alt=\"\" width=\"800\" height=\"533\" srcset=\"https:\/\/vocesparalelas.com.ar\/sitio\/wp-content\/uploads\/2025\/06\/RIVADAVIA-CAPs-04.jpg 800w, https:\/\/vocesparalelas.com.ar\/sitio\/wp-content\/uploads\/2025\/06\/RIVADAVIA-CAPs-04-300x200.jpg 300w, https:\/\/vocesparalelas.com.ar\/sitio\/wp-content\/uploads\/2025\/06\/RIVADAVIA-CAPs-04-768x512.jpg 768w\" sizes=\"auto, (max-width: 800px) 100vw, 800px\" \/><\/p>\n","protected":false},"excerpt":{"rendered":"<p>En el Departamento Rivadavia, el Gobernador de San Juan, Dr. Marcelo Orrego, el Vicegobernador, Dr. Fabi\u00e1n Mart\u00edn, el Ministro de<\/p>\n","protected":false},"author":3,"featured_media":87485,"comment_status":"closed","ping_status":"closed","sticky":false,"template":"","format":"standard","meta":{"_acf_changed":false,"_seopress_robots_primary_cat":"none","_seopress_titles_title":"","_seopress_titles_desc":"","_seopress_robots_index":"","colormag_page_container_layout":"default_layout","colormag_page_sidebar_layout":"default_layout","footnotes":""},"categories":[1,7],"tags":[],"class_list":["post-87482","post","type-post","status-publish","format-standard","has-post-thumbnail","hentry","category-destacadas","category-videos"],"acf":[],"_links":{"self":[{"href":"https:\/\/vocesparalelas.com.ar\/sitio\/wp-json\/wp\/v2\/posts\/87482","targetHints":{"allow":["GET"]}}],"collection":[{"href":"https:\/\/vocesparalelas.com.ar\/sitio\/wp-json\/wp\/v2\/posts"}],"about":[{"href":"https:\/\/vocesparalelas.com.ar\/sitio\/wp-json\/wp\/v2\/types\/post"}],"author":[{"embeddable":true,"href":"https:\/\/vocesparalelas.com.ar\/sitio\/wp-json\/wp\/v2\/users\/3"}],"replies":[{"embeddable":true,"href":"https:\/\/vocesparalelas.com.ar\/sitio\/wp-json\/wp\/v2\/comments?post=87482"}],"version-history":[{"count":3,"href":"https:\/\/vocesparalelas.com.ar\/sitio\/wp-json\/wp\/v2\/posts\/87482\/revisions"}],"predecessor-version":[{"id":87498,"href":"https:\/\/vocesparalelas.com.ar\/sitio\/wp-json\/wp\/v2\/posts\/87482\/revisions\/87498"}],"wp:featuredmedia":[{"embeddable":true,"href":"https:\/\/vocesparalelas.com.ar\/sitio\/wp-json\/wp\/v2\/media\/87485"}],"wp:attachment":[{"href":"https:\/\/vocesparalelas.com.ar\/sitio\/wp-json\/wp\/v2\/media?parent=87482"}],"wp:term":[{"taxonomy":"category","embeddable":true,"href":"https:\/\/vocesparalelas.com.ar\/sitio\/wp-json\/wp\/v2\/categories?post=87482"},{"taxonomy":"post_tag","embeddable":true,"href":"https:\/\/vocesparalelas.com.ar\/sitio\/wp-json\/wp\/v2\/tags?post=87482"}],"curies":[{"name":"wp","href":"https:\/\/api.w.org\/{rel}","templated":true}]}}