{"id":87476,"date":"2025-06-10T22:17:14","date_gmt":"2025-06-11T01:17:14","guid":{"rendered":"https:\/\/vocesparalelas.com.ar\/sitio\/?p=87476"},"modified":"2025-06-10T22:28:46","modified_gmt":"2025-06-11T01:28:46","slug":"el-11-de-junio-se-desarrollan-las-elecciones-2025-en-la-unsj","status":"publish","type":"post","link":"https:\/\/vocesparalelas.com.ar\/sitio\/el-11-de-junio-se-desarrollan-las-elecciones-2025-en-la-unsj\/","title":{"rendered":"El 11 de Junio se desarrollan las Elecciones 2025 en la UNSJ"},"content":{"rendered":"<p>Por decimotercera vez desde el regreso de la Democracia, la comunidad de la Universidad Nacional de San Juan concurre el Mi\u00e9rcoles, 11 de Junio a las urnas para definir qui\u00e9nes son las nuevas autoridades que gu\u00eden la gesti\u00f3n durante 2025 &#8211; 2029.<\/p>\n<p>Cerca de 8.500 estudiantes, 2900 docentes, 7400 egresados\/as y 996 nodocentes, votan durante una jornada de 9 a 21 hs.; excepto en la Delegaci\u00f3n Valles Sanjuaninos, donde los comicios finalizan a las 17 hs.<\/p>\n<p>Es la ocasi\u00f3n n\u00famero 13 desde 1986, la comunidad de la UNSJ vota para elegir rector\/a, vice, decanos\/as y vice, como as\u00ed tambi\u00e9n consejeros superiores y consejeros directivos, y adem\u00e1s director\/a y vicedirector\/a e integrantes del Consejo Directivo de la Escuela Universitaria de Ciencias de la Salud (EUCS).<\/p>\n<p>Tres f\u00f3rmulas se presentan para conducir el Rectorado, en tanto que en las facultades la situaci\u00f3n es dis\u00edmil: mientras que la Facultad de Ciencias Sociales (FACSO), la Facultad de Ingenier\u00eda (FI) y la Facultad de Arquitectura, Urbanismo y Dise\u00f1o (FAUD) tienen 3 f\u00f3rmulas compitiendo por el decanato, en la Facultad de Filosof\u00eda, Humanidades y Artes (FFHA) habr\u00e1 dos f\u00f3rmulas disputando la conducci\u00f3n. Tanto en la Facultad de Ciencias Exactas, F\u00edsicas y Naturales (FCEFN) como en la Escuela Universitaria de Ciencias de la Salud (EUCS) se presentaron 4 f\u00f3rmulas para la conducci\u00f3n. En 4 de estas unidades (FACSO, FCEFN, FFHA y EUCS) sus actuales conducciones aspiran a la reelecci\u00f3n, y se da la particularidad de que dos de los tres aspirantes al sill\u00f3n de Rectorado pertenecen a la misma facultad (FAUD).<\/p>\n<p>Hasta la modificaci\u00f3n del r\u00e9gimen electoral, en 2002, la elecci\u00f3n del rector\/a y vicerrector\/a era una atribuci\u00f3n exclusiva de la Asamblea Universitaria, conformada por los consejeros superiores y consejeros directivos de las cinco facultades, todos elegidos por voto directo y los cinco decanos, electos por los consejos directivos de sus respectivas facultades.<\/p>\n<p>Desde el a\u00f1o 2002, las autoridades universitarias se eligen por voto directo, posicionando as\u00ed a la UNSJ como una de las primeras universidades del pa\u00eds en dejar atr\u00e1s el sistema de elecci\u00f3n en asamblea.<\/p>\n<p><span style=\"color: #0000ff;\"><b>\u00bfQu\u00e9 se elige?<\/b><\/span><\/p>\n<p>Por el Estamento Docente, los miembros del Consejo Superior (CS) que se eligen son 3 Titulares y 3 Suplentes por cada una de las 5 Facultades, en tanto que por la Escuela Universitaria de Ciencias de la Salud (EUCS) se elige 1; por los Consejos Directivos (CD) de cada Facultad se eligen 8 Titulares y 8 Suplentes, y por la EUCS se eligen 4 titulares y 4 suplentes.<\/p>\n<p>En cuanto a los representantes del Estamento Egresado en el CS, se elige 1 Titular y 1 Suplente por cada Facultad. Para CD, 2 Titulares y 2 Suplentes por cada Facultad y 1 titular y un suplente por la EUCS.<\/p>\n<p>Respecto del Estamento Nodocente son elegidos para conformar el CS 4 Titulares y 8 Suplentes; en tanto que para los CD se definen 2 Titulares y 4 Suplentes por cada Facultad y 1 representante en la EUCS.<\/p>\n<p>Por el lado del Estamento Alumno, se eligen para el CS 8 Titulares y 8 Suplentes; mientras que para los CD de cada Facultad ser\u00e1n seleccionados 4 Titulares y 4 Suplentes. Por la EUCS se eligen 2 estudiantes al CD.<\/p>\n<p><span style=\"color: #0000ff;\"><b>\u00bfQui\u00e9nes votan?<\/b><\/span><\/p>\n<p>En el acto eleccionario emiten su sufragio los y las Docentes de las Facultades, de la Escuela Universitaria de Ciencias de la Salud y de los tres Institutos Preuniversitarios; Estudiantes Universitarios y egresados\/as de todas las carreras y nodocentes de toda la universidad. Seg\u00fan la Junta Electoral, se estima que cerca de 20.000 personas estar\u00e1n habilitadas para participar de las elecciones, pertenecientes a los cuatro estamentos de la UNSJ.<\/p>\n<p><span style=\"color: #0000ff;\"><b>\u00bfD\u00f3nde se vota?<\/b><\/span><\/p>\n<p>La Junta Electoral de la UNSJ ha determinado un total de 99 mesas, una de las cuales estar\u00e1 ubicada en la Delegaci\u00f3n Valles Sanjuaninos. De ese total, 19 mesas corresponden al estamento Docente, 11 al Nodocente, 34 al estamento Estudiantes y 34 a Egresados. Cada unidad, incluidos el Rectorado y los Institutos Preuniversitarios, han dispuesto las locaciones en que estas mesas estan ubicadas.<\/p>\n<p><span style=\"color: #0000ff;\"><b>Segunda Vuelta<\/b><\/span><\/p>\n<p>El sistema electoral que se aplica en la UNSJ establece, en caso de ser necesario, la realizaci\u00f3n de una \u201csegunda vuelta\u201d o balotaje para determinar la f\u00f3rmula ganadora. Seg\u00fan el Estatuto de la UNSJ, para que una dupla de candidatos se consagre ganadora, debe obtener mayor\u00eda absoluta de votos equivalentes (50 + 1) De ser necesario, se realiza un balotaje entre las dos f\u00f3rmulas m\u00e1s votadas. Lo mismo corre para las y los candidatos a decanato.<\/p>\n<p>De acuerdo con el Calendario Electoral, la fecha estipulada para la segunda vuelta es el 23 de Junio de 2025.<\/p>\n<p><span style=\"color: #0000ff;\"><b>\u00bfQui\u00e9nes gobernaron la UNSJ?<\/b><\/span><\/p>\n<p>La UNSJ tuvo seis rectores desde la vuelta de la democracia, cuatro de ellos ingenieros y dos, arquitectos. Cinco mujeres fueron vicerrectoras: Cristina Krause, Norma Rossa, Nelly Filippa, M\u00f3nica Coca y Anal\u00eda Ponce.<\/p>\n<p>Las primeras elecciones de la democracia se realizaron en 1986 y result\u00f3 ganadora la f\u00f3rmula integrada por Sebasti\u00e1n Villar y Cristina Krause. A la par de normalizarse los \u00f3rganos de gobierno, tambi\u00e9n se normalizaron los Centros de Estudiantes, con gran participaci\u00f3n de las agrupaciones surgidas de las filas juveniles de la militancia pol\u00edtica de la \u00e9poca. Desde la modificaci\u00f3n del estatuto realizada durante la gesti\u00f3n de Benjam\u00edn Kuchen, las elecciones en la UNSJ se realizan por voto directo de los representantes de los cuatro estamentos, docentes, estudiantes, PAU y egresados. Tambi\u00e9n se elimin\u00f3 la reelecci\u00f3n indefinida de rector y decanos desde 2009, permiti\u00e9ndola una sola vez.<\/p>\n<p><span style=\"color: #0000ff;\"><b>Las siguientes duplas ocuparon los cargos de rector y vice, desde 1986 a la fecha:<\/b><\/span><\/p>\n<ul>\n<li>1986 a 1988: Arq. Sebasti\u00e1n Villar &#8211; Prof. Cristina Krause<\/li>\n<li>1988 a 1990: Ing. Tulio Del Bono &#8211; Prof. Veremundo Fern\u00e1ndez<\/li>\n<li>1990 a 1993: Ing. Tulio Del Bono &#8211; Lic. Pedro Mallea (se elev\u00f3 la duraci\u00f3n del mandato a 3 a\u00f1os)<\/li>\n<li>1993 a 1996: Ing. Tulio Del Bono &#8211; Lic. Pedro Mallea<\/li>\n<li>1996 a 1999: Ing. Tulio Del Bono &#8211; Lic. Pedro Mallea<\/li>\n<li>1999 a 2002: Arq. Romeo Platero &#8211; Ing. Emilio Fern\u00e1ndez<\/li>\n<li>2002 a 2005: Ing. Benjam\u00edn Kuchen &#8211; Arq. Carlos D\u00edaz Cano<\/li>\n<li>2005 a 2008: Ing. Benjam\u00edn Kuchen &#8211; Lic. Norma Rossa (se elev\u00f3 la duraci\u00f3n del mandato a 4 a\u00f1os)<\/li>\n<li>2008 a 2012: Ing. Benjam\u00edn Kuchen &#8211; Lic.\u00a0Nelly Filippa<\/li>\n<li>2012 a 2016: Ing. Oscar Nasisi &#8211; Lic. M\u00f3nica Coca<\/li>\n<li>2016 a 2021: Ing. Oscar Nasisi \u2013 Lic. M\u00f3nica Coca (fallecida)<\/li>\n<li>2021-2025: Ing. Tadeo Berenguer \u2013 Mag. Anal\u00eda Ponce<\/li>\n<\/ul>\n<p>&nbsp;<\/p>\n<p><img loading=\"lazy\" decoding=\"async\" class=\"alignnone size-full wp-image-79515\" src=\"https:\/\/vocesparalelas.com.ar\/sitio\/wp-content\/uploads\/2024\/11\/UNSJ-LOGO-01.jpg\" alt=\"\" width=\"800\" height=\"459\" srcset=\"https:\/\/vocesparalelas.com.ar\/sitio\/wp-content\/uploads\/2024\/11\/UNSJ-LOGO-01.jpg 800w, https:\/\/vocesparalelas.com.ar\/sitio\/wp-content\/uploads\/2024\/11\/UNSJ-LOGO-01-300x172.jpg 300w, https:\/\/vocesparalelas.com.ar\/sitio\/wp-content\/uploads\/2024\/11\/UNSJ-LOGO-01-768x441.jpg 768w\" sizes=\"auto, (max-width: 800px) 100vw, 800px\" \/><\/p>\n","protected":false},"excerpt":{"rendered":"<p>Por decimotercera vez desde el regreso de la Democracia, la comunidad de la Universidad Nacional de San Juan concurre el<\/p>\n","protected":false},"author":3,"featured_media":36750,"comment_status":"closed","ping_status":"closed","sticky":false,"template":"","format":"standard","meta":{"_acf_changed":false,"_seopress_robots_primary_cat":"none","_seopress_titles_title":"","_seopress_titles_desc":"","_seopress_robots_index":"","colormag_page_container_layout":"default_layout","colormag_page_sidebar_layout":"default_layout","footnotes":""},"categories":[1],"tags":[],"class_list":["post-87476","post","type-post","status-publish","format-standard","has-post-thumbnail","hentry","category-destacadas"],"acf":[],"_links":{"self":[{"href":"https:\/\/vocesparalelas.com.ar\/sitio\/wp-json\/wp\/v2\/posts\/87476","targetHints":{"allow":["GET"]}}],"collection":[{"href":"https:\/\/vocesparalelas.com.ar\/sitio\/wp-json\/wp\/v2\/posts"}],"about":[{"href":"https:\/\/vocesparalelas.com.ar\/sitio\/wp-json\/wp\/v2\/types\/post"}],"author":[{"embeddable":true,"href":"https:\/\/vocesparalelas.com.ar\/sitio\/wp-json\/wp\/v2\/users\/3"}],"replies":[{"embeddable":true,"href":"https:\/\/vocesparalelas.com.ar\/sitio\/wp-json\/wp\/v2\/comments?post=87476"}],"version-history":[{"count":3,"href":"https:\/\/vocesparalelas.com.ar\/sitio\/wp-json\/wp\/v2\/posts\/87476\/revisions"}],"predecessor-version":[{"id":87481,"href":"https:\/\/vocesparalelas.com.ar\/sitio\/wp-json\/wp\/v2\/posts\/87476\/revisions\/87481"}],"wp:featuredmedia":[{"embeddable":true,"href":"https:\/\/vocesparalelas.com.ar\/sitio\/wp-json\/wp\/v2\/media\/36750"}],"wp:attachment":[{"href":"https:\/\/vocesparalelas.com.ar\/sitio\/wp-json\/wp\/v2\/media?parent=87476"}],"wp:term":[{"taxonomy":"category","embeddable":true,"href":"https:\/\/vocesparalelas.com.ar\/sitio\/wp-json\/wp\/v2\/categories?post=87476"},{"taxonomy":"post_tag","embeddable":true,"href":"https:\/\/vocesparalelas.com.ar\/sitio\/wp-json\/wp\/v2\/tags?post=87476"}],"curies":[{"name":"wp","href":"https:\/\/api.w.org\/{rel}","templated":true}]}}