{"id":87472,"date":"2025-06-10T21:57:27","date_gmt":"2025-06-11T00:57:27","guid":{"rendered":"https:\/\/vocesparalelas.com.ar\/sitio\/?p=87472"},"modified":"2025-06-12T01:05:51","modified_gmt":"2025-06-12T04:05:51","slug":"inscrpcion-en-la-junta-de-calificacion-y-clasificacion-de-gabinetes-tecnicos-interdisciplinarios-de-san-juan","status":"publish","type":"post","link":"https:\/\/vocesparalelas.com.ar\/sitio\/inscrpcion-en-la-junta-de-calificacion-y-clasificacion-de-gabinetes-tecnicos-interdisciplinarios-de-san-juan\/","title":{"rendered":"Inscrpci\u00f3n en la Junta de Calificaci\u00f3n y Clasificaci\u00f3n de Gabinetes T\u00e9cnicos Interdisciplinarios de San Juan"},"content":{"rendered":"<p>El Ministerio de Educaci\u00f3n del Gobierno de San Juan informa que la Junta de Calificaci\u00f3n y Clasificaci\u00f3n de Gabinetes T\u00e9cnicos Interdisciplinarios llama a inscripci\u00f3n anual para ingreso e interinatos y suplencias 2026 del primer grado del escalaf\u00f3n de los Gabinetes T\u00e9cnicos Interdisciplinarios de Educaci\u00f3n.<\/p>\n<p>Se convoca a los profesionales a inscripci\u00f3n para ingreso e interinatos y suplencias de Gabinetes T\u00e9cnicos Interdisciplinarios de Educaci\u00f3n, de acuerdo a la Resoluci\u00f3n N\u00b0 9417-ME-2025 desde el 21 de Julio al 3 de Octubre de 2025, de 8 a 12 hs.; seg\u00fan el turno online estipulado.<\/p>\n<p>Para la inscripci\u00f3n debe solicitarse un turno online en<\/p>\n<p><a href=\"https:\/\/educacion.sanjuan.gob.ar\/\">https:\/\/educacion.sanjuan.gob.ar\/<\/a><\/p>\n<p>En la plataforma de la Junta de Calificaci\u00f3n y Clasificaci\u00f3n de Gabinetes T\u00e9cnicos Interdisciplinarios de Educaci\u00f3n que queda habilitada desde del 16 de Junio de 2025 hasta el 20 de Julio de 2025 inclusive.<\/p>\n<p>La inscripci\u00f3n se lleva a cabo en la sede de la Junta de Calificaci\u00f3n y Clasificaci\u00f3n de Gabinetes T\u00e9cnicos Interdisciplinarios de Educaci\u00f3n, en Hip\u00f3lito Yrigoyen 1515 Este esquina Circunvalaci\u00f3n.<\/p>\n<p>Para mayor informaci\u00f3n, llamar al tel\u00e9fono 4302345.<\/p>\n<p>El aspirante debe concurrir el d\u00eda estipulado con la documentaci\u00f3n ordenada y organizada seg\u00fan el valorador vigente, Resoluci\u00f3n N\u00b0 11213-ME-2016, la cual se encuentra en la plataforma del Ministerio de Educaci\u00f3n del Gobierno de San Juan.<\/p>\n<p>Debe completar los formulario de Solicitud de Inscripci\u00f3n y de Declaraci\u00f3n Jurada de Residencia, que se encuentran disponibles en la p\u00e1gina web del Ministerio de Educaci\u00f3n. Concurrir con las solicitudes ya impresas y completas.<\/p>\n<p>En cuanto a la Declaraci\u00f3n Jurada de Cargos puede ser requerida en Divisi\u00f3n Personal Docente o ser impresa desde la mencionada p\u00e1gina, seg\u00fan corresponda.<\/p>\n<p>&nbsp;<\/p>\n<p><img loading=\"lazy\" decoding=\"async\" class=\"alignnone size-full wp-image-28629\" src=\"https:\/\/vocesparalelas.com.ar\/sitio\/wp-content\/uploads\/2020\/05\/MINISTERIO-EDUCACION-SJ.jpg\" alt=\"\" width=\"800\" height=\"533\" srcset=\"https:\/\/vocesparalelas.com.ar\/sitio\/wp-content\/uploads\/2020\/05\/MINISTERIO-EDUCACION-SJ.jpg 800w, https:\/\/vocesparalelas.com.ar\/sitio\/wp-content\/uploads\/2020\/05\/MINISTERIO-EDUCACION-SJ-300x200.jpg 300w, https:\/\/vocesparalelas.com.ar\/sitio\/wp-content\/uploads\/2020\/05\/MINISTERIO-EDUCACION-SJ-768x512.jpg 768w\" sizes=\"auto, (max-width: 800px) 100vw, 800px\" \/><\/p>\n","protected":false},"excerpt":{"rendered":"<p>El Ministerio de Educaci\u00f3n del Gobierno de San Juan informa que la Junta de Calificaci\u00f3n y Clasificaci\u00f3n de Gabinetes T\u00e9cnicos<\/p>\n","protected":false},"author":3,"featured_media":64698,"comment_status":"closed","ping_status":"closed","sticky":false,"template":"","format":"standard","meta":{"_acf_changed":false,"_seopress_robots_primary_cat":"none","_seopress_titles_title":"","_seopress_titles_desc":"","_seopress_robots_index":"","colormag_page_container_layout":"default_layout","colormag_page_sidebar_layout":"default_layout","footnotes":""},"categories":[2],"tags":[],"class_list":["post-87472","post","type-post","status-publish","format-standard","has-post-thumbnail","hentry","category-convocatorias"],"acf":[],"_links":{"self":[{"href":"https:\/\/vocesparalelas.com.ar\/sitio\/wp-json\/wp\/v2\/posts\/87472","targetHints":{"allow":["GET"]}}],"collection":[{"href":"https:\/\/vocesparalelas.com.ar\/sitio\/wp-json\/wp\/v2\/posts"}],"about":[{"href":"https:\/\/vocesparalelas.com.ar\/sitio\/wp-json\/wp\/v2\/types\/post"}],"author":[{"embeddable":true,"href":"https:\/\/vocesparalelas.com.ar\/sitio\/wp-json\/wp\/v2\/users\/3"}],"replies":[{"embeddable":true,"href":"https:\/\/vocesparalelas.com.ar\/sitio\/wp-json\/wp\/v2\/comments?post=87472"}],"version-history":[{"count":1,"href":"https:\/\/vocesparalelas.com.ar\/sitio\/wp-json\/wp\/v2\/posts\/87472\/revisions"}],"predecessor-version":[{"id":87475,"href":"https:\/\/vocesparalelas.com.ar\/sitio\/wp-json\/wp\/v2\/posts\/87472\/revisions\/87475"}],"wp:featuredmedia":[{"embeddable":true,"href":"https:\/\/vocesparalelas.com.ar\/sitio\/wp-json\/"}],"wp:attachment":[{"href":"https:\/\/vocesparalelas.com.ar\/sitio\/wp-json\/wp\/v2\/media?parent=87472"}],"wp:term":[{"taxonomy":"category","embeddable":true,"href":"https:\/\/vocesparalelas.com.ar\/sitio\/wp-json\/wp\/v2\/categories?post=87472"},{"taxonomy":"post_tag","embeddable":true,"href":"https:\/\/vocesparalelas.com.ar\/sitio\/wp-json\/wp\/v2\/tags?post=87472"}],"curies":[{"name":"wp","href":"https:\/\/api.w.org\/{rel}","templated":true}]}}