{"id":87386,"date":"2025-06-09T14:36:56","date_gmt":"2025-06-09T17:36:56","guid":{"rendered":"https:\/\/vocesparalelas.com.ar\/sitio\/?p=87386"},"modified":"2025-06-09T14:40:44","modified_gmt":"2025-06-09T17:40:44","slug":"se-firmo-el-contrato-para-la-finalizacion-de-la-1-etapa-del-edificio-9-de-julio-del-poder-judicial-de-san-juan","status":"publish","type":"post","link":"https:\/\/vocesparalelas.com.ar\/sitio\/se-firmo-el-contrato-para-la-finalizacion-de-la-1-etapa-del-edificio-9-de-julio-del-poder-judicial-de-san-juan\/","title":{"rendered":"Se firm\u00f3 el contrato para la finalizaci\u00f3n de la 1\u00b0 Etapa del Edificio 9 de Julio del Poder Judicial de San Juan"},"content":{"rendered":"<p>La Presidenta de la Corte de Justicia de San Juan, Dra. Adriana Garc\u00eda Nieto, junto a los ministros Dr. Juan Jos\u00e9 Victoria y Dr. Marcelo Jorge Lima; presidieron la firma del contrato con\u00a0 la Apoderada de la Empresa \u201cIng, Julio Nacusi Construcciones SRL\u201d, Lic. Alexandra F\u00e1tima Nacusi Reta, dando el \u00faltimo paso formal para comenzar con la Primera Etapa de la obra de Refuncionalizaci\u00f3n y puesta en funcionamiento del Edificio 9 de Julio.<\/p>\n<p>La firma del contrato se realiz\u00f3 el 9 de Junio de 2025, en la Sala de Situaci\u00f3n y Acuerdos de la Corte de Justicia. Participaron tambi\u00e9n el Secretario Administrativo de la Corte, Dr. Javier Vera, el Director de Servicios Generales del Poder Judicial, Ing. Eduardo Serrate y la Lic. Estefan\u00eda Nacusi por la empresa.<\/p>\n<p>En el contrato se especifican los t\u00e9rminos de la Licitaci\u00f3n P\u00fablica N\u00b0 02\/2025. Se prev\u00e9 que los trabajos comiencen la semana pr\u00f3xima y el plazo de ejecuci\u00f3n de la obra es de 365 d\u00edas corridos. El monto para la ejecuci\u00f3n de los trabajos en la Etapa I, es de 7.569.381.114,81 pesos.<\/p>\n<figure id=\"attachment_87390\" aria-describedby=\"caption-attachment-87390\" style=\"width: 800px\" class=\"wp-caption alignnone\"><img loading=\"lazy\" decoding=\"async\" class=\"size-full wp-image-87390\" src=\"https:\/\/vocesparalelas.com.ar\/sitio\/wp-content\/uploads\/2025\/06\/CORTE-JUSTICIA-CONTRATO-02.jpg\" alt=\"\" width=\"800\" height=\"453\" srcset=\"https:\/\/vocesparalelas.com.ar\/sitio\/wp-content\/uploads\/2025\/06\/CORTE-JUSTICIA-CONTRATO-02.jpg 800w, https:\/\/vocesparalelas.com.ar\/sitio\/wp-content\/uploads\/2025\/06\/CORTE-JUSTICIA-CONTRATO-02-300x170.jpg 300w, https:\/\/vocesparalelas.com.ar\/sitio\/wp-content\/uploads\/2025\/06\/CORTE-JUSTICIA-CONTRATO-02-768x435.jpg 768w\" sizes=\"auto, (max-width: 800px) 100vw, 800px\" \/><figcaption id=\"caption-attachment-87390\" class=\"wp-caption-text\">Presidenta de la Corte de Justicia de San Juan, Dra. Adriana Garc\u00eda Nieto<\/figcaption><\/figure>\n<p>&nbsp;<\/p>\n<figure id=\"attachment_87391\" aria-describedby=\"caption-attachment-87391\" style=\"width: 800px\" class=\"wp-caption alignnone\"><img loading=\"lazy\" decoding=\"async\" class=\"size-full wp-image-87391\" src=\"https:\/\/vocesparalelas.com.ar\/sitio\/wp-content\/uploads\/2025\/06\/CORTE-JUSTICIA-CONTRATO-03.jpg\" alt=\"\" width=\"800\" height=\"453\" srcset=\"https:\/\/vocesparalelas.com.ar\/sitio\/wp-content\/uploads\/2025\/06\/CORTE-JUSTICIA-CONTRATO-03.jpg 800w, https:\/\/vocesparalelas.com.ar\/sitio\/wp-content\/uploads\/2025\/06\/CORTE-JUSTICIA-CONTRATO-03-300x170.jpg 300w, https:\/\/vocesparalelas.com.ar\/sitio\/wp-content\/uploads\/2025\/06\/CORTE-JUSTICIA-CONTRATO-03-768x435.jpg 768w\" sizes=\"auto, (max-width: 800px) 100vw, 800px\" \/><figcaption id=\"caption-attachment-87391\" class=\"wp-caption-text\">Apoderada de la Empresa \u201cIng, Julio Nacusi Construcciones SRL\u201d, Lic. Alexandra F\u00e1tima Nacusi Reta<\/figcaption><\/figure>\n<p>La empresa result\u00f3 adjudicataria en orden a lo sugerido por la Comisi\u00f3n de Adjudicaci\u00f3n, por resultar la oferta m\u00e1s conveniente desde el punto de vista T\u00e9cnico-Econ\u00f3mico, tras un an\u00e1lisis comparativo con las ofertas oportunamente presentadas\u201d.<\/p>\n<p>Luego, la Presidenta de la Corte de Justicia de San Juan, Dra. Adriana Garc\u00eda Nieto, manifest\u00f3 que \u00abahora emprendemos un nuevo desaf\u00edo. Es una de las obras m\u00e1s importantes, no solo del Poder Judicial, sino de la provincia. Por eso es un gran logro. Ha sido mucho tiempo de trabajo\u201d.<\/p>\n<p>Posteriormente, la Apoderada de la Empresa \u201cIng, Julio Nacusi Construcciones SRL\u201d, Lic. Alexandra F\u00e1tima Nacusi Reta se\u00f1al\u00f3 que \u00abpara la empresa esta es una obra muy importante, una obra que nos sentimos muy honrados de poder realizar, la hemos estudiado mucho, tiene un plazo que es corto, es un a\u00f1o, as\u00ed que es una obra intensa y la verdad que la consideramos muy importante para la provincia porque va a unificar todo lo que es el Poder Judicial en toda una misma zona, creemos que es importante para la sociedad en general y para todo el sistema judicial\u201d.<\/p>\n<p><iframe loading=\"lazy\" title=\"Edificio 9 de Julio: Firma de contrato para la finalizaci\u00f3n de la primera etapa\" width=\"800\" height=\"450\" src=\"https:\/\/www.youtube.com\/embed\/J3NaIYEscyM?feature=oembed\" frameborder=\"0\" allow=\"accelerometer; autoplay; clipboard-write; encrypted-media; gyroscope; picture-in-picture; web-share\" referrerpolicy=\"strict-origin-when-cross-origin\" allowfullscreen><\/iframe><\/p>\n<p>La Primera Etapa de la obra consiste en acondicionar la infraestructura para dejar operativos los pisos segundo, primero, planta baja y subsuelo, entre los que se distribuir\u00e1n los fueros Civil de primera y segunda instancia, Laboral y Familia. Adem\u00e1s, alojar\u00e1 la Escuela Judicial y la Oficina de la Mujer. Para ello se contempla la instalaci\u00f3n de 459 puestos de trabajo; 14 Salas de Audiencias equipadas t\u00e9cnicamente con sistemas de audio y video para procesos orales y 10 Salas para Entrevistas para los Gabinetes T\u00e9cnicos del fuero de Familia.<\/p>\n<p>En una Segunda Etapa se prev\u00e9 el reacondicionamiento para los pisos tercero y cuarto, con destino a las \u00e1reas administrativas y la Corte de Justicia.<\/p>\n<p><img loading=\"lazy\" decoding=\"async\" class=\"alignnone size-full wp-image-62823\" src=\"https:\/\/vocesparalelas.com.ar\/sitio\/wp-content\/uploads\/2023\/08\/EDIFICIO-9-DE-JULIO.jpg\" alt=\"\" width=\"800\" height=\"600\" srcset=\"https:\/\/vocesparalelas.com.ar\/sitio\/wp-content\/uploads\/2023\/08\/EDIFICIO-9-DE-JULIO.jpg 800w, https:\/\/vocesparalelas.com.ar\/sitio\/wp-content\/uploads\/2023\/08\/EDIFICIO-9-DE-JULIO-300x225.jpg 300w, https:\/\/vocesparalelas.com.ar\/sitio\/wp-content\/uploads\/2023\/08\/EDIFICIO-9-DE-JULIO-768x576.jpg 768w\" sizes=\"auto, (max-width: 800px) 100vw, 800px\" \/><\/p>\n<p><strong><span style=\"color: #ff6600;\">Centro Judicial J\u00e1chal<\/span><\/strong><\/p>\n<p>En el marco de su visita al departamento J\u00e1chal, la Presidenta de la Corte de Justicia, Dra. Adriana Garc\u00eda Nieto, realiz\u00f3 el 5 de junio un recorrido por la obra del Centro Judicial de J\u00e1chal, junto al intendente del departamento Dr. Mat\u00edas Espejo; los jueces de la Segunda Circunscripci\u00f3n Judicial, Dr. Eduardo Vega y Dr. Domingo Castro; la jueza de Paz del departamento Iglesia, Dra. Victoria Aguilera; el subsecretario administrativo de la Corte, Dr. Mauricio Cerezo; el director de Servicios Generales del Poder Judicial, Ing. Eduardo Serrate y personal t\u00e9cnico de la repartici\u00f3n.<\/p>\n<p>El avance de obra hasta el momento es de un 40 %. Seg\u00fan detallaron en la visita oficial, este porcentaje coincide con la finalizaci\u00f3n de la obra gruesa, para dar comienzo a la etapa de terminaciones e instalaciones.<\/p>\n<p>El edificio tiene 3.200 metros cuadrados, que est\u00e1n desarrollados en cuatro plantas: un subsuelo, planta baja, primero y segundo. En el subsuelo se concentrar\u00e1n las salas de audiencia, que ser\u00e1n cuatro, y estar\u00e1n totalmente equipadas para oralidad. Tambi\u00e9n en el subsuelo funcionar\u00e1 la Alcaid\u00eda, que contar\u00e1 con circulaciones exclusivas para los detenidos de manera que no se crucen con el p\u00fablico, y tambi\u00e9n el Registro General Inmobiliario junto con \u00e1reas de apoyo t\u00e9cnico. En planta baja se ubicar\u00e1n las Defensor\u00edas Oficiales, Asesor\u00eda y el Ministerio P\u00fablico, adem\u00e1s del Data Center del \u00e1rea inform\u00e1tica. En el primer piso funcionar\u00e1 el Juzgado Multifuero y en el segundo piso el Juzgado de Paz y un espacio de usos m\u00faltiples. Se estima que la obra quedar\u00e1 finalizada a medidas del 2026.<\/p>\n<p><img loading=\"lazy\" decoding=\"async\" class=\"alignnone size-full wp-image-62371\" src=\"https:\/\/vocesparalelas.com.ar\/sitio\/wp-content\/uploads\/2023\/08\/CORTE-JUSTICIA-SAN-JUAN-01.jpg\" alt=\"\" width=\"800\" height=\"503\" srcset=\"https:\/\/vocesparalelas.com.ar\/sitio\/wp-content\/uploads\/2023\/08\/CORTE-JUSTICIA-SAN-JUAN-01.jpg 800w, https:\/\/vocesparalelas.com.ar\/sitio\/wp-content\/uploads\/2023\/08\/CORTE-JUSTICIA-SAN-JUAN-01-300x189.jpg 300w, https:\/\/vocesparalelas.com.ar\/sitio\/wp-content\/uploads\/2023\/08\/CORTE-JUSTICIA-SAN-JUAN-01-768x483.jpg 768w\" sizes=\"auto, (max-width: 800px) 100vw, 800px\" \/><\/p>\n","protected":false},"excerpt":{"rendered":"<p>La Presidenta de la Corte de Justicia de San Juan, Dra. Adriana Garc\u00eda Nieto, junto a los ministros Dr. Juan<\/p>\n","protected":false},"author":3,"featured_media":87389,"comment_status":"closed","ping_status":"closed","sticky":false,"template":"","format":"standard","meta":{"_acf_changed":false,"_seopress_robots_primary_cat":"none","_seopress_titles_title":"","_seopress_titles_desc":"","_seopress_robots_index":"","colormag_page_container_layout":"default_layout","colormag_page_sidebar_layout":"default_layout","footnotes":""},"categories":[1,7],"tags":[],"class_list":["post-87386","post","type-post","status-publish","format-standard","has-post-thumbnail","hentry","category-destacadas","category-videos"],"acf":[],"_links":{"self":[{"href":"https:\/\/vocesparalelas.com.ar\/sitio\/wp-json\/wp\/v2\/posts\/87386","targetHints":{"allow":["GET"]}}],"collection":[{"href":"https:\/\/vocesparalelas.com.ar\/sitio\/wp-json\/wp\/v2\/posts"}],"about":[{"href":"https:\/\/vocesparalelas.com.ar\/sitio\/wp-json\/wp\/v2\/types\/post"}],"author":[{"embeddable":true,"href":"https:\/\/vocesparalelas.com.ar\/sitio\/wp-json\/wp\/v2\/users\/3"}],"replies":[{"embeddable":true,"href":"https:\/\/vocesparalelas.com.ar\/sitio\/wp-json\/wp\/v2\/comments?post=87386"}],"version-history":[{"count":2,"href":"https:\/\/vocesparalelas.com.ar\/sitio\/wp-json\/wp\/v2\/posts\/87386\/revisions"}],"predecessor-version":[{"id":87395,"href":"https:\/\/vocesparalelas.com.ar\/sitio\/wp-json\/wp\/v2\/posts\/87386\/revisions\/87395"}],"wp:featuredmedia":[{"embeddable":true,"href":"https:\/\/vocesparalelas.com.ar\/sitio\/wp-json\/wp\/v2\/media\/87389"}],"wp:attachment":[{"href":"https:\/\/vocesparalelas.com.ar\/sitio\/wp-json\/wp\/v2\/media?parent=87386"}],"wp:term":[{"taxonomy":"category","embeddable":true,"href":"https:\/\/vocesparalelas.com.ar\/sitio\/wp-json\/wp\/v2\/categories?post=87386"},{"taxonomy":"post_tag","embeddable":true,"href":"https:\/\/vocesparalelas.com.ar\/sitio\/wp-json\/wp\/v2\/tags?post=87386"}],"curies":[{"name":"wp","href":"https:\/\/api.w.org\/{rel}","templated":true}]}}