{"id":87339,"date":"2025-06-06T12:30:12","date_gmt":"2025-06-06T15:30:12","guid":{"rendered":"https:\/\/vocesparalelas.com.ar\/sitio\/?p=87339"},"modified":"2025-06-08T11:38:20","modified_gmt":"2025-06-08T14:38:20","slug":"operativo-integral-del-arbolado-publico-en-rivadavia-de-san-juan","status":"publish","type":"post","link":"https:\/\/vocesparalelas.com.ar\/sitio\/operativo-integral-del-arbolado-publico-en-rivadavia-de-san-juan\/","title":{"rendered":"Operativo Integral del Arbolado P\u00fablico en Rivadavia de San Juan"},"content":{"rendered":"<div>La Municipalidad de la Ciudad de Rivadavia informa el Operativo Integral del Arbolado P\u00fablico, una iniciativa destinada a optimizar la calidad del arbolado urbano mediante pr\u00e1cticas responsables y sostenibles. Este operativo se desarrolla entre el 9 de Junio al 31 de Agosto.<\/div>\n<div><\/div>\n<div><span style=\"color: #008000;\"><strong>\u00bfQu\u00e9 es la formaci\u00f3n de especies?<\/strong><\/span><\/div>\n<div><\/div>\n<div>Este procedimiento consiste en guiar el crecimiento de los \u00e1rboles desde su etapa temprana mediante podas selectivas. El objetivo principal es garantizar una estructura equilibrada, fuerte y segura que permita el desarrollo saludable del \u00e1rbol. Entre las t\u00e9cnicas aplicadas se incluyen:<\/div>\n<ul>\n<li>Poda de formaci\u00f3n para eliminar ramas mal ubicadas o da\u00f1inas.<\/li>\n<li>Poda de elevaci\u00f3n para despejar la copa y permitir el paso peatonal y vehicular.<\/li>\n<\/ul>\n<div><strong><span style=\"color: #008000;\">\u00bfQu\u00e9 es el despeje de luminarias?<\/span><\/strong><\/div>\n<div><\/div>\n<div>El despeje de luminarias implica la poda de ramas que interfieren con el tendido el\u00e9ctrico o el alumbrado p\u00fablico. Este procedimiento es clave para prevenir cortocircuitos, interrupciones de energ\u00eda e incendios. Se realiza respetando una distancia de seguridad adecuada respecto a los cables.<\/div>\n<div><\/div>\n<div><strong><span style=\"color: #008000;\">Servicio gratuito y seguro<\/span><\/strong><\/div>\n<div><\/div>\n<div>El operativo es completamente gratuito y ser\u00e1 realizado por personal debidamente identificado. La Municipalidad recuerda a los vecinos que no se realizar\u00e1n cobros por este servicio y que, en caso de irregularidades, pueden denunciar situaciones de estafa llamando al 264 4435 809.<\/div>\n<div><\/div>\n<div>Este proyecto reafirma el compromiso del intendente Sergio Miodowsky con el cuidado del ambiente y la mejora de la calidad de vida en la ciudad.<\/div>\n<div><\/div>\n<div><img loading=\"lazy\" decoding=\"async\" class=\"alignnone size-full wp-image-66896\" src=\"https:\/\/vocesparalelas.com.ar\/sitio\/wp-content\/uploads\/2023\/12\/RIVADAVIA-LOGO-NUEVO.jpg\" alt=\"\" width=\"800\" height=\"533\" srcset=\"https:\/\/vocesparalelas.com.ar\/sitio\/wp-content\/uploads\/2023\/12\/RIVADAVIA-LOGO-NUEVO.jpg 800w, https:\/\/vocesparalelas.com.ar\/sitio\/wp-content\/uploads\/2023\/12\/RIVADAVIA-LOGO-NUEVO-300x200.jpg 300w, https:\/\/vocesparalelas.com.ar\/sitio\/wp-content\/uploads\/2023\/12\/RIVADAVIA-LOGO-NUEVO-768x512.jpg 768w\" sizes=\"auto, (max-width: 800px) 100vw, 800px\" \/><\/div>\n","protected":false},"excerpt":{"rendered":"<p>La Municipalidad de la Ciudad de Rivadavia informa el Operativo Integral del Arbolado P\u00fablico, una iniciativa destinada a optimizar la<\/p>\n","protected":false},"author":3,"featured_media":2434,"comment_status":"closed","ping_status":"closed","sticky":false,"template":"","format":"standard","meta":{"_acf_changed":false,"_seopress_robots_primary_cat":"none","_seopress_titles_title":"","_seopress_titles_desc":"","_seopress_robots_index":"","colormag_page_container_layout":"default_layout","colormag_page_sidebar_layout":"default_layout","footnotes":""},"categories":[6],"tags":[],"class_list":["post-87339","post","type-post","status-publish","format-standard","has-post-thumbnail","hentry","category-eventos"],"acf":[],"_links":{"self":[{"href":"https:\/\/vocesparalelas.com.ar\/sitio\/wp-json\/wp\/v2\/posts\/87339","targetHints":{"allow":["GET"]}}],"collection":[{"href":"https:\/\/vocesparalelas.com.ar\/sitio\/wp-json\/wp\/v2\/posts"}],"about":[{"href":"https:\/\/vocesparalelas.com.ar\/sitio\/wp-json\/wp\/v2\/types\/post"}],"author":[{"embeddable":true,"href":"https:\/\/vocesparalelas.com.ar\/sitio\/wp-json\/wp\/v2\/users\/3"}],"replies":[{"embeddable":true,"href":"https:\/\/vocesparalelas.com.ar\/sitio\/wp-json\/wp\/v2\/comments?post=87339"}],"version-history":[{"count":2,"href":"https:\/\/vocesparalelas.com.ar\/sitio\/wp-json\/wp\/v2\/posts\/87339\/revisions"}],"predecessor-version":[{"id":87343,"href":"https:\/\/vocesparalelas.com.ar\/sitio\/wp-json\/wp\/v2\/posts\/87339\/revisions\/87343"}],"wp:featuredmedia":[{"embeddable":true,"href":"https:\/\/vocesparalelas.com.ar\/sitio\/wp-json\/wp\/v2\/media\/2434"}],"wp:attachment":[{"href":"https:\/\/vocesparalelas.com.ar\/sitio\/wp-json\/wp\/v2\/media?parent=87339"}],"wp:term":[{"taxonomy":"category","embeddable":true,"href":"https:\/\/vocesparalelas.com.ar\/sitio\/wp-json\/wp\/v2\/categories?post=87339"},{"taxonomy":"post_tag","embeddable":true,"href":"https:\/\/vocesparalelas.com.ar\/sitio\/wp-json\/wp\/v2\/tags?post=87339"}],"curies":[{"name":"wp","href":"https:\/\/api.w.org\/{rel}","templated":true}]}}