{"id":87335,"date":"2025-06-06T12:03:26","date_gmt":"2025-06-06T15:03:26","guid":{"rendered":"https:\/\/vocesparalelas.com.ar\/sitio\/?p=87335"},"modified":"2025-06-07T13:33:53","modified_gmt":"2025-06-07T16:33:53","slug":"ciclo-cultural-musical-volver-a-la-cancion-en-el-chalet-cantoni-de-san-juan","status":"publish","type":"post","link":"https:\/\/vocesparalelas.com.ar\/sitio\/ciclo-cultural-musical-volver-a-la-cancion-en-el-chalet-cantoni-de-san-juan\/","title":{"rendered":"Ciclo Cultural Musical \u00abVolver a la canci\u00f3n\u00bb en el Chalet Cantoni de San Juan"},"content":{"rendered":"<p>Durante Junio y Julio, el Chalet Cantoni se convierte en escenario de un ciclo especial cultural que promete una experiencia musical diferente: \u00abVolver a la canci\u00f3n\u00bb, una propuesta que invita al p\u00fablico a reconectar con la esencia de la m\u00fasica a trav\u00e9s de encuentros \u00edntimos entre artistas y espectadores.<\/p>\n<p>La iniciativa busca celebrar la palabra cantada como camino y veh\u00edculo de expresi\u00f3n, en un formato que privilegia la cercan\u00eda y la autenticidad. En cada jornada, cantantes de distintos g\u00e9neros compartir\u00e1n su obra con un instrumento, la voz y una historia que contar.<\/p>\n<p>El ciclo se inaugura el S\u00e1bado, 7 de Junio, a las 19 hs.; con entrada libre y gratuita; y cuenta con las presentaciones de Eugenia Renata y Fabricio P\u00e9rez, quienes abren esta serie de encuentros musicales con un repertorio que promete sensibilidad, identidad y conexi\u00f3n directa con el p\u00fablico.<\/p>\n<figure id=\"attachment_77863\" aria-describedby=\"caption-attachment-77863\" style=\"width: 800px\" class=\"wp-caption alignnone\"><img loading=\"lazy\" decoding=\"async\" class=\"size-full wp-image-77863\" src=\"https:\/\/vocesparalelas.com.ar\/sitio\/wp-content\/uploads\/2024\/10\/CHALET-CANTONI-NUEVO.jpg\" alt=\"\" width=\"800\" height=\"533\" srcset=\"https:\/\/vocesparalelas.com.ar\/sitio\/wp-content\/uploads\/2024\/10\/CHALET-CANTONI-NUEVO.jpg 800w, https:\/\/vocesparalelas.com.ar\/sitio\/wp-content\/uploads\/2024\/10\/CHALET-CANTONI-NUEVO-300x200.jpg 300w, https:\/\/vocesparalelas.com.ar\/sitio\/wp-content\/uploads\/2024\/10\/CHALET-CANTONI-NUEVO-768x512.jpg 768w\" sizes=\"auto, (max-width: 800px) 100vw, 800px\" \/><figcaption id=\"caption-attachment-77863\" class=\"wp-caption-text\">Chalet Cantoni, Departamento Rivadavia, Provincia San Juan, Rep\u00fablica Argentita<\/figcaption><\/figure>\n","protected":false},"excerpt":{"rendered":"<p>Durante Junio y Julio, el Chalet Cantoni se convierte en escenario de un ciclo especial cultural que promete una experiencia<\/p>\n","protected":false},"author":3,"featured_media":50100,"comment_status":"closed","ping_status":"closed","sticky":false,"template":"","format":"standard","meta":{"_acf_changed":false,"_seopress_robots_primary_cat":"none","_seopress_titles_title":"","_seopress_titles_desc":"","_seopress_robots_index":"","colormag_page_container_layout":"default_layout","colormag_page_sidebar_layout":"default_layout","footnotes":""},"categories":[20],"tags":[],"class_list":["post-87335","post","type-post","status-publish","format-standard","has-post-thumbnail","hentry","category-cartelera"],"acf":[],"_links":{"self":[{"href":"https:\/\/vocesparalelas.com.ar\/sitio\/wp-json\/wp\/v2\/posts\/87335","targetHints":{"allow":["GET"]}}],"collection":[{"href":"https:\/\/vocesparalelas.com.ar\/sitio\/wp-json\/wp\/v2\/posts"}],"about":[{"href":"https:\/\/vocesparalelas.com.ar\/sitio\/wp-json\/wp\/v2\/types\/post"}],"author":[{"embeddable":true,"href":"https:\/\/vocesparalelas.com.ar\/sitio\/wp-json\/wp\/v2\/users\/3"}],"replies":[{"embeddable":true,"href":"https:\/\/vocesparalelas.com.ar\/sitio\/wp-json\/wp\/v2\/comments?post=87335"}],"version-history":[{"count":1,"href":"https:\/\/vocesparalelas.com.ar\/sitio\/wp-json\/wp\/v2\/posts\/87335\/revisions"}],"predecessor-version":[{"id":87338,"href":"https:\/\/vocesparalelas.com.ar\/sitio\/wp-json\/wp\/v2\/posts\/87335\/revisions\/87338"}],"wp:featuredmedia":[{"embeddable":true,"href":"https:\/\/vocesparalelas.com.ar\/sitio\/wp-json\/wp\/v2\/media\/50100"}],"wp:attachment":[{"href":"https:\/\/vocesparalelas.com.ar\/sitio\/wp-json\/wp\/v2\/media?parent=87335"}],"wp:term":[{"taxonomy":"category","embeddable":true,"href":"https:\/\/vocesparalelas.com.ar\/sitio\/wp-json\/wp\/v2\/categories?post=87335"},{"taxonomy":"post_tag","embeddable":true,"href":"https:\/\/vocesparalelas.com.ar\/sitio\/wp-json\/wp\/v2\/tags?post=87335"}],"curies":[{"name":"wp","href":"https:\/\/api.w.org\/{rel}","templated":true}]}}